{"id":120012,"date":"2023-08-28T12:35:07","date_gmt":"2023-08-28T12:35:07","guid":{"rendered":"https:\/\/haberulus.net\/?p=120012"},"modified":"2023-08-28T12:35:07","modified_gmt":"2023-08-28T12:35:07","slug":"luis-rubialesin-annesi-aclik-grevine-basladi","status":"publish","type":"post","link":"https:\/\/haberulus.net\/?p=120012","title":{"rendered":"Luis Rubiales\u2019in annesi a\u00e7l\u0131k grevine ba\u015flad\u0131"},"content":{"rendered":"<p>\u0130spanya Futbol Federasyonu (RFEF) Ba\u015fkan\u0131 Luis Rubiales, \u0130spanya A Milli Kad\u0131n Futbol Tak\u0131m\u0131\u2019n\u0131n 20 A\u011fustos\u2019ta Sidney\u2019de D\u00fcnya Kupas\u0131\u2019n\u0131 kazanmas\u0131n\u0131n ard\u0131ndan \u00f6d\u00fcl t\u00f6reninde futbolcu Jenni Hermoso\u2019yu r\u0131zas\u0131 d\u0131\u015f\u0131nda duda\u011f\u0131ndan \u00f6pt\u00fc\u011f\u00fc i\u00e7in FIFA taraf\u0131ndan t\u00fcm m\u00fcsabakalar i\u00e7in 90 g\u00fcnl\u00fck men cezas\u0131na \u00e7arpt\u0131r\u0131lm\u0131\u015ft\u0131.<\/p>\n<p>Luis Rubiales\u2019in annesi Angeles Bejar, kendisini bir kiliseye kapatarak a\u00e7l\u0131k grevine ba\u015flad\u0131. EFE haber ajans\u0131n\u0131n haberine g\u00f6re, federasyon ba\u015fkan\u0131n\u0131n annesi Angeles Bejar, grevinin \u201cO\u011fluna kar\u015f\u0131 onun hak etmedi\u011fi bir \u015feyden \u00f6t\u00fcr\u00fc y\u00fcr\u00fct\u00fclen insanl\u0131k d\u0131\u015f\u0131 ve kanl\u0131 ava bir \u00e7\u00f6z\u00fcm bulunana kadar\u201d s\u00fcrece\u011fini s\u00f6yledi.<\/p>\n<p>Bejar, \u0130spanya\u2019n\u0131n g\u00fcneyindeki Motril\u2019de bulunan Divina Pastora kilisesinde, rahip ayr\u0131ld\u0131ktan sonra k\u0131z karde\u015fiyle birlikte kal\u0131yordu.<\/p>\n<p><b>HAREKET\u0130 B\u00dcY\u00dcK TEPK\u0130 \u00c7EKM\u0130\u015eT\u0130<\/b><\/p>\n<p>D\u00fcnya \u015eampiyonu olan \u0130spanya A Milli Kad\u0131n Futbol Tak\u0131m\u0131\u2019n\u0131n \u015fampiyonluk kutlamalar\u0131ndaki hareketlerinden dolay\u0131 gelen bask\u0131lara ra\u011fmen istifa etmeyece\u011fini a\u00e7\u0131klayan Luis Rubiales, \u0130spanya\u2019da sert tepkiyle kar\u015f\u0131la\u015fm\u0131\u015ft\u0131.<\/p>\n<p>Bir\u00e7ok kesimden sert ele\u015ftirilere neden olan olay sonras\u0131 \u0130spanya Profesyonel Futbolcular Birli\u011fi (Futpro) yaz\u0131l\u0131 a\u00e7\u0131klama yaparak, 81 futbolcunun mevcut federasyon y\u00f6neticilerinin g\u00f6revden al\u0131nana kadar \u0130spanya Milli Futbol Tak\u0131m\u0131\u2019nda oynamayacaklar\u0131n\u0131 duyurmu\u015ftu. Futpro, a\u00e7\u0131klamas\u0131nda 81 futbolcunun isimleriyle birlikte \u201cMevcut liderlerin devam etmesi halinde bu mektubu imzalayan hi\u00e7bir oyuncunun, Milli Tak\u0131mda oynamayacaklar\u0131n\u0131 belirtmek istiyoruz\u201d ifadelerini kullanm\u0131\u015ft\u0131.<\/p>\n<p>FIFA, 90 g\u00fcn hak mahrumiyeti cezas\u0131 verdi\u011fi Luis Rubiales\u2019e kendisi veya \u00fc\u00e7\u00fcnc\u00fc \u015fah\u0131slar arac\u0131l\u0131\u011f\u0131yla, \u0130spanyol milli futbol tak\u0131m\u0131n\u0131n profesyonel oyuncusu Jennifer Hermoso veya yak\u0131n \u00e7evresi ile temas kurmaktan veya temas kurmaya te\u015febb\u00fcs etmekten ka\u00e7\u0131nma talimat\u0131 verdi.<\/p>\n","protected":false},"excerpt":{"rendered":"<p>\u0130spanya Futbol Federasyonu Ba\u015fkan\u0131 Luis Rubiales&#8217;in annesi, kendisini bir kiliseye kapatarak a\u00e7l\u0131k grevine ba\u015flad\u0131.<\/p>\n","protected":false},"author":1,"featured_media":120013,"comment_status":"closed","ping_status":"open","sticky":false,"template":"","format":"standard","meta":{"footnotes":""},"categories":[31],"tags":[788,2089,599],"class_list":["post-120012","post","type-post","status-publish","format-standard","has-post-thumbnail","hentry","category-spor","tag-futbol","tag-ispanya","tag-milli"],"_links":{"self":[{"href":"https:\/\/haberulus.net\/index.php?rest_route=\/wp\/v2\/posts\/120012","targetHints":{"allow":["GET"]}}],"collection":[{"href":"https:\/\/haberulus.net\/index.php?rest_route=\/wp\/v2\/posts"}],"about":[{"href":"https:\/\/haberulus.net\/index.php?rest_route=\/wp\/v2\/types\/post"}],"author":[{"embeddable":true,"href":"https:\/\/haberulus.net\/index.php?rest_route=\/wp\/v2\/users\/1"}],"replies":[{"embeddable":true,"href":"https:\/\/haberulus.net\/index.php?rest_route=%2Fwp%2Fv2%2Fcomments&post=120012"}],"version-history":[{"count":1,"href":"https:\/\/haberulus.net\/index.php?rest_route=\/wp\/v2\/posts\/120012\/revisions"}],"predecessor-version":[{"id":120014,"href":"https:\/\/haberulus.net\/index.php?rest_route=\/wp\/v2\/posts\/120012\/revisions\/120014"}],"wp:featuredmedia":[{"embeddable":true,"href":"https:\/\/haberulus.net\/index.php?rest_route=\/wp\/v2\/media\/120013"}],"wp:attachment":[{"href":"https:\/\/haberulus.net\/index.php?rest_route=%2Fwp%2Fv2%2Fmedia&parent=120012"}],"wp:term":[{"taxonomy":"category","embeddable":true,"href":"https:\/\/haberulus.net\/index.php?rest_route=%2Fwp%2Fv2%2Fcategories&post=120012"},{"taxonomy":"post_tag","embeddable":true,"href":"https:\/\/haberulus.net\/index.php?rest_route=%2Fwp%2Fv2%2Ftags&post=120012"}],"curies":[{"name":"wp","href":"https:\/\/api.w.org\/{rel}","templated":true}]}}