{"id":120027,"date":"2023-08-28T13:05:03","date_gmt":"2023-08-28T13:05:03","guid":{"rendered":"https:\/\/haberulus.net\/?p=120027"},"modified":"2023-08-28T13:05:03","modified_gmt":"2023-08-28T13:05:03","slug":"ak-parti-olaganustu-kongreye-gidiyor-mkyk-toplantisi-sonrasi-tarih-netlesti","status":"publish","type":"post","link":"https:\/\/haberulus.net\/?p=120027","title":{"rendered":"AK Parti ola\u011fan\u00fcst\u00fc kongreye gidiyor! MKYK toplant\u0131s\u0131 sonras\u0131 tarih netle\u015fti"},"content":{"rendered":"<p> <strong>Ak Parti<\/strong> Merkez Karar Y\u00f6netim Kurulu (MKYK) bug\u00fcn saat 14.00&#8217;te AK Parti Genel Ba\u015fkan\u0131 ve Cumhurba\u015fkan\u0131 Recep Tayyip Erdo\u011fan ba\u015fkanl\u0131\u011f\u0131nda topland\u0131. Kongre \u00f6ncesi son kez ger\u00e7ekle\u015fen toplant\u0131 yar\u0131m saat s\u00fcrd\u00fc. Cumhurba\u015fkan\u0131 Erdo\u011fan, bu toplant\u0131da MKYK \u00fcyelerine te\u015fekk\u00fcr etti.<\/p>\n<p><b>KONGRE KARARI ALINDI<\/b><\/p>\n<p>Toplant\u0131da, AK Parti 4&#8217;\u00fcnc\u00fc Ola\u011fan\u00fcst\u00fc Kongresi&#8217;nin 7 Ekim&#8217;de yap\u0131lmas\u0131 karar\u0131 al\u0131nd\u0131. 12 Eyl\u00fcl g\u00fcn\u00fc ger\u00e7ekle\u015ftirilecek Merkez Y\u00fcr\u00fctme Kurulu&#8217;nda ise, te\u015fkilat ba\u015fkanl\u0131\u011f\u0131 taraf\u0131ndan 7 Ekim&#8217;de yap\u0131lacak ola\u011fan\u00fcst\u00fc kongrenin sunumu ger\u00e7ekle\u015ftirilecek ve kongrenin temas\u0131 olu\u015fturulacak.<\/p>\n<p><b>\u00c7EL\u0130K A\u00c7IKLAMA YAPACAK<\/b><\/p>\n<p>MKYK toplant\u0131s\u0131n\u0131n ard\u0131ndan AK Parti Genel Ba\u015fkan Yard\u0131mc\u0131s\u0131 ve Parti S\u00f6zc\u00fcs\u00fc \u00d6mer \u00c7elik&#8217;in saat 16.00&#8217;da bir a\u00e7\u0131klama yapmas\u0131 bekleniyor.<\/p>\n","protected":false},"excerpt":{"rendered":"<p>AK Parti Merkez Karar Y\u00f6netim Kurulu, AK Parti Genel Ba\u015fkan\u0131 ve Cumhurba\u015fkan\u0131 Erdo\u011fan ba\u015fkanl\u0131\u011f\u0131nda topland\u0131. Yar\u0131m saat s\u00fcren toplant\u0131da, AK Parti 4. Ola\u011fan\u00fcst\u00fc Kongresi&#8217;nin 7 Ekim&#8217;de yap\u0131lmas\u0131 kararla\u015ft\u0131r\u0131ld\u0131.<\/p>\n","protected":false},"author":1,"featured_media":120028,"comment_status":"closed","ping_status":"open","sticky":false,"template":"","format":"standard","meta":{"footnotes":""},"categories":[28],"tags":[3434,442],"class_list":["post-120027","post","type-post","status-publish","format-standard","has-post-thumbnail","hentry","category-politika","tag-kongre","tag-parti"],"_links":{"self":[{"href":"https:\/\/haberulus.net\/index.php?rest_route=\/wp\/v2\/posts\/120027","targetHints":{"allow":["GET"]}}],"collection":[{"href":"https:\/\/haberulus.net\/index.php?rest_route=\/wp\/v2\/posts"}],"about":[{"href":"https:\/\/haberulus.net\/index.php?rest_route=\/wp\/v2\/types\/post"}],"author":[{"embeddable":true,"href":"https:\/\/haberulus.net\/index.php?rest_route=\/wp\/v2\/users\/1"}],"replies":[{"embeddable":true,"href":"https:\/\/haberulus.net\/index.php?rest_route=%2Fwp%2Fv2%2Fcomments&post=120027"}],"version-history":[{"count":1,"href":"https:\/\/haberulus.net\/index.php?rest_route=\/wp\/v2\/posts\/120027\/revisions"}],"predecessor-version":[{"id":120029,"href":"https:\/\/haberulus.net\/index.php?rest_route=\/wp\/v2\/posts\/120027\/revisions\/120029"}],"wp:featuredmedia":[{"embeddable":true,"href":"https:\/\/haberulus.net\/index.php?rest_route=\/wp\/v2\/media\/120028"}],"wp:attachment":[{"href":"https:\/\/haberulus.net\/index.php?rest_route=%2Fwp%2Fv2%2Fmedia&parent=120027"}],"wp:term":[{"taxonomy":"category","embeddable":true,"href":"https:\/\/haberulus.net\/index.php?rest_route=%2Fwp%2Fv2%2Fcategories&post=120027"},{"taxonomy":"post_tag","embeddable":true,"href":"https:\/\/haberulus.net\/index.php?rest_route=%2Fwp%2Fv2%2Ftags&post=120027"}],"curies":[{"name":"wp","href":"https:\/\/api.w.org\/{rel}","templated":true}]}}