{"id":120048,"date":"2023-08-28T13:19:03","date_gmt":"2023-08-28T13:19:03","guid":{"rendered":"https:\/\/haberulus.net\/?p=120048"},"modified":"2023-08-28T13:19:03","modified_gmt":"2023-08-28T13:19:03","slug":"bahceliden-aksenerin-secime-ayri-ayri-girelim-onerisine-yanit-ciddiye-alinacak-bir-tarafi-yoktur","status":"publish","type":"post","link":"https:\/\/haberulus.net\/?p=120048","title":{"rendered":"Bah\u00e7eli&#8217;den Ak\u015fener&#8217;in &#8220;Se\u00e7ime ayr\u0131 ayr\u0131 girelim&#8221; \u00f6nerisine yan\u0131t: Ciddiye al\u0131nacak bir taraf\u0131 yoktur"},"content":{"rendered":"<p>MHP Genel Ba\u015fkan\u0131 Devlet Bah\u00e7eli&#8217;den \u0130Y\u0130 Parti Genel Ba\u015fkan\u0131 Meral Ak\u015fener&#8217;in &#8220;T\u00fcm siyasi partilere a\u00e7\u0131k ve net \u00e7a\u011fr\u0131da bulunmak istiyorum. Gelin her birimiz ayr\u0131 ayr\u0131 se\u00e7imlere girelim&#8221; \u00e7a\u011fr\u0131s\u0131na cevap geldi. Bah\u00e7eli, Ak\u015fener&#8217;in \u00e7a\u011fr\u0131s\u0131na ili\u015fkin &#8220;Bizim nazar\u0131m\u0131zda ciddiye al\u0131nacak bir taraf\u0131 yoktur. Se\u00e7ime ayr\u0131 girmek isteyenlerin elinden tutan, \u00f6n\u00fcne ge\u00e7en de yoktur&#8221; ifadelerini kulland\u0131.<\/p>\n<p><b>&#8220;\u0130\u015e B\u0130RL\u0130\u011e\u0130M\u0130Z S\u00dcRECEK&#8221; MESAJI <\/b><\/p>\n<p>31 Mart 2024&#8217;te yap\u0131lacak yerel se\u00e7imlerde Cumhur \u0130ttifak\u0131&#8217;n\u0131n t\u00fcm bile\u015fenleri olarak heves ve heyecan i\u00e7inde haz\u0131rlanacaklar\u0131n\u0131 dile getiren Bah\u00e7eli, &#8220;Milliyet\u00e7i Hareket Partisi, Cumhurba\u015fkanl\u0131\u011f\u0131 ve Milletvekilli\u011fi Genel Se\u00e7imlerinde Cumhur \u0130ttifak\u0131&#8217;n\u0131n do\u011fas\u0131na ve duru\u015funa m\u00fczahir siyasetiyle nas\u0131l m\u00fccadele etmi\u015fse, ayn\u0131s\u0131yla 31 Mart Mahalli \u0130dareler Se\u00e7imlerinde de ilkeli ve i\u015fbirli\u011fini esas alan tavr\u0131n\u0131 g\u00f6sterecektir&#8221; dedi. <\/p>\n<p><b>AK\u015eENER NE DEM\u0130\u015eT\u0130?<\/b><\/p>\n<p>Ak\u015fener, yerel se\u00e7ime ili\u015fkin yol haritas\u0131n\u0131 duyururken siyasi partilere \u00e7a\u011fr\u0131da bulunmu\u015f &#8220;\u00d6n\u00fcm\u00fczde yerel se\u00e7imler var. Yine t\u00fcm g\u00fcndemi say\u0131sal oranlar\u0131 yar\u0131\u015ft\u0131rarak ittifaklara \u00e7ekmeye \u00e7al\u0131\u015f\u0131yorlar. Yerel se\u00e7imi say\u0131sal ittifaklara y\u00f6nlendirirsek bu yereli ortadan kald\u0131rmak olur. Yerel se\u00e7imler \u00e7o\u011fulcu\u011fun ya\u015fad\u0131\u011f\u0131 yerdir. Yerel  <strong>se\u00e7im<\/strong>, genel  <strong>se\u00e7im<\/strong> de\u011fildir. \u00d6n\u00fcm\u00fczdeki yerel se\u00e7imlerde kendi kadrolar\u0131m\u0131zla milletin huzuruna \u00e7\u0131kaca\u011f\u0131z. T\u00fcm siyasi partilere a\u00e7\u0131k ve net \u00e7a\u011fr\u0131da bulunmak istiyorum. Gelin hep birlikte vatanda\u015flar\u0131n tercihlerini yans\u0131tacak rekabet ortam\u0131 olu\u015ftural\u0131m. Gelin her birimiz ayr\u0131 ayr\u0131 se\u00e7imlere girelim. Herhangi bir ilde herhangi bir il\u00e7ede hi\u00e7bir partiyle yan yana gelmeyece\u011fiz.&#8221; ifadelerini kullanm\u0131\u015ft\u0131.<\/p>\n","protected":false},"excerpt":{"rendered":"<p>MHP lideri Devlet Bah\u00e7eli, \u0130Y\u0130 Parti Genel Ba\u015fkan\u0131 Meral Ak\u015fener&#8217;in meydan okuyarak yerel se\u00e7imlere ayr\u0131 ayr\u0131 girme \u00e7a\u011fr\u0131s\u0131na &#8220;Bizim nazar\u0131m\u0131zda ciddiye al\u0131nacak bir taraf\u0131 yoktur. Se\u00e7ime ayr\u0131 girmek isteyenlerin elinden tutan, \u00f6n\u00fcne ge\u00e7en de yoktur&#8221; dedi.<\/p>\n","protected":false},"author":1,"featured_media":120049,"comment_status":"closed","ping_status":"open","sticky":false,"template":"","format":"standard","meta":{"footnotes":""},"categories":[28],"tags":[2375,442,320,5074,1935],"class_list":["post-120048","post","type-post","status-publish","format-standard","has-post-thumbnail","hentry","category-politika","tag-ayri","tag-parti","tag-secim","tag-secimler","tag-yerel"],"_links":{"self":[{"href":"https:\/\/haberulus.net\/index.php?rest_route=\/wp\/v2\/posts\/120048","targetHints":{"allow":["GET"]}}],"collection":[{"href":"https:\/\/haberulus.net\/index.php?rest_route=\/wp\/v2\/posts"}],"about":[{"href":"https:\/\/haberulus.net\/index.php?rest_route=\/wp\/v2\/types\/post"}],"author":[{"embeddable":true,"href":"https:\/\/haberulus.net\/index.php?rest_route=\/wp\/v2\/users\/1"}],"replies":[{"embeddable":true,"href":"https:\/\/haberulus.net\/index.php?rest_route=%2Fwp%2Fv2%2Fcomments&post=120048"}],"version-history":[{"count":1,"href":"https:\/\/haberulus.net\/index.php?rest_route=\/wp\/v2\/posts\/120048\/revisions"}],"predecessor-version":[{"id":120050,"href":"https:\/\/haberulus.net\/index.php?rest_route=\/wp\/v2\/posts\/120048\/revisions\/120050"}],"wp:featuredmedia":[{"embeddable":true,"href":"https:\/\/haberulus.net\/index.php?rest_route=\/wp\/v2\/media\/120049"}],"wp:attachment":[{"href":"https:\/\/haberulus.net\/index.php?rest_route=%2Fwp%2Fv2%2Fmedia&parent=120048"}],"wp:term":[{"taxonomy":"category","embeddable":true,"href":"https:\/\/haberulus.net\/index.php?rest_route=%2Fwp%2Fv2%2Fcategories&post=120048"},{"taxonomy":"post_tag","embeddable":true,"href":"https:\/\/haberulus.net\/index.php?rest_route=%2Fwp%2Fv2%2Ftags&post=120048"}],"curies":[{"name":"wp","href":"https:\/\/api.w.org\/{rel}","templated":true}]}}