{"id":120108,"date":"2023-08-28T14:49:02","date_gmt":"2023-08-28T14:49:02","guid":{"rendered":"https:\/\/haberulus.net\/?p=120108"},"modified":"2023-08-28T14:49:02","modified_gmt":"2023-08-28T14:49:02","slug":"libya-basbakani-israilli-mevkidasiyla-gorusen-disisleri-bakani-necla-el-mengusu-gorevden-aldi","status":"publish","type":"post","link":"https:\/\/haberulus.net\/?p=120108","title":{"rendered":"Libya Ba\u015fbakan\u0131, \u0130srailli mevkida\u015f\u0131yla g\u00f6r\u00fc\u015fen D\u0131\u015fi\u015fleri Bakan\u0131 Necla el-Mengu\u015f&#8217;u g\u00f6revden ald\u0131"},"content":{"rendered":"<p> <strong>Libya<\/strong> Ulusal Birlik H\u00fck\u00fcmeti Ba\u015fbakan\u0131 Abdulhamid Dibeybe, D\u0131\u015fi\u015fleri Bakan\u0131 Necla el-Mengu\u015f&#8217;u \u0130srail D\u0131\u015fi\u015fleri Bakan\u0131 Eli Cohen ile g\u00f6r\u00fc\u015fmesi nedeniyle a\u00e7\u0131\u011fa ald\u0131.<\/p>\n<p><b>HAKKINDA SORU\u015eTURMA BA\u015eLATILDI<\/b><\/p>\n<p> <strong>Libya<\/strong> Ulusal Birlik H\u00fck\u00fcmeti taraf\u0131ndan a\u00e7\u0131klanan 368 no&#8217;lu kararnamede, &#8220;<strong>Libya<\/strong> D\u0131\u015fi\u015fleri Bakan\u0131 Necla el-Mengu\u015f&#8217;un a\u00e7\u0131\u011fa al\u0131nmas\u0131 ve hakk\u0131nda soru\u015fturma a\u00e7\u0131lmas\u0131na karar verildi.&#8221; ifadeleri yer ald\u0131.<\/p>\n<p>Kararnamede Mengu\u015f ile ilgili soru\u015fturman\u0131n Libya Adalet Bakan\u0131 ba\u015fkanl\u0131\u011f\u0131nda olu\u015fturulacak komisyon taraf\u0131ndan yap\u0131laca\u011f\u0131 kaydedildi.<\/p>\n<p><img decoding=\"async\" src=\"https:\/\/i.hbrcdn.com\/haber\/2023\/08\/28\/libya-basbakani-israilli-mevkidasiyla-gorusen-16269291_3987_m.jpg\" alt=\"\" title=\"\"><\/p>\n<p><b>NE OLMU\u015eTU?<\/b><\/p>\n<p>\u0130srail D\u0131\u015fi\u015fleri Bakanl\u0131\u011f\u0131ndan d\u00fcn yap\u0131lan yaz\u0131l\u0131 a\u00e7\u0131klamada, &#8220;\u0130srail ve Libya d\u0131\u015fi\u015fleri bakanlar\u0131 aras\u0131nda tarihi bir toplant\u0131&#8221; yap\u0131ld\u0131\u011f\u0131 belirtilmi\u015fti. A\u00e7\u0131klamada, D\u0131\u015fi\u015fleri Bakan\u0131 Cohen&#8217;in ge\u00e7en hafta \u0130talya&#8217;n\u0131n ba\u015fkenti Roma&#8217;da Libyal\u0131 mevkida\u015f\u0131 Mengu\u015f ile bir araya geldi\u011fi toplant\u0131n\u0131n &#8220;iki \u00fclke aras\u0131nda i\u015fbirli\u011fi ve ili\u015fki olanaklar\u0131n\u0131n incelenmesini&#8221; ama\u00e7lad\u0131\u011f\u0131 kaydedilmi\u015fti.<\/p>\n<p><img decoding=\"async\" src=\"https:\/\/i.hbrcdn.com\/haber\/2023\/08\/28\/libya-basbakani-disisleri-bakani-najla-el-mangus-16269291_8055_o.jpg\" alt=\"\" title=\"\"><\/p>\n<p>G\u00f6r\u00fc\u015fmenin, iki \u00fclke d\u0131\u015fi\u015fleri bakanlar\u0131 aras\u0131nda yap\u0131lan &#8220;ilk toplant\u0131&#8221; oldu\u011funa dikkat \u00e7ekilen a\u00e7\u0131klamada, &#8220;Toplant\u0131da bakanlar, iki ulus aras\u0131ndaki tarihi ba\u011flar\u0131, Libya Yahudilerinin miras\u0131n\u0131, \u00fclkeler aras\u0131ndaki i\u015fbirli\u011fi olas\u0131l\u0131\u011f\u0131n\u0131, \u0130srail&#8217;in insani konularda, tar\u0131m, su y\u00f6netimi ve daha pek \u00e7ok konuda verebilece\u011fi yard\u0131m\u0131 tart\u0131\u015ft\u0131.&#8221; ifadeleri kullan\u0131lm\u0131\u015ft\u0131.<\/p>\n<p><b>L\u0130BYA  <i>\u0130SRA\u0130L&#8217;\u0130 <\/i> TANIMIYOR<\/b><\/p>\n<p>Kuzey Afrika \u00fclkesi Libya, \u0130srail&#8217;i tan\u0131m\u0131yor ve Tel Aviv ile diplomatik ili\u015fkileri bulunmuyor. Libya pasaportunda &#8220;i\u015fgal alt\u0131ndaki Filistin topraklar\u0131 (\u0130srail) d\u0131\u015f\u0131nda b\u00fct\u00fcn \u00fclkelere gidebilir&#8221; notu bulunuyor. Ayr\u0131ca \u0130srail ile ili\u015fki kurmak kanunen yasak.<\/p>\n<p><img decoding=\"async\" src=\"https:\/\/i.hbrcdn.com\/haber\/2023\/08\/28\/libya-basbakani-israilli-mevkidasiyla-gorusen-16269291_9115_m.jpg\" alt=\"\" title=\"\"><\/p>\n<p>Mengu\u015f&#8217;un \u0130srail D\u0131\u015fi\u015fleri Bakan\u0131 ile g\u00f6r\u00fc\u015ft\u00fc\u011f\u00fcn\u00fcn duyurulmas\u0131n\u0131n ard\u0131ndan, ba\u015fkent Trablus&#8217;un do\u011fusundaki Tacura b\u00f6lgesi, Zaviye ve Beni Velid kentlerinde protestolar d\u00fczenlenmi\u015f, Beni Velid&#8217;te \u0130srail bayra\u011f\u0131 yak\u0131lm\u0131\u015ft\u0131.<\/p>\n","protected":false},"excerpt":{"rendered":"<p>Libya D\u0131\u015fi\u015fleri Bakan\u0131 Necla el-Mengu\u015f&#8217;un, \u0130talya&#8217;n\u0131n ba\u015fkenti Roma&#8217;da \u0130srail D\u0131\u015fi\u015fleri Bakan\u0131 Eli Cohen ile g\u00f6r\u00fc\u015fmesi \u00fclkeyi aya\u011fa kald\u0131rd\u0131. Gelen tepkiler \u00fczerine Libya Ulusal Birlik H\u00fck\u00fcmeti Ba\u015fbakan\u0131 Abdulhamid Dibeybe, D\u0131\u015fi\u015fleri Bakan\u0131 Necla el-Mengu\u015f&#8217;u a\u00e7\u0131\u011fa ald\u0131.<\/p>\n","protected":false},"author":1,"featured_media":120109,"comment_status":"closed","ping_status":"open","sticky":false,"template":"","format":"standard","meta":{"footnotes":""},"categories":[28],"tags":[1038,349,5824,160],"class_list":["post-120108","post","type-post","status-publish","format-standard","has-post-thumbnail","hentry","category-politika","tag-disisleri-bakani","tag-israil","tag-libya","tag-ulke"],"_links":{"self":[{"href":"https:\/\/haberulus.net\/index.php?rest_route=\/wp\/v2\/posts\/120108","targetHints":{"allow":["GET"]}}],"collection":[{"href":"https:\/\/haberulus.net\/index.php?rest_route=\/wp\/v2\/posts"}],"about":[{"href":"https:\/\/haberulus.net\/index.php?rest_route=\/wp\/v2\/types\/post"}],"author":[{"embeddable":true,"href":"https:\/\/haberulus.net\/index.php?rest_route=\/wp\/v2\/users\/1"}],"replies":[{"embeddable":true,"href":"https:\/\/haberulus.net\/index.php?rest_route=%2Fwp%2Fv2%2Fcomments&post=120108"}],"version-history":[{"count":1,"href":"https:\/\/haberulus.net\/index.php?rest_route=\/wp\/v2\/posts\/120108\/revisions"}],"predecessor-version":[{"id":120110,"href":"https:\/\/haberulus.net\/index.php?rest_route=\/wp\/v2\/posts\/120108\/revisions\/120110"}],"wp:featuredmedia":[{"embeddable":true,"href":"https:\/\/haberulus.net\/index.php?rest_route=\/wp\/v2\/media\/120109"}],"wp:attachment":[{"href":"https:\/\/haberulus.net\/index.php?rest_route=%2Fwp%2Fv2%2Fmedia&parent=120108"}],"wp:term":[{"taxonomy":"category","embeddable":true,"href":"https:\/\/haberulus.net\/index.php?rest_route=%2Fwp%2Fv2%2Fcategories&post=120108"},{"taxonomy":"post_tag","embeddable":true,"href":"https:\/\/haberulus.net\/index.php?rest_route=%2Fwp%2Fv2%2Ftags&post=120108"}],"curies":[{"name":"wp","href":"https:\/\/api.w.org\/{rel}","templated":true}]}}