{"id":120117,"date":"2023-08-28T14:51:04","date_gmt":"2023-08-28T14:51:04","guid":{"rendered":"https:\/\/haberulus.net\/?p=120117"},"modified":"2023-08-28T14:51:04","modified_gmt":"2023-08-28T14:51:04","slug":"abden-genisleme-mesaji","status":"publish","type":"post","link":"https:\/\/haberulus.net\/?p=120117","title":{"rendered":"AB\u2019den geni\u015fleme mesaj\u0131"},"content":{"rendered":"<p>Slovenya\u2019daki Bled Stratejik Forumu\u2019nda konu\u015fma yapan Michel, AB\u2019nin geni\u015flemesine de\u011findi.<\/p>\n<p>Michel, \u00f6zellikle Bat\u0131 Balkan \u00fclkeleriyle Ukrayna ve Moldova\u2019ya at\u0131f yaparak AB\u2019nin geni\u015fleme zaman\u0131n\u0131n geldi\u011fini belirtti ancak \u015fu anda en uzun s\u00fcredir aday \u00fclke konumunda bulunan T\u00fcrkiye\u2019den bahsetmedi.<\/p>\n<p>\u201cBelirsizliklerden kurtulma, zorluklarla d\u00fcr\u00fcst\u00e7e ve a\u00e7\u0131kl\u0131kla y\u00fczle\u015fme zaman\u0131 gelmi\u015ftir.\u201d diyen Michel, Bat\u0131 Balkanlar\u2019a 20 y\u0131l \u00f6nce AB perspektifi sunuldu\u011funu hat\u0131rlatt\u0131.<\/p>\n<p><strong>\u201cHAYAL KIRIKLI\u011eINA U\u011eRATMI\u015eTIR\u201d<\/strong><\/p>\n<p>Michel, \u201cYava\u015fl\u0131k hem b\u00f6lgedeki hem de AB\u2019deki bir\u00e7oklar\u0131n\u0131 hayal k\u0131r\u0131kl\u0131\u011f\u0131na u\u011fratm\u0131\u015ft\u0131r. AB\u2019nin s\u00f6zlerini tutmas\u0131 gerekti\u011fini s\u00f6yleyen Almanya Ba\u015fbakan\u0131 Olaf Scholz\u2019a kat\u0131l\u0131yorum.\u201d diye konu\u015ftu.<\/p>\n<p>Rusya ile sava\u015fan Ukrayna\u2019ya da de\u011finen Michel, Haziran 2022\u2019de Moldova ve Ukrayna\u2019ya AB adayl\u0131k stat\u00fcs\u00fc verildi\u011fini hat\u0131rlatarak \u015f\u00f6yle devam etti:<\/p>\n<p>\u201cGeni\u015fleme art\u0131k hayal de\u011fil. Art\u0131k ilerleme zaman\u0131 gelmi\u015ftir. Hala yap\u0131lacak \u00e7ok i\u015f var. Geni\u015fleme zor, karma\u015f\u0131k ve m\u00fcstakbel \u00fcyelerle mevcutlar i\u00e7in ac\u0131l\u0131 olacakt\u0131r. Ama a\u00e7\u0131k olal\u0131m. G\u00fcvenilir olmak istiyorsak zamanlamadan ve kendi ev \u00f6devimizden de bahsetmek zorunday\u0131z. Bir \u00f6neri olarak \u015funu s\u00f6ylemek istiyorum. AB stratejik g\u00fcndemine haz\u0131rlan\u0131rken kendimize a\u00e7\u0131k bir hedef koymal\u0131y\u0131z. Her iki tarafta da 2030\u2019a kadar geni\u015fleme i\u00e7in kendimizi haz\u0131rlamal\u0131y\u0131z.\u201d<\/p>\n<p><strong>YEN\u0130 KATILANLAR, D\u0130\u011eERLER\u0130N\u0130N G\u0130R\u0130\u015e\u0130N\u0130 ENGELLEMES\u0130N<\/strong><\/p>\n<p>Michel, AB\u2019nin \u201cm\u00fcstakbel \u00fcyelerinin\u201d kendi aralar\u0131ndaki sorunlar\u0131 \u00e7\u00f6zmesi gerekti\u011fi mesaj\u0131n\u0131 da verdi.<\/p>\n<p>S\u0131rbistan ve Kosova gibi \u00fclkelerin ismini vermeden \u201cGe\u00e7mi\u015fteki anla\u015fmazl\u0131klar\u0131n AB i\u00e7ine ta\u015f\u0131nmad\u0131\u011f\u0131ndan emin olmal\u0131y\u0131z.\u201d diyen Michel, ba\u015fka \u00fclkelerin veya kom\u015fular\u0131n kat\u0131l\u0131mlar\u0131n\u0131n AB\u2019ye giren \u00fclkeler taraf\u0131ndan engellenmemesi gerekti\u011fini vurgulad\u0131.<\/p>\n<p>Michel, \u201cAB\u2019ye yeni kat\u0131lan \u00fclkelerin gelecekteki \u00fcyelerin giri\u015fini engellememesi i\u00e7in AB anla\u015fmalar\u0131na \u2018g\u00fcven maddesi\u2019 eklenebilir.\u201d \u00f6nerisinde bulundu.<\/p>\n<p><strong>\u201cALICI\u201d \u00dcLKELER \u201cVER\u0130C\u0130\u201d OLACAK<\/strong><\/p>\n<p>Mevcut AB \u00fcyelerine seslenerek AB\u2019nin geni\u015flemesinin kolay olmayaca\u011f\u0131na i\u015faret eden Michel, olas\u0131 geni\u015flemeden sonra AB b\u00fct\u00e7esi \u00fczerinde \u00e7al\u0131\u015fmak gerekece\u011fini s\u00f6yledi.<\/p>\n<p>Michel, \u015fu anda AB b\u00fct\u00e7esinden pay alan baz\u0131 \u00fcyelerin art\u0131k \u201calmak yerine vermek\u201d zorunda kalaca\u011f\u0131n\u0131, yeni kat\u0131lacak \u00fcyelerin ise \u201cal\u0131c\u0131\u201d konumunda olaca\u011f\u0131n\u0131 ifade ederek \u201cGeni\u015fleme, politikalar\u0131m\u0131z\u0131, programlar\u0131m\u0131z\u0131 ve b\u00fct\u00e7elerimizi etkileyecek. Siyasi reformlar ve siyasi cesaret gerekecek.\u201d dedi.<\/p>\n<p>Michel, konu\u015fmas\u0131ndan sonra sosyal medya hesab\u0131ndan yapt\u0131\u011f\u0131 a\u00e7\u0131klamada da 14-15 Aral\u0131k\u2019taki AB Liderler Zirvesi \u00f6ncesinde AB-Bat\u0131 Balkanlar Zirvesini toplayaca\u011f\u0131n\u0131 duyurdu.<\/p>\n<p><strong>AB\u2019YE ADAY \u00dcLKE SAYISI 7<\/strong><\/p>\n<p>Almanya, Fransa, \u0130talya, Hollanda, Bel\u00e7ika ve L\u00fcksemburg taraf\u0131ndan 1951\u2019de Avrupa K\u00f6m\u00fcr ve \u00c7elik Toplulu\u011fu olarak kurulan ve 1957\u2019de Avrupa Ekonomik Toplulu\u011funa d\u00f6n\u00fc\u015fen, daha sonra y\u0131llar i\u00e7inde kat\u0131l\u0131mlarda Avrupa Birli\u011fi halini alan Avrupal\u0131 \u00fclkeler grubunun son geni\u015fleme dalgas\u0131 2004\u2019te 10 \u00fclkenin kat\u0131l\u0131m\u0131yla ya\u015fanm\u0131\u015ft\u0131.<\/p>\n<p>AB\u2019nin tarihindeki en b\u00fcy\u00fck geni\u015fleme dalgas\u0131nda \u00c7ek Cumhuriyeti, Estonya, GKRY, Letonya, Litvanya, Macaristan, Malta, Polonya, Slovakya ve Slovenya, Birli\u011fe kat\u0131lm\u0131\u015ft\u0131. 2007\u2019de, Bulgaristan ve Romanya\u2019n\u0131n kat\u0131l\u0131m\u0131yla AB\u2019nin \u00fcye say\u0131s\u0131 27\u2019ye \u00e7\u0131kt\u0131. 2013 y\u0131l\u0131nda H\u0131rvatistan\u2019\u0131n kat\u0131l\u0131m\u0131yla AB \u00fcye say\u0131s\u0131 28\u2019e ula\u015ft\u0131. \u0130ngiltere\u2019nin 2020\u2019de ayr\u0131lmas\u0131yla say\u0131 27\u2019ye d\u00fc\u015ft\u00fc.<\/p>\n<p>\u015eu anda AB aday\u0131 \u00fclkeler ise Bat\u0131 Balkanlar\u2019dan Arnavutluk, Karada\u011f, Kuzey Makedonya, S\u0131rbistan\u2019\u0131n yan\u0131 s\u0131ra 1999\u2019dan beri T\u00fcrkiye ve 2022\u2019den bu yana Ukrayna ile Moldova.<\/p>\n<p>Bosna Hersek, G\u00fcrcistan ve Kosova ise potansiyel aday \u00fclkeleri olu\u015fturuyor. (AA)<\/p>\n","protected":false},"excerpt":{"rendered":"<p>Avrupa Birli\u011fi (AB) Konseyi Ba\u015fkan\u0131 Charles Michel, \u00f6zellikle Bat\u0131 Balkanlar&#8217;a de\u011finerek 27 \u00fcyeli AB&#8217;nin 2030 y\u0131l\u0131na kadar geni\u015fleme i\u00e7in kendisini haz\u0131rlamas\u0131 gerekti\u011fini s\u00f6yledi.<\/p>\n","protected":false},"author":1,"featured_media":120118,"comment_status":"closed","ping_status":"open","sticky":false,"template":"","format":"standard","meta":{"footnotes":""},"categories":[24],"tags":[6790,13823,7000,160,9032],"class_list":["post-120117","post","type-post","status-publish","format-standard","has-post-thumbnail","hentry","category-dunya","tag-abnin","tag-genisleme","tag-michel","tag-ulke","tag-uyelerin"],"_links":{"self":[{"href":"https:\/\/haberulus.net\/index.php?rest_route=\/wp\/v2\/posts\/120117","targetHints":{"allow":["GET"]}}],"collection":[{"href":"https:\/\/haberulus.net\/index.php?rest_route=\/wp\/v2\/posts"}],"about":[{"href":"https:\/\/haberulus.net\/index.php?rest_route=\/wp\/v2\/types\/post"}],"author":[{"embeddable":true,"href":"https:\/\/haberulus.net\/index.php?rest_route=\/wp\/v2\/users\/1"}],"replies":[{"embeddable":true,"href":"https:\/\/haberulus.net\/index.php?rest_route=%2Fwp%2Fv2%2Fcomments&post=120117"}],"version-history":[{"count":1,"href":"https:\/\/haberulus.net\/index.php?rest_route=\/wp\/v2\/posts\/120117\/revisions"}],"predecessor-version":[{"id":120119,"href":"https:\/\/haberulus.net\/index.php?rest_route=\/wp\/v2\/posts\/120117\/revisions\/120119"}],"wp:featuredmedia":[{"embeddable":true,"href":"https:\/\/haberulus.net\/index.php?rest_route=\/wp\/v2\/media\/120118"}],"wp:attachment":[{"href":"https:\/\/haberulus.net\/index.php?rest_route=%2Fwp%2Fv2%2Fmedia&parent=120117"}],"wp:term":[{"taxonomy":"category","embeddable":true,"href":"https:\/\/haberulus.net\/index.php?rest_route=%2Fwp%2Fv2%2Fcategories&post=120117"},{"taxonomy":"post_tag","embeddable":true,"href":"https:\/\/haberulus.net\/index.php?rest_route=%2Fwp%2Fv2%2Ftags&post=120117"}],"curies":[{"name":"wp","href":"https:\/\/api.w.org\/{rel}","templated":true}]}}