{"id":120189,"date":"2023-08-28T17:35:02","date_gmt":"2023-08-28T17:35:02","guid":{"rendered":"https:\/\/haberulus.net\/?p=120189"},"modified":"2023-08-28T17:35:02","modified_gmt":"2023-08-28T17:35:02","slug":"imamoglu-deprem-ve-beka-dedigimizde-esas-tehdidin-istanbul-oldugunu-biliyoruz","status":"publish","type":"post","link":"https:\/\/haberulus.net\/?p=120189","title":{"rendered":"\u0130mamo\u011flu: Deprem ve beka dedi\u011fimizde esas tehdidin \u0130stanbul oldu\u011funu biliyoruz"},"content":{"rendered":"<p>\u0130stanbul B\u00fcy\u00fck\u015fehir Belediye (\u0130BB) Ba\u015fkan\u0131 Ekrem \u0130mamo\u011flu, 6 \u015eubat Kahramanmara\u015f depremlerinde b\u00fcy\u00fck y\u0131k\u0131ma u\u011frayan \u015fehirlerden Hatay&#8217;a ziyareti kapsam\u0131nda Hatay Planlama Merkezi Tan\u0131t\u0131m\u0131 ve Bilgilendirme Toplant\u0131s\u0131\u2019na kat\u0131ld\u0131.<\/p>\n<p><strong>\u201c\u0130NSANLARIMIZIN CANINI TEHD\u0130T ETMEYE DEVAM ED\u0130YOR\u201d<\/strong><\/p>\n<p>\u0130mamo\u011flu, burada yapt\u0131\u011f\u0131 konu\u015fmada, \u015funlar\u0131 s\u00f6yledi:<\/p>\n<p>* \u201c6 \u015eubat depremleri, ger\u00e7ekten hepimizin can\u0131n\u0131 \u00e7ok yakan, hepimizin ba\u015f\u0131m\u0131z\u0131 \u00f6ne e\u011fip derin derin d\u00fc\u015f\u00fcnmemiz, geri ad\u0131m at\u0131lmaks\u0131z\u0131n dersler \u00e7\u0131karmam\u0131z gereken bir s\u00fcreci bize ya\u015fatt\u0131. \u015eunu ifade etmek gerekir. Kesinlikle sebepleri ve sonu\u00e7lar\u0131 bak\u0131m\u0131ndan, 6 \u015eubat depremini \u2018Bir do\u011fa olay\u0131yd\u0131\u2019 diyerek \u00fcst\u00fcn\u00fc \u00f6rtmemiz m\u00fcmk\u00fcn de\u011fil. Bu do\u011fa olay\u0131d\u0131r do\u011fru ama bunu b\u00fcy\u00fck bir ac\u0131ya d\u00f6n\u00fc\u015ft\u00fcren ve insanlar\u0131m\u0131z\u0131n can\u0131n\u0131 yitirmesini sa\u011flayan y\u0131k\u0131ma d\u00f6n\u00fc\u015ft\u00fcren \u015fey ise hepimizin y\u0131llar boyu \u00fcst \u00fcste koydu\u011fumuz hatalar\u0131, eksikliklerinin sonucudur. Bununla y\u00fczle\u015fmek zorunday\u0131z. Maalesef ge\u00e7mi\u015fte plans\u0131z, programs\u0131z yap\u0131lan i\u015fler sadece Hatay ve 11 \u015fehri de\u011fil, T\u00fcrkiye\u2019mizin bir\u00e7ok \u015fehrinde insanlar\u0131m\u0131z\u0131n can\u0131n\u0131 tehdit etmeye devam ediyor ve bunun bedellerini \u00f6d\u00fcyoruz.<\/p>\n<p><img decoding=\"async\" src=\"https:\/\/i01.sozcucdn.com\/wp-content\/uploads\/2023\/08\/28\/22-ibb.jpg\" alt=\"\" title=\"\"><\/p>\n<p><strong>\u201c\u015eEH\u0130RLER\u0130M\u0130Z\u0130N GELECE\u011e\u0130N\u0130 B\u0130L\u0130MLE, ORTAK AKILLA PLANLAMALIYIZ\u201d<\/strong><\/p>\n<p>* Ayn\u0131 zamanda yap\u0131lm\u0131\u015f planlar\u0131n hi\u00e7e say\u0131lmas\u0131 da b\u00fcy\u00fck bir problem ve sorun. Hani tarifte bile zorlan\u0131yor insan. B\u00f6yle bir hatan\u0131n neye mal oldu\u011funu g\u00f6rd\u00fc\u011f\u00fcm\u00fczde bunun tarifini yapmakta bile zorlan\u0131yoruz. \u015eehirlerimizin gelece\u011fini bilimle, ortak ak\u0131lla planlamal\u0131 ve sa\u011fl\u0131kl\u0131 bir gelece\u011fe hep birlikte y\u00fcr\u00fcmeliyiz amas\u0131z, fakats\u0131z, hi\u00e7bir gerek\u00e7eyi k\u0131y\u0131s\u0131na koymadan, kararl\u0131, tavizsiz\u2026 Aksi halde bug\u00fcn ya\u015famakta oldu\u011fumuz sorunlar\u0131 sonraki ku\u015faklara, yani \u00e7ocuklar\u0131m\u0131za, torunlar\u0131m\u0131za ve onun evlatlar\u0131na bir \u015fekilde ya\u015fatmaya devam ederiz.<\/p>\n<p><strong>H\u0130\u00c7B\u0130R MADD\u0130 MENFAAT \u00dcLKEM\u0130Z\u0130N VE M\u0130LLET\u0130N BEKASINDAN DAHA \u00d6NEML\u0130 OLAMAZ\u201d<\/strong><\/p>\n<p>* Bu topraklarda g\u00fcvenli ve onurlu bir hayat ya\u015famak istiyorsak \u015fehirlerimizi sadece bir in\u015faat ve rant alan\u0131 gibi g\u00f6rme anlay\u0131\u015f\u0131ndan hep birlikte kurtulmak zorunday\u0131z. Deprem kesinlikle ve kesinlikle i\u015fte bu can\u0131m medeniyetlerin oda\u011f\u0131 Hatay\u2019da g\u00f6rd\u00fc\u011f\u00fcm\u00fcz gibi b\u00fcy\u00fck bir beka sorunu haline gelmi\u015ftir \u00fclkemizde. Hi\u00e7bir maddi menfaat, insan hayat\u0131ndan, \u015fehirlerimizin, \u00fclkemizin ve milletimizin bekas\u0131ndan daha de\u011ferli ve daha \u00f6nemli olamaz, olmamal\u0131.<\/p>\n<p>* \u015eehirleri, d\u00fcnyadaki \u00f6rneklerini almakta \u00e7ok kolay bir s\u00fcreci, bir devri ya\u015fad\u0131\u011f\u0131m\u0131z bu ortamda, kapal\u0131 kap\u0131lar ard\u0131nda de\u011fil ve insanlar\u0131n ortak akl\u0131n\u0131 bir araya toparlayan akla ve bilime, tekni\u011fe kar\u015f\u0131 da bilgiye kar\u015f\u0131 da boynu k\u0131ldan ince bir siyasi irade s\u00fcrecini ortaya koyarak y\u00f6netmek ve y\u00f6nlendirmek zorunday\u0131z. Onun i\u00e7in motivasyonu \u015f\u00fcpheli kararlar olan \u015fekilde y\u00f6netmeyi bir kenara b\u0131rakmal\u0131y\u0131z. B\u00f6yle kararlardan kurtulmal\u0131 ve \u015fehirlerin bu \u015fekilde kurulamayaca\u011f\u0131n\u0131, kurulmamas\u0131 gerekti\u011fini art\u0131k bilmeliyiz. Her birimizin ortak \u00e7\u0131karlar\u0131n\u0131 86 milyon insan\u0131m\u0131z\u0131n ortak \u00e7\u0131karlar\u0131n\u0131, akl\u0131n, bilimin \u0131\u015f\u0131\u011f\u0131nda, demokratik, kat\u0131l\u0131mc\u0131 bir model i\u00e7erisinde devletimizin b\u00fct\u00fcn kurumlar\u0131yla birle\u015ftirmeliyiz.<\/p>\n<p><img decoding=\"async\" src=\"https:\/\/i01.sozcucdn.com\/wp-content\/uploads\/2023\/08\/28\/33-ibb.jpg\" alt=\"\" title=\"\"><\/p>\n<p><strong>\u201cETK\u0130L\u0130 B\u0130R \u00c7ALI\u015eMAYI S\u00dcRD\u00dcRME GAYRET\u0130 \u0130\u00c7ER\u0130S\u0130NDEY\u0130Z\u201d<\/strong><\/p>\n<p>* \u0130stanbul B\u00fcy\u00fck\u015fehir Belediyesi olarak AFAD taraf\u0131ndan g\u00f6revlendirildi\u011fimiz ilk g\u00fcnden itibaren Hatay\u2019a geldik ve bu anlay\u0131\u015fla burada \u00e7al\u0131\u015fmaya devam ediyoruz. Planl\u0131 ad\u0131mlar atmaya burada devletimizin her kurumuyla isti\u015fare halinde olma ve ba\u015fta Hatay B\u00fcy\u00fck\u015fehir Belediyemizin koordinasyonuyla da etkili bir \u00e7al\u0131\u015fmay\u0131 s\u00fcrd\u00fcrme gayreti i\u00e7erisindeyiz.<\/p>\n<p>* Elbette ilk hafta, ilk ay ve ilk y\u0131l i\u00e7inde yapmam\u0131z gerekeni ortaya koyan bir Afet Yakla\u015f\u0131m Plan\u0131\u2019yla buradaki sorumluluklar\u0131 \u00fcst\u00fcm\u00fcze alma gayreti i\u00e7erisinde olduk. \u00d6zellikle ilk ay i\u00e7erisinde odaklanaca\u011f\u0131m\u0131z i\u015fleri bar\u0131nma, kent temizli\u011fi, beslenme, k\u0131\u015f \u015fartlar\u0131yla m\u00fccadele, ilk yard\u0131m, su ve kanalizasyon, do\u011falgaz, altyap\u0131 ve et\u00fct gibi kavramlarla y\u00fcr\u00fctmeyi, Hatay B\u00fcy\u00fck\u015fehir Belediyemizle koordinasyonla bir arada olu\u015fturduk ve bu \u00e7er\u00e7evede i\u015flerimizi y\u00f6netme gayreti i\u00e7inde olduk.<\/p>\n<p>* \u0130lk y\u0131l i\u00e7inde odaklanaca\u011f\u0131m\u0131z i\u015fleri ise 5 maddeden olu\u015fturmu\u015ftuk yine birlikte. Bunlar psikolojik destek, uzun s\u00fcreli bar\u0131nma \u00e7\u00f6z\u00fcmleri, e\u011fitime destek, altyap\u0131 onar\u0131m s\u00fcre\u00e7lerine destek, yerel y\u00f6netimin malzeme ve i\u015f g\u00fcc\u00fc deste\u011fi \u015feklinde birlikte ortaya koyduk ve bu kapsamda i\u015flerimizi y\u00f6netiyoruz. B\u00fct\u00fcn bu i\u015fleri h\u0131zl\u0131 ve etkili bir bi\u00e7imde yapabilmek i\u00e7in de bir y\u00f6neti\u015fim modelini geli\u015ftirdik. B\u00f6ylece elimizdeki imkanlar\u0131 en do\u011fru, en etkili, en verimli bir \u015fekilde Hatayl\u0131larla bulu\u015fturabilmeyi ilke edindik. Hatay\u2019\u0131n iyile\u015fme ve yeniden yap\u0131lanma yolculu\u011funda da elimizden geleni her katk\u0131y\u0131 sunma konusunda da \u00f6zenli bir gayret i\u00e7erisinde olduk.<\/p>\n<p><img decoding=\"async\" src=\"https:\/\/i01.sozcucdn.com\/wp-content\/uploads\/2023\/08\/28\/44-ibb.jpg\" alt=\"\" title=\"\"><\/p>\n<p><strong>\u201cSORUNLAR DAHA \u0130Y\u0130 KAVRANACAK, \u00c7\u00d6Z\u00dcMLER DAHA HIZLI HAREKETE GE\u00c7ECEK\u201d<\/strong><\/p>\n<p>* Hatay B\u00fcy\u00fck\u015fehir Belediyesi\u2019nin y\u00fcr\u00fct\u00fcc\u00fcl\u00fc\u011f\u00fcnde \u0130stanbul B\u00fcy\u00fck\u015fehir Belediyesi\u2019nin deste\u011fiyle Hatay Planlama Merkezi\u2019nin kurulumunu sa\u011flad\u0131k. Hatay EXPO Alan\u0131 i\u00e7erisindeki ofis yakla\u015f\u0131k 20 personelle sahadaki g\u00fcncel veriyi topluyor. \u0130stanbul\u2019da bulunan \u0130stanbul Planlama Ajans\u0131 i\u00e7erisinde yer alan ofis ise Hatay \u00fczerinde yap\u0131lm\u0131\u015f t\u00fcm \u00e7al\u0131\u015fmalar\u0131 derleyip toparl\u0131yor durumda. Ayr\u0131ca akademisyen ve uzmanlar\u0131n deste\u011fiyle \u00e7ok \u00f6nemli de ayr\u0131 bir misyon \u00fcstlenildi. Yer biliminden ula\u015f\u0131m ve lojisti\u011fe, ekonomiden toplumsal yap\u0131ya, mimari tasar\u0131mdan k\u00fclt\u00fcrel miras\u0131 korumaya, her alanda Hatay\u2019\u0131n yeniden yap\u0131lanmas\u0131na \u0131\u015f\u0131k tutacak bilimsel \u00e7al\u0131\u015fmalar\u0131n y\u00fcr\u00fct\u00fclmesini de beraberce koordine ediyoruz.<\/p>\n<p>* Hatay depremde en fazla zarar g\u00f6ren \u015fehirlerimizden bir tanesi. Hatay\u2019\u0131n iyile\u015fme ve yeniden yap\u0131lanma s\u00fcre\u00e7lerini do\u011fru bir bi\u00e7imde y\u00f6netirsek di\u011fer \u015fehirlerimiz i\u00e7in de son derece kapsay\u0131c\u0131, yararl\u0131 \u00f6rneklerin burada olu\u015fturulabilece\u011fini g\u00f6r\u00fcyoruz. Bu ama\u00e7la Hatay\u2019\u0131n gelece\u011finin t\u00fcm payda\u015flar\u0131n kat\u0131l\u0131m\u0131na a\u00e7\u0131k, \u015feffaf, bilimsel verilere dayanan sorgulayan, yerel taleplere ve ihtiya\u00e7lara cevap veren bir yakla\u015f\u0131mla planlanmas\u0131n\u0131 sa\u011flamak i\u00e7in \u00e7al\u0131\u015f\u0131yoruz. Hatay\u2019\u0131n gelece\u011fine y\u00f6nelik kararlar\u0131n yerel y\u00f6netimler, \u00fcniversiteler, ulusal ve uluslararas\u0131 kurumlar, uzmanlar, mesleki kurulu\u015flar, sivil toplum bile\u015fenleri, g\u00f6n\u00fcll\u00fcler ve en \u00f6nemlisi Hatayl\u0131lar ile birlikte tart\u0131\u015f\u0131lmas\u0131n\u0131 ve olu\u015fturulmas\u0131n\u0131 \u00f6zenli bir \u015fekilde ama\u00e7l\u0131yor olaca\u011f\u0131z.<\/p>\n<p>* Yerel a\u011flar\u0131 desteklemek ve tart\u0131\u015fmalar\u0131 i\u00e7in de uygun zeminin olu\u015fturulmas\u0131nda kolayla\u015ft\u0131r\u0131c\u0131 bir rol \u00fcstlenilirse g\u00f6receksiniz sorunlar daha iyi kavranacak, \u00e7\u00f6z\u00fcmler daha h\u0131zl\u0131 harekete ge\u00e7ecek. Bu y\u0131l sonuna do\u011fru Hatay Planlama Merkezi\u2019nin \u00e7al\u0131\u015fmalar\u0131n\u0131n ba\u015fl\u0131ca sonu\u00e7lar\u0131yla ilgili payda\u015flar ve kamuoyuyla payla\u015f\u0131ld\u0131\u011f\u0131nda bunun ne kadar do\u011fru bir \u00e7al\u0131\u015fma oldu\u011funu in\u015fallah kamuoyuna g\u00f6steriyor olaca\u011f\u0131z. B\u00f6ylece Hatay nerede ne oldu\u011funu, nereye nas\u0131l gidebilece\u011fini bilerek ad\u0131m atacak bilimin \u0131\u015f\u0131\u011f\u0131nda \u00f6n\u00fcn\u00fc g\u00f6rerek ilerliyor olacak.<\/p>\n<p><strong>\u201cDEPREM VE BEKA DED\u0130\u011e\u0130M\u0130ZDE ESAS TEHD\u0130D\u0130N \u0130STANBUL OLDU\u011eUNU HEP\u0130M\u0130Z B\u0130L\u0130YORUZ\u201d<\/strong><\/p>\n<p>* Tabii plan ve program olmadan harekete ge\u00e7menin sorumlulu\u011fu \u00e7ok a\u011f\u0131r. Bu anlamda bu ge\u00e7irdi\u011fimiz s\u00fcrecin \u00e7ok b\u00fcy\u00fck bir s\u0131nav oldu\u011funu unutmayal\u0131m. Bu s\u0131nav\u0131n bedeli sadece onun yap\u0131ld\u0131\u011f\u0131 d\u00f6nemde de\u011fil, sonras\u0131nda ac\u0131s\u0131n\u0131n ne kadar b\u00fcy\u00fck oldu\u011funu da ya\u015f\u0131yoruz. \u015eehirlerimizi g\u00fcndelik siyasi \u00e7at\u0131\u015fmalar\u0131n, kavramlar\u0131n bu anlamda \u00f6tesinde tutmak gerekir. \u0130nan\u0131n\u0131z deprem oldu\u011funda siyaseti unutmak \u015fart. G\u00fcndelik siyaset kavramlar\u0131n\u0131 bir kenara at\u0131p, tamamen bu i\u015fe odaklanmal\u0131y\u0131z.<\/p>\n<p>* Depremin bir beka sorunu, bir insan ya\u015fam\u0131 sorunu oldu\u011funu unutmamak ve ona g\u00f6re hareket etmek \u015fart. O anlamda yine ge\u00e7ti\u011fimiz haftalarda Ankara\u2019da \u00c7evre ve \u015eehircilik Bakan\u0131m\u0131zla yapt\u0131\u011f\u0131m\u0131z toplant\u0131n\u0131n oda\u011f\u0131nda bu mevzu olmu\u015ftu. Tabii ki burada can\u0131m\u0131z yand\u0131, insanlar\u0131m\u0131z\u0131 kaybettik, geri gelmeyecek ac\u0131lar ya\u015fad\u0131k ve tabii ki \u00e7ok b\u00fcy\u00fck bir maddi y\u00fck\u00fcn de alt\u0131nda \u00fclkemiz, devletimiz, kurumlar\u0131m\u0131z. Onun i\u00e7in deprem ve beka dedi\u011fimizde esas tehdidin \u0130stanbul oldu\u011funu da hepimiz biliyoruz. Bu ba\u011flamda bu i\u015fin topyekun bir seferberlik oldu\u011funu yine b\u00fct\u00fcnle\u015fik kavramlarla \u00e7\u00f6z\u00fcm\u00fcn\u00fcn m\u00fcmk\u00fcn oldu\u011funu da ifade ettik. Par\u00e7ac\u0131kl\u0131 yap\u0131lan \u00e7al\u0131\u015fmalar\u0131n hi\u00e7birisini yok saym\u0131yor, \u00f6nemli kabul ediyoruz.<\/p>\n<p><strong>\u201c24 YILLIK HIZIMIZLA \u0130STANBUL\u2019U 70-80 YILDA D\u00d6N\u00dc\u015eT\u00dcREMEY\u0130Z\u201d<\/strong><\/p>\n<p>* 24 y\u0131ll\u0131k 99 depreminden sonraki deneyimlerin bize g\u00f6sterdi\u011fi ger\u00e7e\u011fi de burada s\u00f6ylemek, hepimizin ders \u00e7\u0131kartmas\u0131 gereken bir ger\u00e7ek oldu\u011funun da alt\u0131n\u0131 \u00e7izmek istiyorum. 24 y\u0131ldaki h\u0131z\u0131m\u0131zla \u0130stanbul\u2019u 70- 80 y\u0131lda d\u00f6n\u00fc\u015ft\u00fcremeyiz, \u015fu andaki mevcut tehdidi ortadan kald\u0131ramay\u0131z. Bunun tek yolu var. Bunu en asgariye indirebilmek, kaybetti\u011fimiz zamanlar\u0131 tekrar kaybetmemek, b\u00fcy\u00fck bir sorumluluk, b\u00fcy\u00fck bir i\u015f birli\u011fi, b\u00fcy\u00fck bir yasal d\u00fczenleme, toplumu, milleti, insanlar\u0131, devleti, devletin kurumlar\u0131n\u0131, hatta yurt d\u0131\u015f\u0131 imkanlar\u0131n\u0131, yurt i\u00e7indeki farkl\u0131 kurum kurulu\u015flar\u0131 i\u00e7ine katmakla m\u00fcmk\u00fcn oldu\u011funu, bunun bir Deprem Kurulu, Deprem Konseyi kavram\u0131 i\u00e7erisinde bilimsel ve teknik \u00e7al\u0131\u015fmalar\u0131n \u0131\u015f\u0131\u011f\u0131nda \u00e7\u00f6z\u00fclmesinin m\u00fcmk\u00fcn oldu\u011funu aktard\u0131k.<\/p>\n<p>* Kendilerinin bunu en \u00fcst seviyede olumlu kar\u015f\u0131lamalar\u0131 da bizi olduk\u00e7a sevindirdi. Biz bunu 2019&#8217;da g\u00f6reve geldi\u011fimizde sadece 3 ay sonra yapt\u0131\u011f\u0131m\u0131z B\u00fcy\u00fck Deprem \u00c7al\u0131\u015ftay\u0131m\u0131zda elde etti\u011fimiz verilerin hemen akabinde o d\u00f6nemdeki \u00c7evre ve \u015eehircilik Bakanl\u0131\u011f\u0131&#8217;na da iletmi\u015ftik. \u015eimdi bunun Say\u0131n Bakan\u0131m\u0131z taraf\u0131ndan \u2018Evet bu i\u015f bir kanuna d\u00f6n\u00fc\u015fmeli. Bu konuda \u0130stanbul\u2019la, \u0130stanbul\u2019un b\u00fct\u00fcn yerel dinamikleriyle bir arada oturuyoruz, konu\u015fuyoruz\u2019 demesini ger\u00e7ekten \u00e7ok sevindirici bulmaktay\u0131m. Sonucunu h\u0131zl\u0131ca elde etmemiz gerekiyor, Toplumu i\u00e7ine katmakla birtak\u0131m m\u00fczakereleri ve m\u00fcnazaralar\u0131 sa\u011fl\u0131kl\u0131 sonu\u00e7lara kavu\u015fturabilece\u011fimizi de biliyoruz.<\/p>\n<p><strong>\u201cBUNUN A, B, C PART\u0130S\u0130 YOK\u201d<\/strong><\/p>\n<p>* Bunun A, B, C partisi yok. Bunun A, B, C \u015fahsiyeti, \u015fahs\u0131 yok, ki\u015fisi yok ya da kurumu, makam\u0131 yok. Devleti bir b\u00fct\u00fcn g\u00f6rmek, milleti bir b\u00fct\u00fcn g\u00f6rmek, milletin b\u00fct\u00fcn birimlerini, kurumlar\u0131n\u0131, kurulu\u015flar\u0131n\u0131 da bu i\u015fte mesul g\u00f6recek bir anlay\u0131\u015fla, bir \u00e7at\u0131 alt\u0131na toplay\u0131p m\u00fczakerelerin orada h\u0131zl\u0131ca bir sonuca evrilmesini sa\u011flaman\u0131n, \u00e7\u00f6z\u00fcm\u00fcn \u00f6nemli bir par\u00e7as\u0131, ba\u015flang\u0131c\u0131 oldu\u011funu g\u00f6r\u00fcyorum. \u0130\u015fte bu zorunlulu\u011fun idraki ve sorumlulu\u011fu i\u00e7erisinde \u00e7al\u0131\u015fmaya devam edece\u011fiz.<\/p>\n<p>* Bu anlay\u0131\u015f\u0131m\u0131z\u0131n bir \u00fcr\u00fcn\u00fc olarak burada Hatay B\u00fcy\u00fck\u015fehir Belediyemizle olu\u015fturdu\u011fumuz birlikteli\u011fi \u00f6nemli g\u00f6r\u00fcyorum. Burada olu\u015facak sonu\u00e7lar\u0131n, verilerin, olu\u015fumlar\u0131n yine Hatay B\u00fcy\u00fck\u015fehir Belediyesi\u2019nin koordinasyonunda devletimizin ba\u015fka kurum ve kurulu\u015flar\u0131yla bulu\u015fmas\u0131n\u0131n at\u0131lacak ad\u0131mlara fayda sa\u011flayaca\u011f\u0131n\u0131 g\u00f6r\u00fcyorum. Bu ba\u011flamda bu merkezin, Hatay Planlama Merkezi\u2019nin \u00e7ok faydal\u0131 i\u015flere imza ataca\u011f\u0131n\u0131 \u015fimdiden hissediyorum. Emek veren b\u00fct\u00fcn herkese te\u015fekk\u00fcr ediyor, hay\u0131rl\u0131 olmas\u0131n\u0131 diliyor, \u00e7al\u0131\u015fmalar\u0131n gelecekte \u00e7ok g\u00fczel bir Hatay\u2019\u0131 var etmesini, insanlar\u0131m\u0131z\u0131n ilerleyen y\u0131llarda, y\u00fczy\u0131llarda yeni at\u0131lm\u0131\u015f temellerle olu\u015facak, \u00f6v\u00fcn\u00fclecek bir Hatay olmas\u0131n\u0131 sa\u011flad\u0131\u011f\u0131n\u0131 ya\u015far bu kadim topraklar diyorum.\u201d (ANKA)<\/p>\n","protected":false},"excerpt":{"rendered":"<p>\u0130stanbul B\u00fcy\u00fck\u015fehir Belediye (\u0130BB) Ba\u015fkan\u0131 Ekrem \u0130mamo\u011flu, Hatay Planlama Merkezi Tan\u0131t\u0131m\u0131 ve Bilgilendirme Toplant\u0131s\u0131&#8217;nda, deprem oldu\u011funda siyaseti unutman\u0131n \u015fart oldu\u011funu belirterek &#8220;Depremin bir beka sorunu, bir insan ya\u015fam\u0131 sorunu oldu\u011funu unutmamak ve ona g\u00f6re hareket etmek \u015fart. Deprem ve beka dedi\u011fimizde esas tehdidin \u0130stanbul oldu\u011funu da hepimiz biliyoruz. 24 y\u0131ldaki h\u0131z\u0131m\u0131zla \u0130stanbul&#8217;u 70-80 y\u0131lda d\u00f6n\u00fc\u015ft\u00fcremeyiz, \u015fu andaki mevcut tehdidi ortadan kald\u0131ramay\u0131z\u201d dedi.<\/p>\n","protected":false},"author":1,"featured_media":120190,"comment_status":"closed","ping_status":"open","sticky":false,"template":"","format":"standard","meta":{"footnotes":""},"categories":[26],"tags":[1958,1598,1776,500,96],"class_list":["post-120189","post","type-post","status-publish","format-standard","has-post-thumbnail","hentry","category-gundem","tag-deprem","tag-hatay","tag-icerisinde","tag-insan","tag-istanbul"],"_links":{"self":[{"href":"https:\/\/haberulus.net\/index.php?rest_route=\/wp\/v2\/posts\/120189","targetHints":{"allow":["GET"]}}],"collection":[{"href":"https:\/\/haberulus.net\/index.php?rest_route=\/wp\/v2\/posts"}],"about":[{"href":"https:\/\/haberulus.net\/index.php?rest_route=\/wp\/v2\/types\/post"}],"author":[{"embeddable":true,"href":"https:\/\/haberulus.net\/index.php?rest_route=\/wp\/v2\/users\/1"}],"replies":[{"embeddable":true,"href":"https:\/\/haberulus.net\/index.php?rest_route=%2Fwp%2Fv2%2Fcomments&post=120189"}],"version-history":[{"count":1,"href":"https:\/\/haberulus.net\/index.php?rest_route=\/wp\/v2\/posts\/120189\/revisions"}],"predecessor-version":[{"id":120191,"href":"https:\/\/haberulus.net\/index.php?rest_route=\/wp\/v2\/posts\/120189\/revisions\/120191"}],"wp:featuredmedia":[{"embeddable":true,"href":"https:\/\/haberulus.net\/index.php?rest_route=\/wp\/v2\/media\/120190"}],"wp:attachment":[{"href":"https:\/\/haberulus.net\/index.php?rest_route=%2Fwp%2Fv2%2Fmedia&parent=120189"}],"wp:term":[{"taxonomy":"category","embeddable":true,"href":"https:\/\/haberulus.net\/index.php?rest_route=%2Fwp%2Fv2%2Fcategories&post=120189"},{"taxonomy":"post_tag","embeddable":true,"href":"https:\/\/haberulus.net\/index.php?rest_route=%2Fwp%2Fv2%2Ftags&post=120189"}],"curies":[{"name":"wp","href":"https:\/\/api.w.org\/{rel}","templated":true}]}}