{"id":120195,"date":"2023-08-28T18:05:02","date_gmt":"2023-08-28T18:05:02","guid":{"rendered":"https:\/\/haberulus.net\/?p=120195"},"modified":"2023-08-28T18:05:02","modified_gmt":"2023-08-28T18:05:02","slug":"okula-baslama-maliyetlerinde-4-yilda-korkunc-artis","status":"publish","type":"post","link":"https:\/\/haberulus.net\/?p=120195","title":{"rendered":"Okula ba\u015flama maliyetlerinde 4 y\u0131lda korkun\u00e7 art\u0131\u015f"},"content":{"rendered":"<p>CHP Genel Ba\u015fkan Yard\u0131mc\u0131s\u0131 ve Bursa eski Milletvekili Lale Karab\u0131y\u0131k, yapt\u0131\u011f\u0131 yaz\u0131l\u0131 a\u00e7\u0131klamada, \u201cOkullar\u0131m\u0131z e\u011fitim \u00f6\u011fretime haz\u0131r m\u0131?\u201d diye sordu.<\/p>\n<p><strong>\u201c\u00c7OCUKLARIMIZI NASIL ORTAMLARIN BEKLED\u0130\u011e\u0130N\u0130 G\u00d6RECE\u011e\u0130Z\u201d<\/strong><\/p>\n<p>2023-2024 e\u011fitim-\u00f6\u011fretim y\u0131l\u0131n\u0131n 11 Eyl\u00fcl tarihinde ba\u015flayaca\u011f\u0131n\u0131 an\u0131msatan Karab\u0131y\u0131k, \u201c\u00d6nceki e\u011fitim-\u00f6\u011fretim y\u0131llar\u0131nda oldu\u011fu gibi okullar\u0131m\u0131z bu e\u011fitim-\u00f6\u011fretim y\u0131l\u0131nda da bir\u00e7ok eksikle a\u00e7\u0131lacak. \u00d6\u011frencilerimiz, \u00f6\u011fretmenlerimiz ve velilerimiz bir\u00e7ok sorunla u\u011fra\u015fmak, bo\u011fu\u015fmak zorunda kalacak. Her ne kadar Milli E\u011fitim Bakan\u0131 yeni e\u011fitim \u00f6\u011fretim y\u0131l\u0131na sorunsuz ba\u015flayaca\u011f\u0131m\u0131z\u0131 belirtse de ger\u00e7ekte durum s\u00f6ylendi\u011fi gibi de\u011fil. \u00d6rne\u011fin 6 \u015eubat depremini ya\u015fayan illerimizde gerekli tedbirler tam olarak al\u0131nmam\u0131\u015ft\u0131r. 11 Eyl\u00fcl tarihinde \u00e7ocuklar\u0131m\u0131z\u0131 nas\u0131l ortamlar\u0131n bekledi\u011fini birlikte g\u00f6r\u00fcp ya\u015fayaca\u011f\u0131z\u201d ifadelerini kulland\u0131.<\/p>\n<p><strong>\u201cENFLASYON NEDEN\u0130YLE VEL\u0130LER\u0130M\u0130Z\u0130 DAHA ZOR G\u00dcNLER BEKL\u0130YOR\u201d<\/strong><\/p>\n<p>\u201cDi\u011fer yandan ya\u015fan\u0131lan ekonomik krizin en \u00e7ok etkiledi\u011fi alanlardan biri de e\u011fitim oldu\u201d diyerek s\u00f6zlerine devam eden Karab\u0131y\u0131k, \u201cOkula ula\u015fmak, okuldaki ya\u015fam\u0131 istenilen bi\u00e7imde s\u00fcrd\u00fcrmek, okul sonras\u0131nda bir sonraki g\u00fcne haz\u0131rlanmak, b\u00fct\u00fcn aileler i\u00e7in y\u00fcksek bir maliyete katlanmak anlam\u0131na gelmektedir. Bu maliyet art\u0131\u015f\u0131ndan dolay\u0131 \u00f6zel okula \u00e7ocu\u011funu g\u00f6nderen, g\u00f6ndermeyi d\u00fc\u015f\u00fcnen velilerimiz hakl\u0131 olarak resmi okullara y\u00f6nelmektedir. \u0130ster \u00f6zel okullarda olsun, isterse resmi okullarda olsun enflasyon nedeniyle velilerimizi daha zor g\u00fcnler beklemektedir\u201d a\u00e7\u0131klamas\u0131nda bulundu.<\/p>\n<p>Karab\u0131y\u0131k, okula ba\u015flamada ekonomik maliyetin son 4 y\u0131lda geldi\u011fi noktay\u0131 g\u00f6zler \u00f6n\u00fcne sermek i\u00e7in piyasadaki 137 \u00fcr\u00fcn\u00fcn ger\u00e7ek fiyatlar\u0131 \u00fczerinden yapt\u0131klar\u0131 ara\u015ft\u0131rmay\u0131 da payla\u015ft\u0131.\u00a0Yapt\u0131klar\u0131 ara\u015ft\u0131rmada belirtilen rakamlar i\u00e7erisinde; okula zorunlu al\u0131nan ba\u011f\u0131\u015flar, s\u0131n\u0131flar\u0131n d\u00fczenlenmesi i\u00e7in toplanan paralar, velilerin \u00e7ocuklar\u0131na verdikleri har\u00e7l\u0131klar\u0131n bulunmad\u0131\u011f\u0131na dikkat \u00e7eken Karab\u0131y\u0131k, \u201cZorunlu ba\u011f\u0131\u015f ad\u0131nda al\u0131nan bu \u00fccretleri de ekledi\u011fimizde, \u00f6zellikle alt ve orta gelir d\u00fczeyindeki ailelere, okul giderleri ciddi bir y\u00fck olacakt\u0131r\u201d dedi.<\/p>\n<p><strong>ARTI\u015eI RAKAMLARLA ORTAYA KOYDU<\/strong><\/p>\n<p>Karab\u0131y\u0131k, rakamlar vererek s\u00f6zlerini \u015f\u00f6yle s\u00fcrd\u00fcrd\u00fc:<\/p>\n<p>* \u201cOkul \u00f6ncesi d\u00fczeyde okula ba\u015flama maliyetleri 2019 y\u0131l\u0131na g\u00f6re; 2022 y\u0131l\u0131nda y\u00fczde 285,26, 2023 y\u0131l\u0131nda ise y\u00fczde 654,36 oran\u0131nda artm\u0131\u015ft\u0131r. \u0130lkokul d\u00fczeyinde okula ba\u015flama maliyetleri 2019 y\u0131l\u0131na g\u00f6re; 2022 y\u0131l\u0131nda y\u00fczde 316, 2023 y\u0131l\u0131nda ise y\u00fczde 493,8 oran\u0131nda artm\u0131\u015ft\u0131r. Ortaokul d\u00fczeyinde okula ba\u015flama maliyetleri 2019 y\u0131l\u0131na g\u00f6re; 2022 y\u0131l\u0131nda y\u00fczde 304,1, 2023 y\u0131l\u0131nda ise y\u00fczde 450,5 oran\u0131nda artm\u0131\u015ft\u0131r. Lise d\u00fczeyinde okula ba\u015flama maliyetleri 2019 y\u0131l\u0131na g\u00f6re; 2022 y\u0131l\u0131nda y\u00fczde 286,8, 2023 y\u0131l\u0131nda ise y\u00fczde 486,4 oran\u0131nda artm\u0131\u015ft\u0131r. Her y\u0131l oldu\u011fu gibi okullar\u0131m\u0131z yine e\u011fitim \u00f6\u011fretim y\u0131l\u0131na bir\u00e7ok eksik ile ba\u015flayacak. Fiziksel eksikliklerin yan\u0131 s\u0131ra temizlik, g\u00fcvenlik personeli gibi eksiklikleri hala devam etmektedir.<\/p>\n<p><strong>\u201c\u00d6\u011eRETMEN A\u00c7I\u011eI Y\u0130NE \u00dcCRETL\u0130 \u00d6\u011eRETMENL\u0130K S\u0130STEM\u0130 \u0130LE KAPATILMAYA \u00c7ALI\u015eILACAK\u201d<\/strong><\/p>\n<p>* Kadrolu yard\u0131mc\u0131 hizmetli ve g\u00fcvenlik g\u00f6revlisi atamas\u0131 yap\u0131lmam\u0131\u015ft\u0131r. Yakla\u015f\u0131k 63 bin g\u00fcvenlik, 105 bin de temizlik g\u00f6revlisine ihtiya\u00e7 bulunmaktad\u0131r. Yeteri kadar \u00f6\u011fretmen atamas\u0131 yap\u0131lmam\u0131\u015ft\u0131r. \u00d6nceki \u00f6\u011fretim y\u0131l\u0131nda 90 binin \u00fczerinde \u00fccretli \u00f6\u011fretmen \u00e7al\u0131\u015ft\u0131r\u0131ld\u0131\u011f\u0131 d\u00fc\u015f\u00fcn\u00fcl\u00fcrse en az 100 bin \u00f6\u011fretmen atamas\u0131 yap\u0131lmad\u0131\u011f\u0131 takdirde \u00f6\u011frenciler \u00f6\u011fretmensiz, \u00f6\u011fretmenler \u00f6\u011frencisiz kalaca\u011f\u0131 ortadad\u0131r. Yap\u0131lan 45 bin atama, emekli olup sistem d\u0131\u015f\u0131na \u00e7\u0131kanlar d\u00fc\u015f\u00fcn\u00fcld\u00fc\u011f\u00fcnde ihtiya\u00e7 duyulan \u00f6\u011fretmenin yar\u0131s\u0131 bile de\u011fildir. Dolay\u0131s\u0131yla \u00f6\u011fretmen a\u00e7\u0131\u011f\u0131 yine \u00fccretli \u00f6\u011fretmenlik sistemi ile kapat\u0131lmaya \u00e7al\u0131\u015f\u0131lacakt\u0131r.<\/p>\n<p><strong>\u201cEN D\u00dc\u015e\u00dcK \u00d6\u011eRETMEN MAA\u015eI YOKSULLUK SINIRININ \u00dcZER\u0130NDE OLMALI\u201d<\/strong><\/p>\n<p>* \u00d6te yandan e\u011fitim i\u015f g\u00f6renleri ciddi oranda mali zorluk \u00e7ekmektedir. 25 y\u0131ll\u0131k bir \u00f6\u011fretmen 25.154 lira maa\u015f almaktad\u0131r. Bu nedenle e\u011fitim \u00f6\u011fretime haz\u0131rl\u0131k \u00f6dene\u011fi en az bir maa\u015f tutar\u0131nda \u00f6denmeli ve en d\u00fc\u015f\u00fck \u00f6\u011fretmen maa\u015f\u0131 yoksulluk s\u0131n\u0131r\u0131n\u0131n \u00fczerinde olmal\u0131d\u0131r.<\/p>\n<p><strong>\u201cOKUL B\u00dcT\u00c7ELER\u0130 OLU\u015eTURULMALI\u201d<\/strong><\/p>\n<p>* Okul b\u00fct\u00e7eleri olu\u015fturulmad\u0131\u011f\u0131 s\u00fcrece velilerden para toplanmaya devam edilecektir. Okula ba\u015flama maliyetleri bu kadar artm\u0131\u015f iken velilerin \u00fczerinden mali y\u00fck\u00fcn al\u0131nabilmesi ancak okul b\u00fct\u00e7elerinin olu\u015fturulmas\u0131yla m\u00fcmk\u00fcn olacakt\u0131r.<\/p>\n<p><strong>\u201c\u00d6\u011eRENC\u0130 BA\u015eINA 500 TL G\u00d6NDER\u0130LMEL\u0130\u201d<\/strong><\/p>\n<p>* Zorunlu e\u011fitim kapsam\u0131nda, devlet okullar\u0131nda \u00f6rg\u00fcn e\u011fitim i\u00e7erisinde 15.189.878 \u00f6\u011frenci bulunuyor. MEB\u2019in b\u00fct\u00e7esi 435 milyar lirad\u0131r. Okullara her e\u011fitim \u00f6\u011fretim y\u0131l\u0131n\u0131n ba\u015f\u0131nda e\u011fitim \u00f6\u011fretime haz\u0131rl\u0131k amac\u0131 ile \u00f6\u011frenci ba\u015f\u0131na en az 500 lira b\u00fct\u00e7e g\u00f6nderilmelidir. \u00d6\u011frenci ba\u015f\u0131na 500 lira g\u00f6nderildi\u011fi takdirde MEB\u2019in b\u00fct\u00e7esinin sadece 7,5 milyar liras\u0131 (y\u00fczde 1,72) kullan\u0131lm\u0131\u015f olacakt\u0131r.<\/p>\n<p><strong>\u201cB\u00dcT\u00c7EDEN AKTARILAN KAYNAK \u0130LE OKULLARIN TEM\u0130ZLENMES\u0130 B\u0130LE M\u00dcMK\u00dcN DE\u011e\u0130L\u201d<\/strong><\/p>\n<p>* \u00d6nceki Milli E\u011fitim Bakan\u0131, okullara b\u00fct\u00e7e g\u00f6nderildi\u011fini ifade etmi\u015ftir. Oysa MEB taraf\u0131ndan sadece liselere b\u00fct\u00e7e g\u00f6nderilmekte,\u00a0 \u0130lk ve ortaokullar\u0131n ise sadece elektrik, su ve \u0131s\u0131nma giderleri kar\u015f\u0131lanmaktad\u0131r. Bu y\u0131l ilk ve ortaokullara da k\u0131smen b\u00fct\u00e7e aktar\u0131lm\u0131\u015ft\u0131r. Ancak 1.000 \u00f6\u011frencisi olan bir okula g\u00f6nderilen 4.500 lira, ihtiya\u00e7lar\u0131 kar\u015f\u0131lamaktan \u00e7ok uzak kalm\u0131\u015ft\u0131r. 1.000 \u00f6\u011frencisi olan okullar\u0131n en az 5-6 temizlik g\u00f6revlisi ihtiyac\u0131 bulunmaktad\u0131r. Bu okullar\u0131n sadece alt\u0131 temizlik personeli i\u00e7in ayl\u0131k yakla\u015f\u0131k 80 bin lira \u00f6deme yapt\u0131\u011f\u0131n\u0131 d\u00fc\u015f\u00fcnd\u00fc\u011f\u00fcm\u00fczde merkezi b\u00fct\u00e7eden aktar\u0131lan kaynak ile okullar\u0131n temizlenmesi dahi m\u00fcmk\u00fcn de\u011fildir.<\/p>\n<p><strong>\u201cMEMUR MAA\u015eININ YARISINI OKUL MASRAFI OLARAK HARCAMAK ZORUNDA\u201d<\/strong><\/p>\n<p>* Ya\u015fanan hayat pahal\u0131l\u0131\u011f\u0131 \u00f6\u011frencilerin kulland\u0131klar\u0131 malzemelere de yans\u0131m\u0131\u015f, ge\u00e7en y\u0131llara oranla b\u00fct\u00fcn malzemelerde b\u00fcy\u00fck bir art\u0131\u015f olmu\u015ftur. Asgari \u00fccretle hayat\u0131n\u0131 devam ettiren bir aile, ilkokula ba\u015flayan \u00e7ocu\u011fu i\u00e7in, bir ayl\u0131k maa\u015f\u0131ndan fazlas\u0131n\u0131, en d\u00fc\u015f\u00fck maa\u015f alan memur ise maa\u015f\u0131n\u0131n yar\u0131s\u0131n\u0131 okul masraf\u0131 olarak harcamak zorundad\u0131r.<\/p>\n<p><strong>\u201cOKULLAR TOPLUMDAK\u0130 B\u00dcT\u00dcN E\u015e\u0130TS\u0130ZL\u0130KLER\u0130 YANSITAN KURUMLAR HAL\u0130NE D\u00d6N\u00dc\u015eT\u00dc\u201d<\/strong><\/p>\n<p>* Sonu\u00e7 olarak anayasan\u0131n 42&#8217;nci maddesine g\u00f6re, temel e\u011fitim, t\u00fcm vatanda\u015flar\u0131m\u0131za e\u015fit ve paras\u0131zd\u0131r. Bu nedenle devlet, \u00e7ocuklar\u0131m\u0131z\u0131n e\u015fit ko\u015fullarda e\u011fitim almalar\u0131n\u0131 sa\u011flamak zorundad\u0131r. Velilerin e\u011fitim harcamalar\u0131 g\u00f6stermektedir ki devlet okullar\u0131nda bu sa\u011flanamamaktad\u0131r. Bu nedenle de okullar\u0131m\u0131z toplumdaki b\u00fct\u00fcn e\u015fitsizlikleri yans\u0131tan kurumlar haline d\u00f6n\u00fc\u015fm\u00fc\u015ft\u00fcr.\u201d<\/p>\n","protected":false},"excerpt":{"rendered":"<p>CHP Genel Ba\u015fkan Yard\u0131mc\u0131s\u0131 Lale Karab\u0131y\u0131k, e\u011fitim masraflar\u0131nda 4 y\u0131lda ya\u015fanan art\u0131\u015f\u0131 rakamlarla ortaya koydu. Karab\u0131y\u0131k, &#8220;Okul \u00f6ncesi d\u00fczeyde okula ba\u015flama maliyetleri 2019 y\u0131l\u0131na g\u00f6re; 2023 y\u0131l\u0131nda y\u00fczde 654,36 oran\u0131nda artm\u0131\u015ft\u0131r. \u0130lkokul d\u00fczeyinde okula ba\u015flama maliyetleri 2019 y\u0131l\u0131na g\u00f6re; 2023 y\u0131l\u0131nda y\u00fczde 493,8 oran\u0131nda artm\u0131\u015ft\u0131r&#8221; dedi.<\/p>\n","protected":false},"author":1,"featured_media":120196,"comment_status":"closed","ping_status":"open","sticky":false,"template":"","format":"standard","meta":{"footnotes":""},"categories":[25],"tags":[2736,1831,3840,764,881],"class_list":["post-120195","post","type-post","status-publish","format-standard","has-post-thumbnail","hentry","category-ekonomi","tag-butce","tag-egitim","tag-ogretmen","tag-okul","tag-yilinda"],"_links":{"self":[{"href":"https:\/\/haberulus.net\/index.php?rest_route=\/wp\/v2\/posts\/120195","targetHints":{"allow":["GET"]}}],"collection":[{"href":"https:\/\/haberulus.net\/index.php?rest_route=\/wp\/v2\/posts"}],"about":[{"href":"https:\/\/haberulus.net\/index.php?rest_route=\/wp\/v2\/types\/post"}],"author":[{"embeddable":true,"href":"https:\/\/haberulus.net\/index.php?rest_route=\/wp\/v2\/users\/1"}],"replies":[{"embeddable":true,"href":"https:\/\/haberulus.net\/index.php?rest_route=%2Fwp%2Fv2%2Fcomments&post=120195"}],"version-history":[{"count":1,"href":"https:\/\/haberulus.net\/index.php?rest_route=\/wp\/v2\/posts\/120195\/revisions"}],"predecessor-version":[{"id":120197,"href":"https:\/\/haberulus.net\/index.php?rest_route=\/wp\/v2\/posts\/120195\/revisions\/120197"}],"wp:featuredmedia":[{"embeddable":true,"href":"https:\/\/haberulus.net\/index.php?rest_route=\/wp\/v2\/media\/120196"}],"wp:attachment":[{"href":"https:\/\/haberulus.net\/index.php?rest_route=%2Fwp%2Fv2%2Fmedia&parent=120195"}],"wp:term":[{"taxonomy":"category","embeddable":true,"href":"https:\/\/haberulus.net\/index.php?rest_route=%2Fwp%2Fv2%2Fcategories&post=120195"},{"taxonomy":"post_tag","embeddable":true,"href":"https:\/\/haberulus.net\/index.php?rest_route=%2Fwp%2Fv2%2Ftags&post=120195"}],"curies":[{"name":"wp","href":"https:\/\/api.w.org\/{rel}","templated":true}]}}