{"id":120234,"date":"2023-08-28T19:19:02","date_gmt":"2023-08-28T19:19:02","guid":{"rendered":"https:\/\/haberulus.net\/?p=120234"},"modified":"2023-08-28T19:19:02","modified_gmt":"2023-08-28T19:19:02","slug":"trumpin-secim-sonuclarini-degistirme-davasinda-durusma-tarihi-belli-oldu-on-secimden-bir-gun-once-hakim-karsisina-cikacak","status":"publish","type":"post","link":"https:\/\/haberulus.net\/?p=120234","title":{"rendered":"Trump&#8217;\u0131n se\u00e7im sonu\u00e7lar\u0131n\u0131 de\u011fi\u015ftirme davas\u0131nda duru\u015fma tarihi belli oldu! \u00d6n se\u00e7imden bir g\u00fcn \u00f6nce hakim kar\u015f\u0131s\u0131na \u00e7\u0131kacak"},"content":{"rendered":"<p>Eski ABD Ba\u015fkan\u0131 Donald Trump hakk\u0131nda, 2020 ba\u015fkanl\u0131k se\u00e7imi sonu\u00e7lar\u0131n\u0131 kendi lehine de\u011fi\u015ftirme giri\u015fimi iddias\u0131yla y\u00f6neltilen su\u00e7lamalar i\u00e7in a\u00e7\u0131lan davaya 4 Mart 2024&#8217;te ba\u015flanmas\u0131na karar verildi.<\/p>\n<p>Ba\u015fkent Washington D.C.&#8217;de Trump&#8217;\u0131n avukatlar\u0131 ile savc\u0131l\u0131k taraf\u0131, dava tarihi i\u00e7in hakim kar\u015f\u0131s\u0131na \u00e7\u0131kt\u0131. Duru\u015fmada Federal Yarg\u0131\u00e7 Tanya Chutkan, eski ABD Ba\u015fkan\u0131 Trump&#8217;a y\u00f6nelik 2020 ba\u015fkanl\u0131k se\u00e7imi sonu\u00e7lar\u0131na m\u00fcdahale etti\u011fi su\u00e7lamas\u0131yla a\u00e7\u0131lan davan\u0131n g\u00f6r\u00fclmesine 4 Mart 2024&#8217;te ba\u015flanmas\u0131na h\u00fckmetti.<\/p>\n<p><img decoding=\"async\" src=\"https:\/\/i.hbrcdn.com\/haber\/2023\/08\/28\/trump-in-secim-sonuclarini-degistirme-davasinda-16271513_9317_m.jpg\" alt=\"\" title=\"\"><\/p>\n<p><b>12 M\u0130LYON SAYFALIK \u0130DD\u0130A<\/b><\/p>\n<p>Yarg\u0131\u00e7 Chutkan, &#8220;Kamuoyunun bu meselenin h\u0131zl\u0131 ve etkili bir \u015fekilde \u00e7\u00f6z\u00fcme kavu\u015fturulmas\u0131 hakk\u0131 vard\u0131r.&#8221; ifadesini kulland\u0131. Adalet Bakanl\u0131\u011f\u0131 savc\u0131lar\u0131, davan\u0131n 2 Ocak 2024&#8217;te ba\u015flamas\u0131n\u0131 talep ederken, Trump&#8217;\u0131n avukatlar\u0131 ise yakla\u015f\u0131k 12 milyon sayfa tutar\u0131ndaki iddia ve delillerin incelenmesinin zaman alaca\u011f\u0131n\u0131 savunarak, davan\u0131n Nisan 2026&#8217;ya ertelenmesini istiyordu. Duru\u015fmada Trump&#8217;\u0131n avukat\u0131 John Lauro, Trump davas\u0131n\u0131n ABD tarihinde hukuki a\u00e7\u0131dan \u015fimdiye kadar getirilmi\u015f en benzersiz davalardan biri oldu\u011funu \u00f6ne s\u00fcrerek yarg\u0131c\u0131n ald\u0131\u011f\u0131 duru\u015fma tarihi karar\u0131ndan duydu\u011fu memnuniyetsizli\u011fi dile getirdi.<\/p>\n<p><img decoding=\"async\" src=\"https:\/\/i.hbrcdn.com\/haber\/2023\/08\/28\/trump-in-secim-sonuclarini-degistirme-davasinda-16271513_8785_m.jpg\" alt=\"\" title=\"\"><\/p>\n<p><b>5 MART&#8217;TA \u00d6N SE\u00c7\u0130MLER YAPILACAK<\/b><\/p>\n<p>Yarg\u0131\u00e7 Chutkan, Trump&#8217;\u0131n hukuki ekibine, &#8220;Burada bir duru\u015fma tarihinin belirlenmesinin san\u0131\u011f\u0131n ki\u015fisel veya mesleki y\u00fck\u00fcml\u00fcl\u00fcklerine ba\u011fl\u0131 olmad\u0131\u011f\u0131n\u0131 ve ba\u011fl\u0131 olmamas\u0131 gerekti\u011fini belirtmek isterim.&#8221; \u015feklinde cevap verdi. Siyasi uzmanlar, s\u00f6z konusu tarihin, ABD&#8217;deki \u00f6n  <strong>se\u00e7im<\/strong> maratonunda adaylar\u0131n belirlenmesinde en \u00f6nemli a\u015famalardan biri olarak de\u011ferlendirilen, 5 Mart&#8217;ta yap\u0131lacak &#8220;S\u00fcper Sal\u0131&#8221; \u00f6n se\u00e7imleri g\u00fcn\u00fcnden hemen \u00f6nceye gelmesine de dikkati \u00e7ekti.<\/p>\n<p><img decoding=\"async\" src=\"https:\/\/i.hbrcdn.com\/haber\/2023\/08\/28\/trump-in-secim-sonuclarini-degistirme-davasinda-16271513_2814_m.jpg\" alt=\"\" title=\"\"><\/p>\n<p><b>D\u0130\u011eER DAVALARININ TAR\u0130HLER\u0130 DE BELL\u0130 OLDU<\/b><\/p>\n<p>Trump, hakk\u0131nda a\u00e7\u0131lan di\u011fer davalar i\u00e7in, 2016 se\u00e7im kampanyas\u0131 s\u0131ras\u0131nda bir kad\u0131na &#8220;sus pay\u0131&#8221; \u00f6demekle ilgili su\u00e7lamalar nedeniyle 25 Mart 2024&#8217;te New York&#8217;ta, devlete ait gizli belgeleri Mar-a-Lago&#8217;daki malikanesinde saklamakla ilgili dava i\u00e7in de 14 ve 20 May\u0131s&#8217;ta Florida&#8217;da hakim kar\u015f\u0131s\u0131na \u00e7\u0131kacak.<\/p>\n<p><img decoding=\"async\" src=\"https:\/\/i.hbrcdn.com\/haber\/2023\/08\/28\/trump-in-secim-sonuclarini-degistirme-davasinda-16271513_1246_m.jpg\" alt=\"\" title=\"\"><\/p>\n<p><b>&#8220;6 OCAK KONGRE BASKINI&#8221; DAVASI<\/b><\/p>\n<p>Eski Ba\u015fkan Trump, 1 A\u011fustos&#8217;ta Washington DC B\u00f6lge Mahkemesine sunulan 45 sayfal\u0131k iddianamede, 2020 ba\u015fkanl\u0131k se\u00e7imlerine m\u00fcdahale etmekle su\u00e7lanm\u0131\u015ft\u0131.<\/p>\n<p><img decoding=\"async\" src=\"https:\/\/i.hbrcdn.com\/haber\/2023\/08\/28\/trump-in-secim-sonuclarini-degistirme-davasinda-16271513_6897_m.jpg\" alt=\"\" title=\"\"><\/p>\n<p><b>TRUMP&#8217;A 4 SU\u00c7LAMA Y\u00d6NELT\u0130LM\u0130\u015eT\u0130<\/b><\/p>\n<p>2020 ba\u015fkanl\u0131k se\u00e7imi sonu\u00e7lar\u0131n\u0131 kendi lehine de\u011fi\u015ftirme giri\u015fimine ili\u015fkin y\u00fcr\u00fct\u00fclen &#8220;6 Ocak Kongre bask\u0131n\u0131&#8221; soru\u015fturmalar\u0131 kapsam\u0131nda haz\u0131rlanan iddianamede Trump&#8217;a 4 su\u00e7lama y\u00f6neltilmi\u015fti. Su\u00e7lamalar, &#8220;ABD&#8217;yi yan\u0131ltmak i\u00e7in komplo kurma&#8221;, &#8220;resmi bir soru\u015fturmay\u0131 engellemek i\u00e7in komplo kurma&#8221;, &#8220;resmi bir soru\u015fturmay\u0131 engellemeye te\u015febb\u00fcs&#8221; ve &#8220;se\u00e7menlerin anayasal haklar\u0131n\u0131 kullanmalar\u0131n\u0131 engellemek i\u00e7in komplo kurma&#8221; iddialar\u0131n\u0131 i\u00e7eriyordu.<\/p>\n<p><img decoding=\"async\" src=\"https:\/\/i.hbrcdn.com\/haber\/2023\/08\/28\/trump-in-secim-sonuclarini-degistirme-davasinda-16271513_3223_m.jpg\" alt=\"\" title=\"\"><\/p>\n<p><b>6 OCAK KONGRE BASKININDA NE OLMU\u015eTU?<\/b><\/p>\n<p>ABD&#8217;de a\u015f\u0131r\u0131 sa\u011fc\u0131 gruplar ve Trump destek\u00e7ileri, 6 Ocak 2021&#8217;de, 3 Kas\u0131m 2020 se\u00e7iminin sonu\u00e7lar\u0131n\u0131n onaylanmas\u0131 i\u00e7in oturumun yap\u0131ld\u0131\u011f\u0131 Kongre binas\u0131n\u0131 basm\u0131\u015ft\u0131. Bask\u0131nda 1&#8217;i polis 5 ki\u015fi hayat\u0131n\u0131 kaybetmi\u015fti. Bask\u0131n nedeniyle halk\u0131 isyana te\u015fvikten azil istemiyle yarg\u0131lanan Trump, \u015eubat 2021&#8217;de Senatodaki oylamada aklanm\u0131\u015ft\u0131.<\/p>\n<p><img decoding=\"async\" src=\"https:\/\/i.hbrcdn.com\/haber\/2023\/08\/28\/trump-in-secim-sonuclarini-degistirme-davasinda-16271513_8310_m.jpg\" alt=\"\" title=\"\"><\/p>\n<p><b>SORU\u015eTURMA BA\u015eLATILMI\u015eTI<\/b><\/p>\n<p>Temsilciler Meclisindeki Demokratlar, Cumhuriyet\u00e7ilerin itiraz\u0131na ra\u011fmen bir komite kurmu\u015f ve olay\u0131 soru\u015fturmaya ba\u015flam\u0131\u015ft\u0131. Komite, Trump&#8217;\u0131n &#8220;isyan\u0131 tetiklemek, isyana yard\u0131m etmek ve buna ortam haz\u0131rlamak&#8221;, &#8220;resmi bir s\u00fcreci engellemeye \u00e7al\u0131\u015fmak&#8221;, &#8220;ABD&#8217;nin d\u00fczenini bozmak i\u00e7in komplo kurma&#8221;, &#8220;yanl\u0131\u015f a\u00e7\u0131klama yapmak suretiyle komplo kurma&#8221; gibi su\u00e7lar\u0131 i\u015flemi\u015f olabilece\u011fi sonucuna varm\u0131\u015ft\u0131.<\/p>\n<div>Kaynak: AA \/  Islam Do\u011fru &#8211;  Politika <\/div>\n","protected":false},"excerpt":{"rendered":"<p>Eski ABD Ba\u015fkan\u0131 Donald Trump hakk\u0131nda a\u00e7\u0131lan, 2020 ba\u015fkanl\u0131k se\u00e7imi sonu\u00e7lar\u0131n\u0131 de\u011fi\u015ftirme giri\u015fimi iddias\u0131na ili\u015fkin davan\u0131n duru\u015fma tarihi belli oldu. Trump&#8217;\u0131n 4 Mart 2024 tarihinde hakim kar\u015f\u0131s\u0131na \u00e7\u0131kmas\u0131 kararla\u015ft\u0131r\u0131ld\u0131. Duru\u015fma tarihinin 5 Mart&#8217;ta yap\u0131lacak \u00f6n se\u00e7imlerden hemen \u00f6nceki g\u00fcne denk gelmesi ise dikkat \u00e7ekti.<\/p>\n","protected":false},"author":1,"featured_media":120235,"comment_status":"closed","ping_status":"open","sticky":false,"template":"","format":"standard","meta":{"footnotes":""},"categories":[28],"tags":[11,443,775,320,2471],"class_list":["post-120234","post","type-post","status-publish","format-standard","has-post-thumbnail","hentry","category-politika","tag-abd","tag-baskan","tag-dava","tag-secim","tag-trump"],"_links":{"self":[{"href":"https:\/\/haberulus.net\/index.php?rest_route=\/wp\/v2\/posts\/120234","targetHints":{"allow":["GET"]}}],"collection":[{"href":"https:\/\/haberulus.net\/index.php?rest_route=\/wp\/v2\/posts"}],"about":[{"href":"https:\/\/haberulus.net\/index.php?rest_route=\/wp\/v2\/types\/post"}],"author":[{"embeddable":true,"href":"https:\/\/haberulus.net\/index.php?rest_route=\/wp\/v2\/users\/1"}],"replies":[{"embeddable":true,"href":"https:\/\/haberulus.net\/index.php?rest_route=%2Fwp%2Fv2%2Fcomments&post=120234"}],"version-history":[{"count":1,"href":"https:\/\/haberulus.net\/index.php?rest_route=\/wp\/v2\/posts\/120234\/revisions"}],"predecessor-version":[{"id":120236,"href":"https:\/\/haberulus.net\/index.php?rest_route=\/wp\/v2\/posts\/120234\/revisions\/120236"}],"wp:featuredmedia":[{"embeddable":true,"href":"https:\/\/haberulus.net\/index.php?rest_route=\/wp\/v2\/media\/120235"}],"wp:attachment":[{"href":"https:\/\/haberulus.net\/index.php?rest_route=%2Fwp%2Fv2%2Fmedia&parent=120234"}],"wp:term":[{"taxonomy":"category","embeddable":true,"href":"https:\/\/haberulus.net\/index.php?rest_route=%2Fwp%2Fv2%2Fcategories&post=120234"},{"taxonomy":"post_tag","embeddable":true,"href":"https:\/\/haberulus.net\/index.php?rest_route=%2Fwp%2Fv2%2Ftags&post=120234"}],"curies":[{"name":"wp","href":"https:\/\/api.w.org\/{rel}","templated":true}]}}