{"id":120237,"date":"2023-08-28T19:19:03","date_gmt":"2023-08-28T19:19:03","guid":{"rendered":"https:\/\/haberulus.net\/?p=120237"},"modified":"2023-08-28T19:19:03","modified_gmt":"2023-08-28T19:19:03","slug":"hdpnin-e-receteye-yonelik-kurtce-tepkisine-saglik-bakani-fahrettin-kocadan-yanit-geldi","status":"publish","type":"post","link":"https:\/\/haberulus.net\/?p=120237","title":{"rendered":"HDP&#8217;nin e-Re\u00e7ete&#8217;ye y\u00f6nelik K\u00fcrt\u00e7e tepkisine Sa\u011fl\u0131k Bakan\u0131 Fahrettin Koca&#8217;dan yan\u0131t geldi"},"content":{"rendered":"<p> <strong>Sa\u011fl\u0131k Bakan\u0131<\/strong> Fahrettin Koca, e-Re\u00e7etem sistemine 5 dil eklendi\u011fini duyurmu\u015f, \u0130ngilizce, Almanca, Arap\u00e7a, Frans\u0131zca ve Rus\u00e7a dillerinin aras\u0131nda K\u00fcrt\u00e7e&#8217;nin olmamas\u0131na tepki g\u00f6steren HDP&#8217;den yap\u0131lan a\u00e7\u0131klamada ise &#8220;Hay\u0131rl\u0131 olsun tabii ama, bu topraklar\u0131n kadim dili olan K\u00fcrt\u00e7e nerede, neden sisteme eklemediniz? Hani K\u00fcrt sorunu yoktu, hani K\u00fcrtlere ayr\u0131mc\u0131l\u0131k yapm\u0131yordunuz?&#8221; ifadeleri yer alm\u0131\u015ft\u0131. Tart\u0131\u015fmalar sonras\u0131 konuyla ilgili yeni bir a\u00e7\u0131klama daha yapan Bakan Koca, &#8220;Uluslararas\u0131 ba\u015far\u0131dan do\u011fan bir ihtiyac\u0131n b\u00fcy\u00fck emeklerle \u00e7\u00f6z\u00fcme kavu\u015fturulmas\u0131 tart\u0131\u015fma konusu edilebilir mi? Maalesef edenler var. Bilmediklerindendir&#8221; ifadelerini kulland\u0131.<\/p>\n<p><b>BAKAN KOCA: HAYIRLI OLSUN<\/b><\/p>\n<p> <strong>Sa\u011fl\u0131k Bakan\u0131<\/strong> Fahrettin Koca, d\u00fcn sosyal medya hesab\u0131ndan payla\u015ft\u0131\u011f\u0131 mesajda, &#8220;e-Re\u00e7etem sisteminde test i\u015flemi tamamlanan diller, d\u00fcn sabah saatlerinde canl\u0131 ortama al\u0131nmaya ba\u015flanm\u0131\u015f olup, t\u00fcm dillerin (\u0130ngilizce, Almanca, Arap\u00e7a, Frans\u0131zca ve Rus\u00e7a) canl\u0131 ortama al\u0131nmas\u0131 bug\u00fcn tamamlanm\u0131\u015ft\u0131r. Hay\u0131rl\u0131 olsun&#8221; ifadelerini kullanm\u0131\u015ft\u0131.<\/p>\n<p><img decoding=\"async\" src=\"https:\/\/i.hbrcdn.com\/haber\/2023\/08\/28\/hdp-nin-e-recete-ye-yonelik-kurtce-tepkisine-16271642_615_m.jpg\" alt=\"\" title=\"\"><\/p>\n<p><b>HDP&#8217;DEN TEPK\u0130 GEC\u0130KMED\u0130<\/b><\/p>\n<p>HDP&#8217;nin resmi sosyal medya hesab\u0131ndan ise bu duruma tepki g\u00f6sterilmi\u015fti. K\u00fcrt\u00e7e&#8217;nin olmamas\u0131na dikkat \u00e7ekilen a\u00e7\u0131klamada, &#8220;Hay\u0131rl\u0131 olsun tabii ama, bu topraklar\u0131n kadim dili olan K\u00fcrt\u00e7e nerede, neden sisteme eklemediniz? Hani K\u00fcrt sorunu yoktu, hani K\u00fcrtlere ayr\u0131mc\u0131l\u0131k yapm\u0131yordunuz? AK Parti&#8217;yi destekleyen K\u00fcrtler siz de bu sorular\u0131 sormuyor musunuz? Say\u0131n Fahrettin Koca, dilinize hi\u00e7bir zaman hakim olamad\u0131n\u0131z.&#8221; ifadeleri yer alm\u0131\u015ft\u0131.<\/p>\n<p><img decoding=\"async\" src=\"https:\/\/i.hbrcdn.com\/haber\/2023\/08\/28\/hdp-nin-e-recete-ye-yonelik-kurtce-tepkisine-16271642_1428_m.jpg\" alt=\"\" title=\"\"><\/p>\n<p><b>BAKAN KOCA&#8217;DAN TARTI\u015eMA SONRASI YEN\u0130 A\u00c7IKLAMA<\/b><\/p>\n<p>Tart\u0131\u015fmalar\u0131n ard\u0131ndan konuyla ilgili yeni bir a\u00e7\u0131klamada bulunan Sa\u011fl\u0131k Bakan\u0131 Fahrettin Koca, &#8220;E-Re\u00e7etem sistemine \u0130ngilizce, Almanca, Arap\u00e7a, Frans\u0131zca ve Rus\u00e7a olmak \u00fczere 5 yabanc\u0131 dil eklendi. E-Re\u00e7etem sistemine bu 5 dilin eklenmesine turistler ve yabanc\u0131 uyruklu hastalar i\u00e7in ihtiya\u00e7 duyulmu\u015ftur. Kendi vatanda\u015flar\u0131m\u0131z i\u00e7inse bu dillerden birinde re\u00e7ete yaz\u0131lmas\u0131 s\u00f6z konusu de\u011fildir. Sisteme T.C. Kimlik Numaras\u0131 ile girildi\u011finde ek uygulama devre d\u0131\u015f\u0131 olmakta, sadece T\u00fcrk\u00e7e hizmet al\u0131nabilmektedir.<\/p>\n<p>T\u00fcrkiye sa\u011fl\u0131k turizminde her duyarl\u0131 yurtta\u015f\u0131n\u0131n \u00f6v\u00fcn\u00e7 duyaca\u011f\u0131 geli\u015fmeler g\u00f6steriyor ve potansiyelini harekete ge\u00e7irecek yat\u0131r\u0131mlar yap\u0131yor. Yabanc\u0131 hastalar\u0131m\u0131z\u0131n kendi dillerini konu\u015fan hekimlerimizden hizmet alma imk\u00e2n\u0131 art\u0131yor. Baz\u0131 hastalar T\u00fcrkiye&#8217;de muayene olup, ila\u00e7lar\u0131n\u0131 kendi \u00fclkelerinde temin ediyor. E-Re\u00e7etem sistemine 5 yabanc\u0131 dilin ilave edilmesi sa\u011fl\u0131k hizmetlerindeki uluslararas\u0131 ba\u015far\u0131dan do\u011fan bir ihtiya\u00e7t\u0131r. Uluslararas\u0131 ba\u015far\u0131dan do\u011fan bir ihtiyac\u0131n b\u00fcy\u00fck emeklerle \u00e7\u00f6z\u00fcme kavu\u015fturulmas\u0131 tart\u0131\u015fma konusu edilebilir mi? Maalesef edenler var. Bilmediklerindendir&#8221; dedi.<\/p>\n<p><img decoding=\"async\" src=\"https:\/\/i.hbrcdn.com\/haber\/2023\/08\/28\/hdp-nin-e-recete-ye-yonelik-kurtce-tepkisine-16271642_4736_m.jpg\" alt=\"\" title=\"\"><\/p>\n","protected":false},"excerpt":{"rendered":"<p>Sa\u011fl\u0131k Bakan\u0131 Fahrettin Koca d\u00fcn yapt\u0131\u011f\u0131 a\u00e7\u0131klamada e-Re\u00e7ete sistemine \u0130ngilizce, Almanca, Arap\u00e7a, Frans\u0131zca ve Rus\u00e7a dillerinin eklendi\u011fini belirtmi\u015f, bu dillerin aras\u0131nda K\u00fcrt\u00e7e&#8217;nin bulunmamas\u0131 ise HDP&#8217;nin sert tepkisine neden olmu\u015ftu. Konuyla ilgili tart\u0131\u015fmalara ili\u015fkin yeni bir a\u00e7\u0131klama yapan Bakan Koca, &#8220;Uluslararas\u0131 ba\u015far\u0131dan do\u011fan bir ihtiyac\u0131n b\u00fcy\u00fck emeklerle \u00e7\u00f6z\u00fcme kavu\u015fturulmas\u0131 tart\u0131\u015fma konusu edilebilir mi? Maalesef edenler var. Bilmediklerindendir&#8221; ifadelerini kulland\u0131.<\/p>\n","protected":false},"author":1,"featured_media":120238,"comment_status":"closed","ping_status":"open","sticky":false,"template":"","format":"standard","meta":{"footnotes":""},"categories":[28],"tags":[366,1832,13828,3498,1171],"class_list":["post-120237","post","type-post","status-publish","format-standard","has-post-thumbnail","hentry","category-politika","tag-bakan","tag-dil","tag-e-recetem","tag-kurt","tag-tartisma"],"_links":{"self":[{"href":"https:\/\/haberulus.net\/index.php?rest_route=\/wp\/v2\/posts\/120237","targetHints":{"allow":["GET"]}}],"collection":[{"href":"https:\/\/haberulus.net\/index.php?rest_route=\/wp\/v2\/posts"}],"about":[{"href":"https:\/\/haberulus.net\/index.php?rest_route=\/wp\/v2\/types\/post"}],"author":[{"embeddable":true,"href":"https:\/\/haberulus.net\/index.php?rest_route=\/wp\/v2\/users\/1"}],"replies":[{"embeddable":true,"href":"https:\/\/haberulus.net\/index.php?rest_route=%2Fwp%2Fv2%2Fcomments&post=120237"}],"version-history":[{"count":1,"href":"https:\/\/haberulus.net\/index.php?rest_route=\/wp\/v2\/posts\/120237\/revisions"}],"predecessor-version":[{"id":120239,"href":"https:\/\/haberulus.net\/index.php?rest_route=\/wp\/v2\/posts\/120237\/revisions\/120239"}],"wp:featuredmedia":[{"embeddable":true,"href":"https:\/\/haberulus.net\/index.php?rest_route=\/wp\/v2\/media\/120238"}],"wp:attachment":[{"href":"https:\/\/haberulus.net\/index.php?rest_route=%2Fwp%2Fv2%2Fmedia&parent=120237"}],"wp:term":[{"taxonomy":"category","embeddable":true,"href":"https:\/\/haberulus.net\/index.php?rest_route=%2Fwp%2Fv2%2Fcategories&post=120237"},{"taxonomy":"post_tag","embeddable":true,"href":"https:\/\/haberulus.net\/index.php?rest_route=%2Fwp%2Fv2%2Ftags&post=120237"}],"curies":[{"name":"wp","href":"https:\/\/api.w.org\/{rel}","templated":true}]}}