{"id":12031,"date":"2022-07-22T08:21:05","date_gmt":"2022-07-22T08:21:05","guid":{"rendered":"https:\/\/haberulus.net\/?p=12031"},"modified":"2022-07-22T08:21:05","modified_gmt":"2022-07-22T08:21:05","slug":"covidde-yeni-belirti-uykusuzluk","status":"publish","type":"post","link":"https:\/\/haberulus.net\/?p=12031","title":{"rendered":"Covid\u2019de yeni belirti: Uykusuzluk"},"content":{"rendered":"<p><b>T\u00fcrkiye ve d\u00fcnya genelinde Covid-19 pandemisi, yeni varyantlarla etkisini s\u00fcrd\u00fcr\u00fcrken, \u0130ngiltere&#8217;den Omicron BA.5 alt varyant\u0131n\u0131n belirtileriyle ilgili yeni ara\u015ft\u0131rma sonu\u00e7lar\u0131 geldi.<\/b><\/p>\n<p>2019 y\u0131l\u0131n\u0131n sonunda \u00c7in&#8217;de ortaya \u00e7\u0131kan ve k\u0131sa s\u00fcrede d\u00fcnyaya yay\u0131lan Covid-19 salg\u0131n\u0131yla ilgili \u0130ngiltere&#8217;den dikkat \u00e7ekici bir a\u00e7\u0131klama geldi.<\/p>\n<p>\u0130ngiltere&#8217;nin \u00f6nde gelen ba\u011f\u0131\u015f\u0131kl\u0131k uzmanlar\u0131ndan biri olan Trinity College Dublin\u2019den Profes\u00f6r Luke O&#8217;Neill, Covid&#8217;in Omicron BA.5 alt varyant\u0131n\u0131n belirtileriyle ilgili \u00e7arp\u0131c\u0131 bir a\u00e7\u0131klama yapt\u0131. Bu h\u0131zl\u0131 bula\u015fan ve \u00f6zellikle Avrupa&#8217;da vaka say\u0131lar\u0131n\u0131n yeniden artmas\u0131na yol a\u00e7an alt varyant\u0131n bug\u00fcne kadar pandemide bilinenden farkl\u0131 semptomlara yol a\u00e7t\u0131\u011f\u0131na dikkat \u00e7eken uzman, bunlar aras\u0131nda en belirgin semptomun uykusuzluk oldu\u011funa dikkat \u00e7ekti.<\/p>\n<p>Ara\u015ft\u0131rmalarda Omicron BA.5 varyant\u0131n\u0131n bula\u015ft\u0131ktan sonra haftalar boyunca yay\u0131lmaya devam etti\u011fi ve bula\u015ft\u0131r\u0131c\u0131 etkisini korudu\u011fu da tespit edildi.<\/p>\n<p>Profes\u00f6r Luke O&#8217;Neill, son d\u00f6nemde Covid hastalar\u0131 aras\u0131nda h\u0131zla artan uykusuzluk durumunun Omicron BA.5&#8217;in en dikkat \u00e7eken belirtilerinden biri haline geldi\u011fine dikkat \u00e7ekti. O&#8217;Neill, d\u00fcn kat\u0131ld\u0131\u011f\u0131 bir programda, vir\u00fcs\u00fcn de\u011fi\u015fmesi nedeniyle Covid hastal\u0131\u011f\u0131n\u0131n da de\u011fi\u015fmeye devam etti\u011fini belirterek \u201cBA.5&#8217;in bir belirtisi de gece terlemeleri. Bu tuhaf de\u011fil mi?\u201d dedi. \u00dcnl\u00fc uzman, a\u015f\u0131 ve destekleyici a\u015f\u0131 olman\u0131n hastal\u0131\u011f\u0131n a\u011f\u0131r seyretmesini engelledi\u011fini vurgulad\u0131.<\/p>\n<p><strong>DS\u00d6: VAKA SAYILARI YEN\u0130DEN ARTACAK<\/strong><\/p>\n<p>BA.5 ve BA.4 alt varyantlar\u0131 son d\u00f6nemde ABD ve Avrupa&#8217;da bask\u0131n varyant haline geldi. Omicron&#8217;un alt varyant\u0131 BA.5 ilk olarak \u015fubat ay\u0131nda G\u00fcney Afrika&#8217;da ortaya \u00e7\u0131km\u0131\u015f ve d\u00fcnyada vaka say\u0131lar\u0131n\u0131n h\u0131zla artmas\u0131na yol a\u00e7m\u0131\u015ft\u0131. D\u00fcnya Sa\u011fl\u0131k \u00d6rg\u00fct\u00fc\u2019n\u00fcn T\u00fcrkiye\u2019yi de kapsayan Avrupa B\u00f6lge Direkt\u00f6r\u00fc Dr. Hans Henri Kluge, sal\u0131 g\u00fcn\u00fc yapt\u0131\u011f\u0131 a\u00e7\u0131klamada \u201cSon 6 haftada vaka say\u0131lar\u0131 \u00fc\u00e7 kat artt\u0131\u201d demi\u015fti.<\/p>\n<p>Kluge, hastaneye yat\u0131\u015flarda ciddi bir art\u0131\u015f oldu\u011funu ve okullar\u0131n a\u00e7\u0131l\u0131p yaz d\u00f6neminin bitmesiyle vakalar\u0131n artaca\u011f\u0131na dikkat \u00e7ekmi\u015fti.<\/p>\n","protected":false},"excerpt":{"rendered":"<p>T\u00fcrkiye ve d\u00fcnya genelinde Covid-19 pandemisi, yeni varyantlarla etkisini s\u00fcrd\u00fcr\u00fcrken, \u0130ngiltere&#8217;den Omicron BA.5 alt varyant\u0131n\u0131n belirtileriyle &#8230;<\/p>\n","protected":false},"author":1,"featured_media":12032,"comment_status":"open","ping_status":"open","sticky":false,"template":"","format":"standard","meta":{"footnotes":""},"categories":[30],"tags":[1224,1013,1588,175,1586],"class_list":["post-12031","post","type-post","status-publish","format-standard","has-post-thumbnail","hentry","category-saglik","tag-covid","tag-dikkat","tag-omicron","tag-vaka","tag-varyant"],"_links":{"self":[{"href":"https:\/\/haberulus.net\/index.php?rest_route=\/wp\/v2\/posts\/12031","targetHints":{"allow":["GET"]}}],"collection":[{"href":"https:\/\/haberulus.net\/index.php?rest_route=\/wp\/v2\/posts"}],"about":[{"href":"https:\/\/haberulus.net\/index.php?rest_route=\/wp\/v2\/types\/post"}],"author":[{"embeddable":true,"href":"https:\/\/haberulus.net\/index.php?rest_route=\/wp\/v2\/users\/1"}],"replies":[{"embeddable":true,"href":"https:\/\/haberulus.net\/index.php?rest_route=%2Fwp%2Fv2%2Fcomments&post=12031"}],"version-history":[{"count":1,"href":"https:\/\/haberulus.net\/index.php?rest_route=\/wp\/v2\/posts\/12031\/revisions"}],"predecessor-version":[{"id":12033,"href":"https:\/\/haberulus.net\/index.php?rest_route=\/wp\/v2\/posts\/12031\/revisions\/12033"}],"wp:featuredmedia":[{"embeddable":true,"href":"https:\/\/haberulus.net\/index.php?rest_route=\/wp\/v2\/media\/12032"}],"wp:attachment":[{"href":"https:\/\/haberulus.net\/index.php?rest_route=%2Fwp%2Fv2%2Fmedia&parent=12031"}],"wp:term":[{"taxonomy":"category","embeddable":true,"href":"https:\/\/haberulus.net\/index.php?rest_route=%2Fwp%2Fv2%2Fcategories&post=12031"},{"taxonomy":"post_tag","embeddable":true,"href":"https:\/\/haberulus.net\/index.php?rest_route=%2Fwp%2Fv2%2Ftags&post=12031"}],"curies":[{"name":"wp","href":"https:\/\/api.w.org\/{rel}","templated":true}]}}