{"id":120330,"date":"2023-08-29T06:35:06","date_gmt":"2023-08-29T06:35:06","guid":{"rendered":"https:\/\/haberulus.net\/?p=120330"},"modified":"2023-08-29T06:35:06","modified_gmt":"2023-08-29T06:35:06","slug":"5-yetmez-55-verin","status":"publish","type":"post","link":"https:\/\/haberulus.net\/?p=120330","title":{"rendered":"5 yetmez 55 verin"},"content":{"rendered":"<div>\n<div> <img decoding=\"async\" src=\"https:\/\/i01.sozcucdn.com\/wp-content\/themes\/Sozcu_V4\/assets\/images\/yazarlar\/devrim-demirel.png?v=8.0.6.11\" alt=\"\" title=\"\"> <\/div>\n<div>\n<div> Devrim Demirel <\/p>\n<div>  \u0130leti\u015fim Bilgileri <\/div>\n<\/p><\/div>\n<\/p><\/div>\n<\/p><\/div>\n<p>Milli Erkek Basketbol Tak\u0131m\u0131, D\u00fcnya Kupas\u0131&#8217;ndan sonra olimpiyat vizesi de alamad\u0131. Bu tablodan utanmas\u0131 gereken as\u0131l sorumlular in\u015faat \u00f6n\u00fcnde \u015fov yaparken ba\u015far\u0131s\u0131zl\u0131\u011f\u0131n faturas\u0131 iki dev\u015firmeye kesildi. Biri Efes&#8217;te di\u011feri Fenerbah\u00e7e&#8217;de olmasa 5 de\u011fil 55 ma\u00e7 men cezas\u0131 al\u0131rlard\u0131!<\/p>\n<p>Larkin ve Wilbekin, milli m\u00fcsabakaya kat\u0131lmama nedeniyle ceza ald\u0131klar\u0131 i\u00e7in, TBF&#8217;nin talimatlar\u0131na g\u00f6re \u2018yerli&#8217; stat\u00fclerini kaybetti. Tahkime itirazlardan sonu\u00e7 \u00e7\u0131kmazsa Efes ve Fenerbah\u00e7e, ligimizde bu oyuncular\u0131 yabanc\u0131 stat\u00fcs\u00fcnde oynatabilecek.<\/p>\n<p>H\u0131rvatistan\u2019a yenildi\u011fimiz ma\u00e7\u0131n sonunu izlemeden salondan ka\u00e7an biri 20 A\u011fustos&#8217;ta konu\u015facakt\u0131 bu konuda\u2026 O ne oldu?<\/p>\n<p>2016&#8217;dan beri T\u00fcrk basketbolunu y\u00f6neten mevcut ekibin erkek tak\u0131m\u0131, 6 b\u00fcy\u00fck turnuvan\u0131n 3&#8217;\u00fcne gidemedi; gitti\u011fi 3&#8217;\u00fcnde de en iyi 10&#8217;unculuk g\u00f6rd\u00fc. 2000&#8217;lerde 2 olimpiyata giden kad\u0131nlarda da durum vahim! Son 3 Avrupa \u015eampiyonas\u0131&#8217;nda gruptan bile \u00e7\u0131kamad\u0131\u2026<\/p>\n<p><b>ALTYAPILAR?<\/b><\/p>\n<p>ABD&#8217;nin yine sistem denemesi yap\u0131p umursamad\u0131\u011f\u0131 U-19 D\u00fcnya Kupas\u0131&#8217;nda tek ciddi rakibimiz olan \u0130spanya&#8217;dan 32 fark yedik. \u00dc\u00e7\u00fcnc\u00fcl\u00fck; \u0130spanya&#8217;n\u0131n domine etti\u011fi t\u00fcm alt ya\u015f gruplar\u0131ndaki son turnuvalarda, tek tesellimiz oldu\u2026 U-16 K\u0131zlar, Konya&#8217;da 16 tak\u0131m aras\u0131nda 15. olup k\u00fcme d\u00fc\u015ft\u00fc!<\/p>\n<p>A\u011fustos 2023 itibariyle T\u00fcrk basketbolu, T\u00fcrk voleybolunun resmen gerisinde ve g\u00f6lgesinde kald\u0131. Voleybol yerine basketbola yat\u0131r\u0131m yapan sponsorlar sa\u00e7-ba\u015f yoluyor!<\/p>\n<p>D\u00fcnya 1 numaras\u0131 voleybolcular Milletler Ligi&#8217;nden sonra Avrupa \u015eampiyonas\u0131&#8217;nda da alt\u0131n al\u0131p ard\u0131ndan olimpiyata giderse; \u00fcst\u00fcne erkekler de beklentilerin \u00fczerine \u00e7\u0131karsa; basketbolun ruhuna El Fatiha!<\/p>\n<p>T\u00fcrk basketbolunu y\u00f6netenler ve bu kara tablodan sorumlu olan di\u011fer t\u00fcm payda\u015flar, voleybolun ana sponsoru Vestel&#8217;in son reklam\u0131n\u0131 izlesin. Basketbolun medyada voleybolun g\u00f6lgesinde kalmas\u0131n\u0131n, ciddiye al\u0131nmamas\u0131n\u0131n; birka\u00e7\u0131 hari\u00e7 milli basketbolcular\u0131 sokakta kimsenin tan\u0131mamas\u0131n\u0131n; salonlarda koltuklar\u0131n, bas\u0131n trib\u00fcnlerinin bo\u015falmas\u0131n\u0131n; ve art\u0131k basketbolu kimsenin umursamamas\u0131n\u0131n nedenlerini anlarlar belki!<\/p>\n<p><b>K\u0130M UTANACAK?<\/b><\/p>\n<p>Olimpiyatlardan sonra atletizmin en \u00f6nemli organizasyonunun ev sahibiydi Budape\u015fte. 200&#8217;e yak\u0131n \u00fclkeden ve m\u00fclteci tak\u0131m\u0131ndan atletler, 49 disiplinde yar\u0131\u015ft\u0131. 148 madalya da\u011f\u0131t\u0131ld\u0131 ana sporun d\u00fcnya \u015fampiyonas\u0131nda. T\u00fcrkiye ne yapt\u0131? 17 atlet, bir final, bir yar\u0131 final, s\u0131f\u0131r k\u00fcrs\u00fc\u2026 Ba\u015far\u0131 sayarsan\u0131z; iki olimpiyat kotas\u0131!<\/p>\n<p>Tek finalistimiz Ersu 12 sporcu aras\u0131nda 12. oldu. Olimpiyat deneyimli Eda&#8217;n\u0131n kay\u0131tlara ge\u00e7ecek derecesi bile yoktu! Ramil, Yasmani final g\u00f6remedi. Son \u00fc\u00e7 D\u00fcnya \u015eampiyonas\u0131&#8217;ndaki madalya say\u0131m\u0131z s\u0131f\u0131rda kal\u0131rken g\u00f6zler, T\u00fcrk atletizmini k\u00fcme d\u00fc\u015f\u00fcrmeyi ba\u015faran federasyon ba\u015fkan\u0131na \u00e7evrildi.<\/p>\n<p>Tarihi ba\u015far\u0131s\u0131zl\u0131klar, art arda s\u00fcr\u00fclen kara lekeler yetmedi\u2026 Manip\u00fclasyon dahil ortada onlarca skandal varken; T\u00fcrkiye takibe girmi\u015fken; Avrupa, Balkanlar derken World Athletics y\u00f6netimine de pes dedirten bir kararla aday oldu ve yine kaybetti!<\/p>\n<p>Se\u00e7im \u00f6ncesi sosyal medya hesab\u0131ndan harika T\u00fcrk\u00e7esiyle iddial\u0131 mesajlar verip tehditler savuran, yenilginin ard\u0131ndan yine o harika T\u00fcrk\u00e7esiyle te\u015fekk\u00fcr mesaj\u0131 payla\u015fan ba\u015fkan masada; sporcular sahada kaybetti\u2026 T\u00fcrkiye ise yine prestij kaybetti!<\/p>\n<p>Ba\u015fkan, Akdeniz&#8217;in y\u00f6netimine girdim diye sevinirken kim utanacak?<\/p>\n<div>  <span> <img decoding=\"async\" src=\"https:\/\/i01.sozcucdn.com\/wp-content\/themes\/Sozcu_V4\/assets\/images\/yazarlar\/devrim-demirel.png?v=8.0.6.11\" alt=\"\" title=\"\"><br \/> <\/span> <span> <span>Devrim Demirel<\/span>  <\/span>  <\/div>\n","protected":false},"excerpt":{"rendered":"<p>Devrim Demirel \u0130leti\u015fim Bilgileri Milli Erkek Basketbol Tak\u0131m\u0131, D\u00fcnya Kupas\u0131&#8217;ndan sonra olimpiyat vizesi de alamad\u0131. Bu tablodan utanmas\u0131 gereken as\u0131l sorumlular in\u015faat \u00f6n\u00fcnde \u015fov yaparken ba\u015far\u0131s\u0131zl\u0131\u011f\u0131n faturas\u0131 iki dev\u015firmeye kesildi &#8230;<\/p>\n","protected":false},"author":1,"featured_media":120331,"comment_status":"closed","ping_status":"open","sticky":false,"template":"","format":"standard","meta":{"footnotes":""},"categories":[31],"tags":[5101,141,5045,87,702],"class_list":["post-120330","post","type-post","status-publish","format-standard","has-post-thumbnail","hentry","category-spor","tag-basketbol","tag-dunya","tag-olimpiyat","tag-turk","tag-voleybol"],"_links":{"self":[{"href":"https:\/\/haberulus.net\/index.php?rest_route=\/wp\/v2\/posts\/120330","targetHints":{"allow":["GET"]}}],"collection":[{"href":"https:\/\/haberulus.net\/index.php?rest_route=\/wp\/v2\/posts"}],"about":[{"href":"https:\/\/haberulus.net\/index.php?rest_route=\/wp\/v2\/types\/post"}],"author":[{"embeddable":true,"href":"https:\/\/haberulus.net\/index.php?rest_route=\/wp\/v2\/users\/1"}],"replies":[{"embeddable":true,"href":"https:\/\/haberulus.net\/index.php?rest_route=%2Fwp%2Fv2%2Fcomments&post=120330"}],"version-history":[{"count":1,"href":"https:\/\/haberulus.net\/index.php?rest_route=\/wp\/v2\/posts\/120330\/revisions"}],"predecessor-version":[{"id":120332,"href":"https:\/\/haberulus.net\/index.php?rest_route=\/wp\/v2\/posts\/120330\/revisions\/120332"}],"wp:featuredmedia":[{"embeddable":true,"href":"https:\/\/haberulus.net\/index.php?rest_route=\/wp\/v2\/media\/120331"}],"wp:attachment":[{"href":"https:\/\/haberulus.net\/index.php?rest_route=%2Fwp%2Fv2%2Fmedia&parent=120330"}],"wp:term":[{"taxonomy":"category","embeddable":true,"href":"https:\/\/haberulus.net\/index.php?rest_route=%2Fwp%2Fv2%2Fcategories&post=120330"},{"taxonomy":"post_tag","embeddable":true,"href":"https:\/\/haberulus.net\/index.php?rest_route=%2Fwp%2Fv2%2Ftags&post=120330"}],"curies":[{"name":"wp","href":"https:\/\/api.w.org\/{rel}","templated":true}]}}