{"id":120363,"date":"2023-08-29T07:21:04","date_gmt":"2023-08-29T07:21:04","guid":{"rendered":"https:\/\/haberulus.net\/?p=120363"},"modified":"2023-08-29T07:21:04","modified_gmt":"2023-08-29T07:21:04","slug":"arslan-eksi-ilk-hedefimiz-tarihe-gecmek","status":"publish","type":"post","link":"https:\/\/haberulus.net\/?p=120363","title":{"rendered":"Arslan Ek\u015fi: \u0130lk hedefimiz tarihe ge\u00e7mek"},"content":{"rendered":"<p>2023 CEV Erkekler Avrupa Voleybol \u015eampiyonas\u0131nda ilk ma\u00e7\u0131nda 30 A\u011fustos \u00c7ar\u015famba g\u00fcn\u00fc Fransa ile kar\u015f\u0131la\u015facak T\u00fcrkiye A Milli Erkek Voleybol Tak\u0131m\u0131\u2019n\u0131n kaptan\u0131 Arslan Ek\u015fi, T\u00fcrkiye Voleybol Federasyonu\u2019nun resmi internet sitesine turnuvadan \u00f6nce de\u011ferlendirmelerde bulundu.<\/p>\n<p>Arslan Ek\u015fi, a\u00e7\u0131klamalar\u0131nda \u015funlar\u0131 kaydetti:<\/p>\n<p>\u201cAvrupa \u015fampiyonas\u0131na \u00e7ok iyi haz\u0131rland\u0131k. Hem CEV Avrupa Alt\u0131n Ligi\u2019nde hem FIVB Challenger Kupas\u0131\u2019nda istedi\u011fimizi ald\u0131k. Tak\u0131m olarak iyi durumday\u0131z. Sezon ba\u015f\u0131ndan beri yo\u011fun bir tempo i\u00e7erisindeyiz. Ana hedefimiz olan Uluslar Ligi\u2019ne kat\u0131lma hakk\u0131n\u0131 elde ettik. Art\u0131k bundan sonra hem Avrupa \u015fampiyonas\u0131 hem olimpiyat elemesi i\u00e7in \u00e7al\u0131\u015f\u0131yoruz. \u0130lk ma\u00e7\u0131m\u0131z\u0131 30 A\u011fustos\u2019ta Fransa ile oynuyoruz. Fransa son olimpiyat \u015fampiyonu ciddi bir ekip. Uzun bir turnuva olacak. Tak\u0131m olarak ilk hedefimiz tarihe ge\u00e7mek. \u00c7eyrek final oynamak istiyoruz. Tarihimizde Avrupa \u015eampiyonas\u0131\u2019nda hi\u00e7 \u00e7eyrek final oynamad\u0131k. Sonra s\u0131ras\u0131yla yar\u0131 final ve finale gitmek istiyoruz. Seviyemizi ve ger\u00e7ek g\u00fcc\u00fcm\u00fcz\u00fc g\u00f6stermek istiyoruz.\u201d<\/p>\n<p>Milliler, 28 A\u011fustos-16 Eyl\u00fcl tarihlerinde \u0130talya, Kuzey Makedonya, Bulgaristan ve \u0130srail\u2019in ev sahipli\u011finde d\u00fczenlenecek \u015fampiyonada D Grubu\u2019nda Fransa, Romanya, Yunanistan, Portekiz ve \u0130srail ile m\u00fccadele edecek.<\/p>\n<p>Ay-y\u0131ld\u0131zl\u0131lar, grup a\u015famas\u0131ndaki kar\u015f\u0131la\u015fmalar\u0131n\u0131 \u0130srail\u2019in Tel Aviv kentinde oynayacak. (DHA)<\/p>\n","protected":false},"excerpt":{"rendered":"<p>T\u00fcrliye A Milli Erkek Voleybol Tak\u0131m\u0131 Kaptan Arslan Ek\u015fi &#8220;\u00c7eyrek final oynamak istiyoruz. Tarihimizde Avrupa \u015eampiyonas\u0131nda hi\u00e7 \u00e7eyrek final oynamad\u0131k&#8221; dedi.<\/p>\n","protected":false},"author":1,"featured_media":120364,"comment_status":"closed","ping_status":"open","sticky":false,"template":"","format":"standard","meta":{"footnotes":""},"categories":[31],"tags":[253],"class_list":["post-120363","post","type-post","status-publish","format-standard","has-post-thumbnail","hentry","category-spor","tag-avrupa"],"_links":{"self":[{"href":"https:\/\/haberulus.net\/index.php?rest_route=\/wp\/v2\/posts\/120363","targetHints":{"allow":["GET"]}}],"collection":[{"href":"https:\/\/haberulus.net\/index.php?rest_route=\/wp\/v2\/posts"}],"about":[{"href":"https:\/\/haberulus.net\/index.php?rest_route=\/wp\/v2\/types\/post"}],"author":[{"embeddable":true,"href":"https:\/\/haberulus.net\/index.php?rest_route=\/wp\/v2\/users\/1"}],"replies":[{"embeddable":true,"href":"https:\/\/haberulus.net\/index.php?rest_route=%2Fwp%2Fv2%2Fcomments&post=120363"}],"version-history":[{"count":1,"href":"https:\/\/haberulus.net\/index.php?rest_route=\/wp\/v2\/posts\/120363\/revisions"}],"predecessor-version":[{"id":120365,"href":"https:\/\/haberulus.net\/index.php?rest_route=\/wp\/v2\/posts\/120363\/revisions\/120365"}],"wp:featuredmedia":[{"embeddable":true,"href":"https:\/\/haberulus.net\/index.php?rest_route=\/wp\/v2\/media\/120364"}],"wp:attachment":[{"href":"https:\/\/haberulus.net\/index.php?rest_route=%2Fwp%2Fv2%2Fmedia&parent=120363"}],"wp:term":[{"taxonomy":"category","embeddable":true,"href":"https:\/\/haberulus.net\/index.php?rest_route=%2Fwp%2Fv2%2Fcategories&post=120363"},{"taxonomy":"post_tag","embeddable":true,"href":"https:\/\/haberulus.net\/index.php?rest_route=%2Fwp%2Fv2%2Ftags&post=120363"}],"curies":[{"name":"wp","href":"https:\/\/api.w.org\/{rel}","templated":true}]}}