{"id":120393,"date":"2023-08-29T08:05:04","date_gmt":"2023-08-29T08:05:04","guid":{"rendered":"https:\/\/haberulus.net\/?p=120393"},"modified":"2023-08-29T08:05:04","modified_gmt":"2023-08-29T08:05:04","slug":"real-madridin-yildizi-vinicius-junior-sakatlandi","status":"publish","type":"post","link":"https:\/\/haberulus.net\/?p=120393","title":{"rendered":"Real Madrid\u2019in y\u0131ld\u0131z\u0131 Vinicius Junior sakatland\u0131!"},"content":{"rendered":"<p>\u0130spanya\u2019n\u0131n Real Madrid tak\u0131m\u0131nda forma giyen Brezilyal\u0131 forvet Vinicius Junior\u2019un sakatland\u0131\u011f\u0131 a\u00e7\u0131kland\u0131.<\/p>\n<p>Real Madrid Kul\u00fcb\u00fc\u2019nden yap\u0131lan yaz\u0131l\u0131 a\u00e7\u0131klamada, La Liga\u2019n\u0131n 3. haftas\u0131nda deplasmanda Celta Vigo ile oynanan ma\u00e7\u0131n 16. dakikas\u0131nda sakatlanarak oyundan \u00e7\u0131kan Vinicius\u2019da sa\u011f bacak kaslar\u0131nda sakatl\u0131k tespit edildi\u011fi bildirildi.<\/p>\n<p>\u0130spanyol bas\u0131n\u0131 Vinicius\u2019un 6 hafta kadar sahalardan uzak kalaca\u011f\u0131n\u0131 yazd\u0131.<\/p>\n<p>Real Madrid\u2019de kaleci Thibaut Courtois ile Arda G\u00fcler, Eder Militao, Dani Ceballos ve Fernard Mendy\u2019nin de sakatl\u0131klar\u0131 bulunuyor. (AA)<\/p>\n","protected":false},"excerpt":{"rendered":"<p>Real Madrid&#8217;in y\u0131ld\u0131z forveti Vinicius Junior, La Liga&#8217;n\u0131n 3. haftas\u0131nda deplasmanda Celta Vigo ile oynanan ma\u00e7ta sakatlanarak oyundan \u00e7\u0131kt\u0131. Y\u0131ld\u0131z futbolcunun sahalardan ne kadar uzak kalaca\u011f\u0131 belli oldu.<\/p>\n","protected":false},"author":1,"featured_media":120394,"comment_status":"closed","ping_status":"open","sticky":false,"template":"","format":"standard","meta":{"footnotes":""},"categories":[31],"tags":[],"class_list":["post-120393","post","type-post","status-publish","format-standard","has-post-thumbnail","hentry","category-spor"],"_links":{"self":[{"href":"https:\/\/haberulus.net\/index.php?rest_route=\/wp\/v2\/posts\/120393","targetHints":{"allow":["GET"]}}],"collection":[{"href":"https:\/\/haberulus.net\/index.php?rest_route=\/wp\/v2\/posts"}],"about":[{"href":"https:\/\/haberulus.net\/index.php?rest_route=\/wp\/v2\/types\/post"}],"author":[{"embeddable":true,"href":"https:\/\/haberulus.net\/index.php?rest_route=\/wp\/v2\/users\/1"}],"replies":[{"embeddable":true,"href":"https:\/\/haberulus.net\/index.php?rest_route=%2Fwp%2Fv2%2Fcomments&post=120393"}],"version-history":[{"count":1,"href":"https:\/\/haberulus.net\/index.php?rest_route=\/wp\/v2\/posts\/120393\/revisions"}],"predecessor-version":[{"id":120395,"href":"https:\/\/haberulus.net\/index.php?rest_route=\/wp\/v2\/posts\/120393\/revisions\/120395"}],"wp:featuredmedia":[{"embeddable":true,"href":"https:\/\/haberulus.net\/index.php?rest_route=\/wp\/v2\/media\/120394"}],"wp:attachment":[{"href":"https:\/\/haberulus.net\/index.php?rest_route=%2Fwp%2Fv2%2Fmedia&parent=120393"}],"wp:term":[{"taxonomy":"category","embeddable":true,"href":"https:\/\/haberulus.net\/index.php?rest_route=%2Fwp%2Fv2%2Fcategories&post=120393"},{"taxonomy":"post_tag","embeddable":true,"href":"https:\/\/haberulus.net\/index.php?rest_route=%2Fwp%2Fv2%2Ftags&post=120393"}],"curies":[{"name":"wp","href":"https:\/\/api.w.org\/{rel}","templated":true}]}}