{"id":120396,"date":"2023-08-29T08:05:05","date_gmt":"2023-08-29T08:05:05","guid":{"rendered":"https:\/\/haberulus.net\/?p=120396"},"modified":"2023-08-29T08:05:05","modified_gmt":"2023-08-29T08:05:05","slug":"filenin-efelerinin-avrupa-sampiyonasi-macerasi-basliyor","status":"publish","type":"post","link":"https:\/\/haberulus.net\/?p=120396","title":{"rendered":"Filenin Efeleri\u2019nin Avrupa \u015eampiyonas\u0131 maceras\u0131 ba\u015fl\u0131yor"},"content":{"rendered":"<p>T\u00fcrkiye A Milli Erkek Voleybol Tak\u0131m\u0131, CEV Avrupa \u015eampiyonas\u0131\u2019nda grup a\u015famas\u0131ndaki ilk ma\u00e7\u0131n\u0131 yar\u0131n Fransa ile oynayacak. \u0130srail\u2019in Tel Aviv kentindeki Shlomo Group Salonu\u2019nda yap\u0131lacak kar\u015f\u0131la\u015fma, TS\u0130 17.00\u2019de ba\u015flayacak.<\/p>\n<p>Filenin Efeleri\u2019nin yer ald\u0131\u011f\u0131 D Grubu ma\u00e7lar\u0131na \u0130srail ev sahipli\u011fi yapacak.<\/p>\n<p>T\u00fcrkiye A Milli Erkek Voleybol Tak\u0131m\u0131\u2019n\u0131n grup ma\u00e7lar\u0131n\u0131n TS\u0130 program\u0131, milli tak\u0131m kadrosu ve gruplarda yer alan \u00fclkeler \u015f\u00f6yle:<\/p>\n<p><strong>1 Eyl\u00fcl Cuma:<\/strong><\/p>\n<p>16.00 Romanya-T\u00fcrkiye<\/p>\n<p><strong>2 Eyl\u00fcl Cumartesi:<\/strong><\/p>\n<p>17.30 T\u00fcrkiye-Yunanistan<\/p>\n<p><strong>4 Eyl\u00fcl Pazartesi:<\/strong><\/p>\n<p>20.00 Portekiz-T\u00fcrkiye<\/p>\n<p><strong>5 Eyl\u00fcl Sal\u0131:<\/strong><\/p>\n<p>20.00 T\u00fcrkiye-\u0130srail<\/p>\n<p><b>KADRO<\/b><\/p>\n<p>Milli tak\u0131m\u0131n kadrosunda \u015fu oyuncular yer al\u0131yor:<\/p>\n<p><strong>Pas\u00f6r:<\/strong> Arslan Ek\u015fi, Arda Bostan<\/p>\n<p><strong>Pas\u00f6r \u00e7apraz\u0131:<\/strong> Adis Lagumdzija, Kaan G\u00fcrb\u00fcz<\/p>\n<p><strong>Sma\u00e7\u00f6r:<\/strong> Yi\u011fit G\u00fclmezo\u011flu, Efe Bayram, Burutay Suba\u015f\u0131, Mirza Lagumdzija<\/p>\n<p><strong>Orta oyuncu:<\/strong> Vahit Emre Sava\u015f, Faik Samet G\u00fcne\u015f, Bedirhan B\u00fclb\u00fcl, Mert Mati\u00e7<\/p>\n<p><strong>Libero:<\/strong> Volkan D\u00f6ne, Berkay Bayraktar<\/p>\n<p><b>D\u00d6RT \u00dcLKE EV SAH\u0130PL\u0130\u011e\u0130 YAPIYOR<\/b><\/p>\n<p>Organizasyonda \u0130talya (A Grubu), Bulgaristan (B Grubu), Kuzey Makedonya (C Grubu) ve \u0130srail\u2019in (D Grubu) ev sahipli\u011fi yapaca\u011f\u0131 grup a\u015famas\u0131nda 24 tak\u0131m m\u00fccadele ediyor.<\/p>\n<p>Gruplar\u0131nda ilk 4\u2019e giren ekiplerin yer alaca\u011f\u0131 son 16 turu ma\u00e7lar\u0131 9-10 Eyl\u00fcl, \u00e7eyrek final kar\u015f\u0131la\u015fmalar\u0131 11-12 Eyl\u00fcl tarihlerinde \u0130talya\u2019n\u0131n Bari \u015fehri ve Bulgaristan\u2019\u0131n Varna kentinde yap\u0131lacak.<\/p>\n<p>Yar\u0131 final ma\u00e7lar\u0131 14 Eyl\u00fcl Per\u015fembe g\u00fcn\u00fc yine \u0130talya\u2019n\u0131n Bari \u015fehrinde, 3\u2019\u00fcnc\u00fcl\u00fck ve final kar\u015f\u0131la\u015fmalar\u0131 ise 16 Eyl\u00fcl Cumartesi g\u00fcn\u00fc Roma\u2019da oynanacak.<\/p>\n<p><b>GRUPLAR<\/b><\/p>\n<p>\u015eampiyonada gruplar \u015fu \u015fekilde:<\/p>\n<p><strong>A Grubu:<\/strong> \u0130talya, Bel\u00e7ika, Estonya, Almanya, S\u0131rbistan, \u0130svi\u00e7re<\/p>\n<p><strong>B Grubu:<\/strong> Bulgaristan, H\u0131rvatistan, Finlandiya, Slovenya, \u0130spanya, Ukrayna<\/p>\n<p><strong>C Grubu:<\/strong> Kuzey Makedonya, \u00c7ekya, Danimarka, Karada\u011f, Polonya, Hollanda<\/p>\n<p><strong>D Grubu:<\/strong> T\u00fcrkiye, \u0130srail, Fransa, Yunanistan, Portekiz, Romanya (AA)<\/p>\n","protected":false},"excerpt":{"rendered":"<p>T\u00fcrkiye A Milli Erkek Voleybol Tak\u0131m\u0131, CEV Avrupa \u015eampiyonas\u0131&#8217;nda ilk ma\u00e7\u0131na yar\u0131n Fransa kar\u015f\u0131s\u0131nda \u00e7\u0131kacak.<\/p>\n","protected":false},"author":1,"featured_media":120397,"comment_status":"closed","ping_status":"open","sticky":false,"template":"","format":"standard","meta":{"footnotes":""},"categories":[31],"tags":[3462,225,349,192,15],"class_list":["post-120396","post","type-post","status-publish","format-standard","has-post-thumbnail","hentry","category-spor","tag-eylul","tag-grup","tag-israil","tag-takim","tag-turkiye"],"_links":{"self":[{"href":"https:\/\/haberulus.net\/index.php?rest_route=\/wp\/v2\/posts\/120396","targetHints":{"allow":["GET"]}}],"collection":[{"href":"https:\/\/haberulus.net\/index.php?rest_route=\/wp\/v2\/posts"}],"about":[{"href":"https:\/\/haberulus.net\/index.php?rest_route=\/wp\/v2\/types\/post"}],"author":[{"embeddable":true,"href":"https:\/\/haberulus.net\/index.php?rest_route=\/wp\/v2\/users\/1"}],"replies":[{"embeddable":true,"href":"https:\/\/haberulus.net\/index.php?rest_route=%2Fwp%2Fv2%2Fcomments&post=120396"}],"version-history":[{"count":1,"href":"https:\/\/haberulus.net\/index.php?rest_route=\/wp\/v2\/posts\/120396\/revisions"}],"predecessor-version":[{"id":120398,"href":"https:\/\/haberulus.net\/index.php?rest_route=\/wp\/v2\/posts\/120396\/revisions\/120398"}],"wp:featuredmedia":[{"embeddable":true,"href":"https:\/\/haberulus.net\/index.php?rest_route=\/wp\/v2\/media\/120397"}],"wp:attachment":[{"href":"https:\/\/haberulus.net\/index.php?rest_route=%2Fwp%2Fv2%2Fmedia&parent=120396"}],"wp:term":[{"taxonomy":"category","embeddable":true,"href":"https:\/\/haberulus.net\/index.php?rest_route=%2Fwp%2Fv2%2Fcategories&post=120396"},{"taxonomy":"post_tag","embeddable":true,"href":"https:\/\/haberulus.net\/index.php?rest_route=%2Fwp%2Fv2%2Ftags&post=120396"}],"curies":[{"name":"wp","href":"https:\/\/api.w.org\/{rel}","templated":true}]}}