{"id":120420,"date":"2023-08-29T08:51:08","date_gmt":"2023-08-29T08:51:08","guid":{"rendered":"https:\/\/haberulus.net\/?p=120420"},"modified":"2023-08-29T08:51:08","modified_gmt":"2023-08-29T08:51:08","slug":"istanbul-icin-alarm-su-kesintileri-kapida","status":"publish","type":"post","link":"https:\/\/haberulus.net\/?p=120420","title":{"rendered":"\u0130stanbul i\u00e7in alarm! Su kesintileri kap\u0131da\u2026"},"content":{"rendered":"<p>Marmara B\u00f6lgesi\u2019nde bu y\u0131l ya\u011f\u0131\u015flar\u0131n azalmas\u0131yla birlikte \u0130stanbul\u2019a su sa\u011flayan barajlardaki doluluk oranlar\u0131 yakla\u015f\u0131k 3 y\u0131ldan sonra y\u00fczde 30\u2019un alt\u0131na d\u00fc\u015ft\u00fc.<\/p>\n<p>\u0130stanbul Su ve Kanalizasyon \u0130daresi (\u0130SK\u0130) verilerine g\u00f6re, 23 A\u011fustos\u2019ta y\u00fczde 31,57 olan barajlardaki doluluk bug\u00fcn itibar\u0131yla y\u00fczde 29,78\u2019e kadar geriledi. Bu veri, son 9 y\u0131l\u0131n ayn\u0131 d\u00f6nemine g\u00f6re en d\u00fc\u015f\u00fck oran olarak kay\u0131tlara ge\u00e7ti.<\/p>\n<p>Su miktar\u0131 Istrancalar\u2019da y\u00fczde 19,23, Terkos\u2019ta y\u00fczde 15,97, Sazl\u0131dere\u2019de y\u00fczde 14,38, Alibey\u2019de y\u00fczde 12,64, B\u00fcy\u00fck\u00e7ekmece\u2019de y\u00fczde 9,16, \u00d6merli\u2019de y\u00fczde 62,62, Darl\u0131k\u2019ta y\u00fczde 44,37, Elmal\u0131\u2019da y\u00fczde 19,67, Pabu\u00e7dere\u2019de y\u00fczde 3,84 ve Kazandere\u2019de y\u00fczde 9,35 olarak \u00f6l\u00e7\u00fcld\u00fc.<\/p>\n<p>Azami 868 milyon 683 bin metrek\u00fcp su biriktirme hacmine sahip kente su sa\u011flayan baraj ve g\u00f6letlerdeki su miktar\u0131 ise 258 milyon 68 bin metrek\u00fcp seviyesinde kald\u0131.<\/p>\n<p><img decoding=\"async\" src=\"https:\/\/i01.sozcucdn.com\/wp-content\/uploads\/2023\/08\/29\/aa-20230815-31920582-31920576-istanbula_su_saglayan_10_barajin_6sinda_doluluk_yuzde_20nin_altina_dustu.jpg\" alt=\"\" title=\"\"><\/p>\n<p>Barajlar d\u0131\u015f\u0131nda kente su sa\u011flayan Ye\u015fil\u00e7ay ve Melen\u2019den 2023\u2019te 525 milyon metrek\u00fcp su al\u0131nd\u0131.<\/p>\n<p>\u0130SK\u0130 istatistiklerine g\u00f6re, 29 A\u011fustos tarihli baraj doluluk oranlar\u0131 2015\u2019te y\u00fczde 69,56, 2016\u2019da y\u00fczde 53,33, 2017\u2019de y\u00fczde 63,07, 2018\u2019de y\u00fczde 62,84, 2019\u2019da y\u00fczde 59,74, 2020\u2019de y\u00fczde 47,94, 2021\u2019de y\u00fczde 58,57, 2022\u2019de y\u00fczde 58,9 iken bug\u00fcnk\u00fc oran y\u00fczde 29,78 \u00f6l\u00e7\u00fcld\u00fc.<\/p>\n<p>\u0130stanbul\u2019a su sa\u011flayan barajlarda doluluk en son 2 Kas\u0131m 2020 y\u0131l\u0131nda y\u00fczde 30\u2019un alt\u0131na d\u00fc\u015fm\u00fc\u015ft\u00fc. O d\u00f6nemde barajlarda \u00f6l\u00e7\u00fclen su miktar\u0131 29,79 olarak kay\u0131tlara ge\u00e7mi\u015fti.<\/p>\n<p><strong>SON 9 YILIN EN D\u00dc\u015e\u00dcK SEV\u0130YES\u0130<\/strong><\/p>\n<p>Alibey Baraj\u0131\u2019nda ge\u00e7en y\u0131l ayn\u0131 d\u00f6nemde y\u00fczde 38,96 olan doluluk oran\u0131 bug\u00fcn y\u00fczde 12,64\u2019e d\u00fc\u015ft\u00fc. Bu oran, barajdaki son 9 y\u0131l\u0131n en d\u00fc\u015f\u00fck seviyesi olarak kaydedildi.<\/p>\n<p>Kuruma noktas\u0131na gelen B\u00fcy\u00fck\u00e7ekmece Baraj\u0131\u2019n\u0131n su \u00e7ekilen arazisinde hayvanlar\u0131n otlad\u0131\u011f\u0131 g\u00f6r\u00fcld\u00fc.<\/p>\n<p>Barajda ge\u00e7en y\u0131l y\u00fczde 65,74 olarak \u00f6l\u00e7\u00fclen su doluluk oran\u0131 bug\u00fcn y\u00fczde 9,16\u2019ya d\u00fc\u015ft\u00fc. S\u00f6z konusu oran 29 A\u011fustos baz al\u0131nd\u0131\u011f\u0131nda son 9 y\u0131l\u0131n en d\u00fc\u015f\u00fck seviyesi olarak kay\u0131tlara ge\u00e7ti.<\/p>\n<p>Darl\u0131k Baraj\u0131\u2019nda ise ge\u00e7en y\u0131l 29 A\u011fustos\u2019ta y\u00fczde 60,24 olarak \u00f6l\u00e7\u00fclen doluluk oran\u0131, bug\u00fcn itibar\u0131yla y\u00fczde 44,37 oldu.<\/p>\n<p><img decoding=\"async\" src=\"https:\/\/i01.sozcucdn.com\/wp-content\/uploads\/2023\/08\/29\/aa-20230815-31920582-31920579-istanbula_su_saglayan_10_barajin_6sinda_doluluk_yuzde_20nin_altina_dustu.jpg\" alt=\"\" title=\"\"><\/p>\n<p>Elmal\u0131 Baraj\u0131\u2019nda \u00f6nceki sene 29 A\u011fustos\u2019ta y\u00fczde 57,24 olan doluluk oran\u0131, son 6 y\u0131l\u0131n en d\u00fc\u015f\u00fck seviyesine inerek y\u00fczde 19,67\u2019ye d\u00fc\u015ft\u00fc.<\/p>\n<p>Istrancalar\u2019da ise ge\u00e7en y\u0131l y\u00fczde 48,11 olan doluluk oran\u0131, bug\u00fcn y\u00fczde 19,23 olarak kaydedildi.<\/p>\n<p>Kazandere Baraj\u0131\u2019nda ise 29 A\u011fustos 2022\u2019de y\u00fczde 59,14 olarak \u00f6l\u00e7\u00fclen doluluk oran\u0131, bug\u00fcn 9,35\u2019e kadar d\u00fc\u015ft\u00fc.<\/p>\n<p>\u00d6merli Baraj\u0131\u2019nda bug\u00fcn itibar\u0131yla y\u00fczde 62,62 olan su doluluk oran\u0131 ge\u00e7en y\u0131l\u0131n ayn\u0131 d\u00f6nemde y\u00fczde 63,05\u2019t\u00fc.<\/p>\n<p><strong>KURUMA NOKTASINA GELD\u0130<\/strong><\/p>\n<p>\u0130stanbul\u2019a su sa\u011flayan barajlar aras\u0131nda su doluluk seviyesi en d\u00fc\u015f\u00fck olan baraj Pabu\u00e7dere oldu.<\/p>\n<p>Barajda su doluluk oran\u0131 ge\u00e7en y\u0131l 29 A\u011fustos\u2019ta y\u00fczde 48,06 iken bug\u00fcn y\u00fczde 3,84 olarak kay\u0131tlara ge\u00e7ti.<\/p>\n<p>Sazl\u0131dere Baraj\u0131\u2019nda ise ge\u00e7en y\u0131l 29 A\u011fustos\u2019ta y\u00fczde 53,02 olan doluluk bug\u00fcn itibariyle y\u00fczde 14,38 oldu.<\/p>\n<p>Terkos Baraj\u0131\u2019nda su doluluk oran\u0131 y\u00fczde 15,97 olurken ge\u00e7en y\u0131l ayn\u0131 d\u00f6nemdeki oran y\u00fczde 57,54\u2019t\u00fc.<\/p>\n<p><strong>\u201cTA\u015eIMA SUYLA DE\u011e\u0130RMEN D\u00d6ND\u00dcR\u00dcYORUZ\u201d<\/strong><\/p>\n<p>\u0130stanbul Ayd\u0131n \u00dcniversitesi Dr. \u00d6\u011fretim \u00dcyesi ve meteoroloji m\u00fchendisi G\u00fcven \u00d6zdemir, AA muhabirine, \u0130stanbul\u2019a su sa\u011flayan barajlarda su a\u00e7\u0131\u011f\u0131n\u0131n kurakl\u0131\u011f\u0131n en b\u00fcy\u00fck g\u00f6stergesi oldu\u011funu s\u00f6yledi.<\/p>\n<p>Marmara B\u00f6lgesi\u2019nin eyl\u00fclden beri su alamad\u0131\u011f\u0131n\u0131 belirten \u00d6zdemir, \u201cBu durum barajlardaki doluluk oran\u0131 d\u00fc\u015f\u00fcrd\u00fc. Ye\u015fil\u00e7ay ve Melen\u2019den \u015fu ana kadar 525 milyon metrek\u00fcp su \u00e7ekildi. Ta\u015f\u0131ma suyla de\u011firmen d\u00f6nd\u00fcr\u00fcyoruz.\u201d diye konu\u015ftu.<\/p>\n<p>\u00d6zdemir, \u0130stanbul\u2019un barajlar\u0131n\u0131n art\u0131k alarm verdi\u011fini vurgulayarak, \u201cBarajlardaki su seviyesi art\u0131k tehlike s\u0131n\u0131r\u0131n\u0131 ge\u00e7ti. Su kesintileri kap\u0131da. \u0130ki aydan az suyumuz kald\u0131. \u0130stanbul\u2019un n\u00fcfusu \u00e7ok y\u00fcksek. Bu n\u00fcfusu bu barajlar kald\u0131rmaz. El Nino ve iklim de\u011fi\u015fikli\u011fi, ya\u011f\u0131\u015flar\u0131n azalmas\u0131n\u0131n en b\u00fcy\u00fck g\u00f6stergesi. Art\u0131k tedbirlerin al\u0131nmas\u0131 laz\u0131m. Art\u0131k ya\u011fmur suyunun biriktirilmesi \u015fart.\u201d de\u011ferlendirmesinde bulundu. <strong>(AA)<\/strong><\/p>\n","protected":false},"excerpt":{"rendered":"<p>\u0130stanbul&#8217;a su sa\u011flayan barajlardaki seviye son 3 y\u0131l\u0131n en d\u00fc\u015f\u00fck seviyesine indi. Su kesintileri kap\u0131da. Dev metropol\u00fcn iki aydan az suyu kald\u0131.<\/p>\n","protected":false},"author":1,"featured_media":120421,"comment_status":"closed","ping_status":"open","sticky":false,"template":"","format":"standard","meta":{"footnotes":""},"categories":[26],"tags":[3086,8071,1626,96,3262],"class_list":["post-120420","post","type-post","status-publish","format-standard","has-post-thumbnail","hentry","category-gundem","tag-baraj","tag-doluluk-orani","tag-gecen-yil","tag-istanbul","tag-seviyesi"],"_links":{"self":[{"href":"https:\/\/haberulus.net\/index.php?rest_route=\/wp\/v2\/posts\/120420","targetHints":{"allow":["GET"]}}],"collection":[{"href":"https:\/\/haberulus.net\/index.php?rest_route=\/wp\/v2\/posts"}],"about":[{"href":"https:\/\/haberulus.net\/index.php?rest_route=\/wp\/v2\/types\/post"}],"author":[{"embeddable":true,"href":"https:\/\/haberulus.net\/index.php?rest_route=\/wp\/v2\/users\/1"}],"replies":[{"embeddable":true,"href":"https:\/\/haberulus.net\/index.php?rest_route=%2Fwp%2Fv2%2Fcomments&post=120420"}],"version-history":[{"count":1,"href":"https:\/\/haberulus.net\/index.php?rest_route=\/wp\/v2\/posts\/120420\/revisions"}],"predecessor-version":[{"id":120422,"href":"https:\/\/haberulus.net\/index.php?rest_route=\/wp\/v2\/posts\/120420\/revisions\/120422"}],"wp:featuredmedia":[{"embeddable":true,"href":"https:\/\/haberulus.net\/index.php?rest_route=\/wp\/v2\/media\/120421"}],"wp:attachment":[{"href":"https:\/\/haberulus.net\/index.php?rest_route=%2Fwp%2Fv2%2Fmedia&parent=120420"}],"wp:term":[{"taxonomy":"category","embeddable":true,"href":"https:\/\/haberulus.net\/index.php?rest_route=%2Fwp%2Fv2%2Fcategories&post=120420"},{"taxonomy":"post_tag","embeddable":true,"href":"https:\/\/haberulus.net\/index.php?rest_route=%2Fwp%2Fv2%2Ftags&post=120420"}],"curies":[{"name":"wp","href":"https:\/\/api.w.org\/{rel}","templated":true}]}}