{"id":120504,"date":"2023-08-29T10:21:07","date_gmt":"2023-08-29T10:21:07","guid":{"rendered":"https:\/\/haberulus.net\/?p=120504"},"modified":"2023-08-29T10:21:07","modified_gmt":"2023-08-29T10:21:07","slug":"yat-liginin-sampiyonu-arkas-aegean-link-regattada-kupaya-uzandi","status":"publish","type":"post","link":"https:\/\/haberulus.net\/?p=120504","title":{"rendered":"Yat Ligi\u2019nin \u015fampiyonu Arkas Aegean Link Regatta\u2019da kupaya uzand\u0131"},"content":{"rendered":"<p>\u00c7e\u015fme&#8217;nin geleneksel ve uluslararas\u0131 yar\u0131\u015f\u0131 Arkas Aegean Link Regatta, yedinci y\u0131l\u0131nda da yatlar\u0131n r\u00fczgarla dans\u0131na tan\u0131kl\u0131k etti. Arkas, T\u00fcrkiye Yelken Federasyonu, EAYK (Ege A\u00e7\u0131k Deniz Yat Kul\u00fcb\u00fc) ve \u00c7e\u015fme Marina&#8217;n\u0131n, T\u00fcrkiye&#8217;de yelken sporunun geli\u015fmesi ve \u00c7e\u015fme&#8217;de bu sporun daha aktif hale gelmesi i\u00e7in g\u00fc\u00e7lerini birle\u015ftirerek d\u00fczenledi\u011fi yar\u0131\u015f, bu y\u0131l 22-27 A\u011fustos tarihleri aras\u0131nda d\u00fczenlendi.<\/p>\n<p>R\u00fczg\u00e2r a\u00e7\u0131s\u0131ndan d\u00fcnyada yelken ve yat yar\u0131\u015f\u0131 yap\u0131labilecek en iyi parkurlardan biri olan \u00c7e\u015fme&#8217;de d\u00fczenlenen Arkas Aegean Link Regatta ayn\u0131 zamanda T\u00fcrkiye Yelken Federasyonu taraf\u0131ndan d\u00fczenlenen T\u00fcrkiye Yelken Ligi&#8217;nin de son aya\u011f\u0131n\u0131 olu\u015fturdu. Yar\u0131\u015fa ilk kez bu y\u0131l eklenen J70 s\u0131n\u0131f\u0131 yar\u0131\u015flar\u0131 ile \u00c7e\u015fme k\u0131y\u0131lar\u0131 ayr\u0131 bir heyecana sahne oldu.<\/p>\n<p><img decoding=\"async\" src=\"https:\/\/i01.sozcucdn.com\/wp-content\/uploads\/2023\/08\/29\/40eff186-e53c-4273-843d-27e0b6d0b9c5.jpeg\" alt=\"\" title=\"\"><\/p>\n<p>Bu y\u0131l 38 tekne ve 400&#8217;\u00fcn \u00fczerinde sporcuyu a\u011f\u0131rlayan Arkas Aegean Link Regatta&#8217;n\u0131n ana sponsorlu\u011funu Arkas&#8217;\u0131n denizcilik \u015firketi Arkas Line \u00fcstlenirken ge\u00e7ti\u011fimiz y\u0131l oldu\u011fu gibi FD Architecture taraf\u0131ndan hayata ge\u00e7irilen, ekolojik ve s\u00fcrd\u00fcr\u00fclebilir mimarinin en g\u00fczel \u00f6rneklerinden FAMM Urla da yine yar\u0131\u015fa katk\u0131s\u0131n\u0131 koyuyor.<\/p>\n<p><b>R\u00dcZGAR G\u0130B\u0130 EST\u0130LER<\/b><\/p>\n<p>22 A\u011fustos ak\u015fam\u0131 \u00c7e\u015fme Marina taraf\u0131ndan Yacht Club&#8217;ta ger\u00e7ekle\u015ftirilen a\u00e7\u0131l\u0131\u015f kokteylinin ard\u0131ndan ertesi g\u00fcn start\u0131 verilen yar\u0131\u015f\u0131n ilk g\u00fcn\u00fc ayn\u0131 zamanda \u00f6zel bir g\u00fcne de denk geldi. Yelkenciler 23 A\u011fustos \u2013 D\u00fcnya R\u00fczgar Gibi Esme G\u00fcn\u00fc&#8217;nde (Ride Like the Wind Day)\u00a0 \u00c7e\u015fme denizinin g\u00fc\u00e7l\u00fc dalgalar\u0131 ve sert esen r\u00fczgar\u0131yla tek yar\u0131\u015fta m\u00fccadele etti. Yar\u0131\u015f\u0131n ilk g\u00fcn\u00fcn\u00fcn birincisi ise Arkas Blue Moon olurken ikinci Anythink Dere Construction ve \u00fc\u00e7\u00fcnc\u00fc Borusan Racing \u00c7\u0131lg\u0131n Sigma oldu.<\/p>\n<p><b>100. YIL YARI\u015eI CUMHUR\u0130YET KUPASI<\/b><\/p>\n<p>Yar\u0131\u015f\u0131n ikinci g\u00fcn\u00fcnde \u00c7e\u015fme Belediyesi sponsorlu\u011funda ger\u00e7ekle\u015fen 100. Y\u0131l Cumhuriyet Kupas\u0131 Yar\u0131\u015f\u0131&#8217;nda 15 knotluk r\u00fczgarda m\u00fccadele eden yelkenciler IRC s\u0131n\u0131f\u0131nda orsa pupa yar\u0131\u015f\u0131, destek s\u0131n\u0131f\u0131nda ise co\u011frafi rotada yar\u0131\u015ft\u0131.<\/p>\n<p>Yar\u0131\u015f\u0131n ard\u0131ndan \u00c7e\u015fme Belediyesi \u015eehir Teras\u0131&#8217;nda ger\u00e7ekle\u015fen t\u00f6rende yar\u0131\u015f\u0131n birincisi Borusan Racing \u00c7\u0131lg\u0131n Sigma tak\u0131m\u0131 kupas\u0131na kavu\u015ftu.<\/p>\n","protected":false},"excerpt":{"rendered":"<p>Bu y\u0131l ilk kez d\u00fczenlenen T\u00fcrkiye Yat Ligi\u2019nin 5. ve son aya\u011f\u0131 olan Arkas Aegean Link Regatta \u00c7e\u015fme k\u0131y\u0131lar\u0131nda yedinci kez d\u00fczenlendi. Arkas Aegean Link Regatta\u2019n\u0131n birincisi Borusan \u00c7\u0131lg\u0131n Sigma, ayn\u0131 zamanda ligi de \u015fampiyonlukla tamamlad\u0131 ve kupas\u0131na kavu\u015ftu. Borusan \u00c7\u0131lg\u0131n Sigma\u2019y\u0131 Blue Moon ve Beymetal Team Linea Rossa izledi.<\/p>\n","protected":false},"author":1,"featured_media":120505,"comment_status":"closed","ping_status":"open","sticky":false,"template":"","format":"standard","meta":{"footnotes":""},"categories":[31],"tags":[13843,1893,82,1911,1298],"class_list":["post-120504","post","type-post","status-publish","format-standard","has-post-thumbnail","hentry","category-spor","tag-arkas","tag-cesme","tag-gun","tag-yarisi","tag-yelken"],"_links":{"self":[{"href":"https:\/\/haberulus.net\/index.php?rest_route=\/wp\/v2\/posts\/120504","targetHints":{"allow":["GET"]}}],"collection":[{"href":"https:\/\/haberulus.net\/index.php?rest_route=\/wp\/v2\/posts"}],"about":[{"href":"https:\/\/haberulus.net\/index.php?rest_route=\/wp\/v2\/types\/post"}],"author":[{"embeddable":true,"href":"https:\/\/haberulus.net\/index.php?rest_route=\/wp\/v2\/users\/1"}],"replies":[{"embeddable":true,"href":"https:\/\/haberulus.net\/index.php?rest_route=%2Fwp%2Fv2%2Fcomments&post=120504"}],"version-history":[{"count":1,"href":"https:\/\/haberulus.net\/index.php?rest_route=\/wp\/v2\/posts\/120504\/revisions"}],"predecessor-version":[{"id":120506,"href":"https:\/\/haberulus.net\/index.php?rest_route=\/wp\/v2\/posts\/120504\/revisions\/120506"}],"wp:featuredmedia":[{"embeddable":true,"href":"https:\/\/haberulus.net\/index.php?rest_route=\/wp\/v2\/media\/120505"}],"wp:attachment":[{"href":"https:\/\/haberulus.net\/index.php?rest_route=%2Fwp%2Fv2%2Fmedia&parent=120504"}],"wp:term":[{"taxonomy":"category","embeddable":true,"href":"https:\/\/haberulus.net\/index.php?rest_route=%2Fwp%2Fv2%2Fcategories&post=120504"},{"taxonomy":"post_tag","embeddable":true,"href":"https:\/\/haberulus.net\/index.php?rest_route=%2Fwp%2Fv2%2Ftags&post=120504"}],"curies":[{"name":"wp","href":"https:\/\/api.w.org\/{rel}","templated":true}]}}