{"id":120525,"date":"2023-08-29T11:05:08","date_gmt":"2023-08-29T11:05:08","guid":{"rendered":"https:\/\/haberulus.net\/?p=120525"},"modified":"2023-08-29T11:05:08","modified_gmt":"2023-08-29T11:05:08","slug":"aclik-siniri-12-bin-198-tlye-yoksulluk-siniri-39-bin-733-tlye-yukseldi","status":"publish","type":"post","link":"https:\/\/haberulus.net\/?p=120525","title":{"rendered":"A\u00e7l\u0131k s\u0131n\u0131r\u0131 12 bin 198 TL\u2019ye, yoksulluk s\u0131n\u0131r\u0131 39 bin 733 TL\u2019ye y\u00fckseldi"},"content":{"rendered":"<p>T\u00fcrkiye \u0130\u015f\u00e7i Sendikalar\u0131 Konfederasyonu (T\u00dcRK-\u0130\u015e), A\u011fustos 2023\u2019e ili\u015fkin a\u00e7l\u0131k ve yoksulluk s\u0131n\u0131r\u0131 verilerini a\u00e7\u0131klad\u0131.<\/p>\n<p>T\u00dcRK-\u0130\u015e Ara\u015ft\u0131rmas\u0131n\u0131n 2023 A\u011fustos ay\u0131 sonucuna g\u00f6re, Ankara&#8217;da ya\u015fayan d\u00f6rt ki\u015filik bir ailenin sa\u011fl\u0131kl\u0131, dengeli ve yeterli beslenebilmesi i\u00e7in yapmas\u0131 gereken ayl\u0131k g\u0131da harcamas\u0131 tutar\u0131 (a\u00e7l\u0131k s\u0131n\u0131r\u0131) 12 bin 198,04 TL&#8217;ye y\u00fckseldi.<\/p>\n<p>G\u0131da harcamas\u0131 ile giyim, konut (kira, elektrik, su, yak\u0131t), ula\u015f\u0131m, e\u011fitim, sa\u011fl\u0131k ve benzeri ihtiya\u00e7lar i\u00e7in yap\u0131lmas\u0131 zorunlu di\u011fer ayl\u0131k harcamalar\u0131n\u0131n toplam tutar\u0131 ise (yoksulluk s\u0131n\u0131r\u0131) 39 bin 733,03 TL&#8217;ye, bek\u00e2r bir \u00e7al\u0131\u015fan\u0131n \u2018ya\u015fama maliyeti&#8217; de ayl\u0131k 15 bin 813,15 TL&#8217;ye y\u00fckseldi.<\/p>\n<p><b>GIDA ENFLASYONU Y\u00dcZDE 77<\/b><\/p>\n<p>T\u00dcRK-\u0130\u015e&#8217;in verilerine g\u00f6re \u201cmutfak enflasyonu\u201dndaki de\u011fi\u015fim A\u011fustos 2023&#8217;te ayl\u0131k 4,63 oran\u0131nda ger\u00e7ekle\u015fti. G\u0131da enflasyonundaki y\u0131ll\u0131k de\u011fi\u015fim oran\u0131 ise y\u00fczde 77,04 oldu.<\/p>\n<p>Y\u0131l\u0131n ba\u015f\u0131ndan bu yana de\u011fi\u015fim y\u00fczde 50,02 olarak tespit edildi.\u00a0On iki ayl\u0131k ortalamalara g\u00f6re de\u011fi\u015fim oran\u0131 ise y\u00fczde 107,89 olarak hesapland\u0131.<\/p>\n<p><b>TEMEL GIDA \u00dcR\u00dcNLER\u0130NDEK\u0130 ARTI\u015e<\/b><\/p>\n<p>T\u00dcRK-\u0130\u015e hesaplamas\u0131nda temel al\u0131nan ve do\u011frudan piyasadan derlenen fiyatlara g\u00f6re, g\u0131da \u00fcr\u00fcnlerinde A\u011fustos 2023 itibariyle g\u00f6zlemlenen de\u011fi\u015fim harcama gruplar\u0131na g\u00f6re \u015fu \u015fekilde oldu:<\/p>\n<p>Bir ayda s\u00fct ortalama y\u00fczde 12, yo\u011furt y\u00fczde 14, peynir y\u00fczde 26 zamland\u0131. Market markal\u0131 (private label) s\u00fct fiyatlar\u0131 21,5 TL\/L, peynir 117,5 TL\/kg seviyesine geldi. 1,5 olmas\u0131 gerekti\u011fi kabul edilen s\u00fct yem paritesi 1,34 seviyesinde kal\u0131rken \u00e7i\u011f s\u00fct fiyat\u0131 resmi olarak h\u00e2l\u00e2 11,50 TL seviyesinde.<\/p>\n<p>Bir ayda bal\u0131k (k\u00fclt\u00fcr) ve nohut y\u00fczde 4, tavuk y\u00fczde 7, ya\u011fl\u0131 tohumlar (kuruyemi\u015f) ve ye\u015fil mercimek y\u00fczde 10, k\u0131rm\u0131z\u0131 mercimek ve yumurta y\u00fczde 11 oran\u0131nda zamland\u0131. Tavuk yumurtas\u0131n\u0131n tanesi 3,60 TL&#8217;nin \u00fczerine \u00e7\u0131kt\u0131.<\/p>\n<p>Bir ay i\u00e7inde pirin\u00e7, bulgur ve un y\u00fczde 3&#8217;er, irmik ve makarna hafif seviyede zamland\u0131. Market markal\u0131 (private label) makarna fiyatlar\u0131 20 TL\/kg seviyesine y\u00fckseldi. Ankara&#8217;da 6,5 TL&#8217;ye sat\u0131lan 200 graml\u0131k beyaz ekmek \u00fczerinden hesapland\u0131\u011f\u0131nda 4 ki\u015filik ailenin ayl\u0131k sadece ekmek masraf\u0131 682,5 TL oldu.<\/p>\n<p>Bir ay i\u00e7inde zeytinya\u011f\u0131nda y\u00fczde 24, tereya\u011f\u0131nda y\u00fczde 22, margarinde y\u00fczde 8, ay\u00e7i\u00e7ek ya\u011f\u0131nda %5 fiyat art\u0131\u015f\u0131 ya\u015fad\u0131. Market markal\u0131 (private label) ay\u00e7i\u00e7ek ya\u011flar\u0131n\u0131n fiyat\u0131 40 TL\/L, tereya\u011flar\u0131n\u0131n 220 TL\/kg seviyesine geldi. H\u0131zla artan yurti\u00e7i fiyatlar\u0131 (ortalama 251 TL) sebebiyle zeytinya\u011f\u0131 ihracat\u0131 1 Kas\u0131m&#8217;a kadar durduruldu.<\/p>\n<p>Tuz y\u00fczde 20, re\u00e7el y\u00fczde 15, bal ve \u015feker y\u00fczde 13, \u00e7ay y\u00fczde 3 zamland\u0131. Baharatlar, \u0131hlamur, zeytin ve sal\u00e7ada fiyat de\u011fi\u015fimi g\u00f6r\u00fclmezken pekmez fiyat\u0131 s\u0131n\u0131rl\u0131 seviyede azald\u0131.<\/p>\n","protected":false},"excerpt":{"rendered":"<p>T\u00fcrk-\u0130\u015f&#8217;in hesaplamas\u0131na g\u00f6re, a\u00e7l\u0131k s\u0131n\u0131r\u0131 12 bin 198 TL&#8217;ye, yoksulluk s\u0131n\u0131r\u0131 39 bin 733,03 TL\u2019ye y\u00fckseldi.<\/p>\n","protected":false},"author":1,"featured_media":120526,"comment_status":"closed","ping_status":"open","sticky":false,"template":"","format":"standard","meta":{"footnotes":""},"categories":[25],"tags":[269,660,75,1209],"class_list":["post-120525","post","type-post","status-publish","format-standard","has-post-thumbnail","hentry","category-ekonomi","tag-aylik","tag-degisim","tag-fiyat","tag-gida"],"_links":{"self":[{"href":"https:\/\/haberulus.net\/index.php?rest_route=\/wp\/v2\/posts\/120525","targetHints":{"allow":["GET"]}}],"collection":[{"href":"https:\/\/haberulus.net\/index.php?rest_route=\/wp\/v2\/posts"}],"about":[{"href":"https:\/\/haberulus.net\/index.php?rest_route=\/wp\/v2\/types\/post"}],"author":[{"embeddable":true,"href":"https:\/\/haberulus.net\/index.php?rest_route=\/wp\/v2\/users\/1"}],"replies":[{"embeddable":true,"href":"https:\/\/haberulus.net\/index.php?rest_route=%2Fwp%2Fv2%2Fcomments&post=120525"}],"version-history":[{"count":1,"href":"https:\/\/haberulus.net\/index.php?rest_route=\/wp\/v2\/posts\/120525\/revisions"}],"predecessor-version":[{"id":120527,"href":"https:\/\/haberulus.net\/index.php?rest_route=\/wp\/v2\/posts\/120525\/revisions\/120527"}],"wp:featuredmedia":[{"embeddable":true,"href":"https:\/\/haberulus.net\/index.php?rest_route=\/wp\/v2\/media\/120526"}],"wp:attachment":[{"href":"https:\/\/haberulus.net\/index.php?rest_route=%2Fwp%2Fv2%2Fmedia&parent=120525"}],"wp:term":[{"taxonomy":"category","embeddable":true,"href":"https:\/\/haberulus.net\/index.php?rest_route=%2Fwp%2Fv2%2Fcategories&post=120525"},{"taxonomy":"post_tag","embeddable":true,"href":"https:\/\/haberulus.net\/index.php?rest_route=%2Fwp%2Fv2%2Ftags&post=120525"}],"curies":[{"name":"wp","href":"https:\/\/api.w.org\/{rel}","templated":true}]}}