{"id":120582,"date":"2023-08-29T12:35:04","date_gmt":"2023-08-29T12:35:04","guid":{"rendered":"https:\/\/haberulus.net\/?p=120582"},"modified":"2023-08-29T12:35:04","modified_gmt":"2023-08-29T12:35:04","slug":"turkonfed-turkiyenin-cinsiyet-esitligi-alanindaki-ilerlemesi-kisitli","status":"publish","type":"post","link":"https:\/\/haberulus.net\/?p=120582","title":{"rendered":"T\u00dcRKONFED: T\u00fcrkiye\u2019nin cinsiyet e\u015fitli\u011fi alan\u0131ndaki ilerlemesi k\u0131s\u0131tl\u0131"},"content":{"rendered":"<p>T\u00dcRKONFED, toplumsal cinsiyet e\u015fitli\u011fi alan\u0131ndaki mevcut durumu veriye dayal\u0131 analizler ile ortaya koyarak, e\u015fitli\u011fin sa\u011flanmas\u0131na y\u00f6nelik politika \u00f6nerilerini payla\u015ft\u0131\u011f\u0131 \u2018Veriye Dayal\u0131 Analiz Sonucu Kad\u0131n Politikalar\u0131 Raporu&#8217;nu yay\u0131mlad\u0131.<\/p>\n<p>6 alan\u0131n incelendi\u011fi rapor T\u00fcrkiye&#8217;deki ilerlemenin \u00e7ok k\u0131s\u0131tl\u0131 oldu\u011funa i\u015faret etti. Raporu de\u011ferlendiren T\u00dcRKONFED Y\u00f6netim Kurulu Ba\u015fkan\u0131 S\u00fcleyman S\u00f6nmez, \u201cToplumsal cinsiyet e\u015fitli\u011fi i\u00e7in zihinsel ve k\u00fclt\u00fcrel d\u00f6n\u00fc\u015f\u00fcm\u00fc ba\u015flatan, kad\u0131nlar\u0131n hayat\u0131n her alan\u0131na etkin ve aktif kat\u0131ld\u0131\u011f\u0131 bir T\u00fcrkiye hayal ediyoruz\u201d dedi.<\/p>\n<p><b>\u2018\u00dcCRET FARKI D\u00dcZENLENMEL\u0130\u2019<\/b><\/p>\n<p>T\u00fcrkiye&#8217;de mevcut durumu yans\u0131tan cinsiyet k\u0131r\u0131l\u0131ml\u0131 gelir durumu verisine eri\u015fimin k\u0131s\u0131tl\u0131 oldu\u011funun belirtildi\u011fi raporda, kad\u0131nlar\u0131n erkeklere nazaran daha fazla yoksulluk riski alt\u0131nda oldu\u011funa i\u015faret edildi. 2020 y\u0131l\u0131 Eurostat verisine g\u00f6re yoksulluk riskindeki kad\u0131n oran\u0131 y\u00fczde 52,2. Bu oran\u0131n 2010&#8217;da y\u00fczde 52,4 olmas\u0131 ilerlemenin yava\u015f oldu\u011funu g\u00f6steriyor.<\/p>\n<p>Para-Gelir D\u00fczeyi alan\u0131nda; mevcut mevzuat\u0131n annelik \u00fccret a\u00e7\u0131\u011f\u0131n\u0131 ve genel kad\u0131n-erkek aras\u0131ndaki \u00fccret a\u00e7\u0131\u011f\u0131n\u0131 \u00f6nleyecek \u015fekilde d\u00fczenlenmesi ve bunun denetlenmesi, \u015feffaf \u00fccret uygulamas\u0131na ge\u00e7ilmesi, yoksullukla m\u00fccadele politikalar\u0131nda kad\u0131nlara \u00f6ncelik verilmesi ve kad\u0131nlar\u0131n finansal okuryazarl\u0131\u011f\u0131n\u0131n art\u0131r\u0131lmas\u0131 \u00f6nerildi.<\/p>\n<p><b>NE E\u011e\u0130T\u0130MDE NE \u0130ST\u0130HDAMDA KADIN ORANI<\/b><\/p>\n<p>Raporun Bilgi-E\u011fitim alan\u0131nda okulla\u015fma oran\u0131 ele al\u0131nd\u0131. \u00c7ocuklarda okulla\u015fma oran\u0131 birbirine yak\u0131n ancak 2021 y\u0131l\u0131 T\u00dc\u0130K verilerine g\u00f6re lise \u00fcst\u00fc kurumlardan mezun olan erkek \u00f6\u011frenci oran\u0131 y\u00fczde 24,8 iken k\u0131z \u00f6\u011frencilerde y\u00fczde 20,6. Y\u00fcksek\u00f6\u011fretimde kad\u0131n oran\u0131 belli e\u011fitim alanlar\u0131nda erkeklere oranla daha y\u00fcksek.<\/p>\n<p>MEB 2020-2021 d\u00f6nemi verilere g\u00f6re de STEM mezunu olan kad\u0131n oran\u0131 y\u00fczde 66,2, erkek oran\u0131 ise y\u00fczde 33,8. Ancak T\u00fcrkiye genelinde ne e\u011fitimde ne istihdamda olan kad\u0131n oran\u0131 erkeklere g\u00f6re olduk\u00e7a y\u00fcksek. 2020 verilerine g\u00f6re kad\u0131nlar\u0131n y\u00fczde 35,4\u2019\u00fc, erkeklerin ise y\u00fczde 19,5&#8217;i ne e\u011fitimde ne istihdamda.<\/p>\n<p>Raporda kad\u0131nlar\u0131n e\u011fitim seviyesini art\u0131rmak ve NEN\u0130 oran\u0131n\u0131 azaltmak i\u00e7in kamu yat\u0131r\u0131mlar\u0131na, b\u00f6lgesel cinsiyet e\u015fitsizliklerinin giderilmesine, NEN\u0130 kategorisinde gen\u00e7lerin yan\u0131 s\u0131ra gen\u00e7 ebeveynler ve g\u00f6\u00e7menlere y\u00f6nelik verilerin de incelenmesi gerekti\u011fine dikkat \u00e7ekildi.<\/p>\n<p><b>\u00dcCRETS\u0130Z \u0130\u015eLER KADIN SORUMLULU\u011eUNDA<\/b><\/p>\n<p>T\u00dcRKONFED&#8217;in raporunda toplumsal cinsiyet e\u015fitsizli\u011fi yaratan alanlar\u0131n en \u00f6nemlilerinden birinin zaman oldu\u011fu belirtildi. 2021 y\u0131l\u0131 T\u00dc\u0130K verisine g\u00f6re yemek yapma, bula\u015f\u0131k y\u0131kama gibi i\u015fler y\u00fcksek oranda kad\u0131n\u0131n i\u015fi, evin ekonomik durumuyla ili\u015fkili fatura \u00f6deme, al\u0131\u015fveri\u015f gibi i\u015fler erkeklerin sorumlulu\u011fu olarak g\u00f6r\u00fcl\u00fcyor.<\/p>\n<p>\u00c7ocuk ve ya\u015fl\u0131 bak\u0131m\u0131, ev i\u015fleri ve yemek yapma gibi \u00fccretsiz i\u015f i\u00e7in kad\u0131nlar g\u00fcnde ortalama 305 dakika harcarken erkekler i\u00e7in bu s\u00fcre 68 dakika.<\/p>\n<p>Kad\u0131nlar\u0131n kendilerine zaman ay\u0131ramad\u0131\u011f\u0131n\u0131n belirtildi\u011fi raporda; i\u015f g\u00fcvenceli do\u011fum ve ebeveyn izni, ulusal ve kentsel \u00f6l\u00e7ekte sosyal bak\u0131m hizmetleri altyap\u0131s\u0131n\u0131n olu\u015fturulmas\u0131, sanayi b\u00f6lgelerinde \u00e7al\u0131\u015fan kad\u0131nlara y\u00f6nelik kre\u015f, s\u00fct odas\u0131 gibi imkanlar\u0131n eri\u015filebilir olmas\u0131, kre\u015f kurma ve y\u00f6netmeye y\u00f6nelik mevzuat ve y\u00f6netmeliklerin ihtiya\u00e7lar do\u011frultusunda g\u00fcncellenmesi \u00f6nerilerine yer verildi.<\/p>\n<p><b>KADIN TEMS\u0130L\u0130 YETERS\u0130Z<\/b><\/p>\n<p>Kad\u0131nlar\u0131n \u00fcst d\u00fczey karar alma pozisyonlar\u0131nda temsili erkeklere oranla olduk\u00e7a d\u00fc\u015f\u00fck. Raporun G\u00fc\u00e7-Temsil alan\u0131ndaki verilere g\u00f6re 2022 y\u0131l\u0131nda y\u00fczde 17,3 olan kad\u0131n milletvekili oran\u0131 bu y\u0131lki se\u00e7imler ile birlikte y\u00fczde 20&#8217;ye y\u00fckselse de 31 ilde kad\u0131n milletvekili bulunmuyor. 2019 yerel se\u00e7imleri sonu\u00e7lar\u0131na g\u00f6re de kad\u0131n belediye ba\u015fkan\u0131 b\u00fcy\u00fck\u015fehirlerde y\u00fczde 10, di\u011fer \u015fehirlerde y\u00fczde 3 seviyesinde.<\/p>\n<p>\u00d6te yandan yaln\u0131zca kamuda de\u011fil \u00f6zel sekt\u00f6rdeki \u00fcst d\u00fczey karar alma pozisyonlar\u0131nda da kad\u0131n temsili olduk\u00e7a az. 2021 y\u0131l\u0131nda b\u00fcy\u00fck \u00f6l\u00e7ekli \u015firketlerde y\u00f6netim kurullar\u0131ndaki kad\u0131n temsil oran\u0131 y\u00fczde 18.<\/p>\n<p>Raporda siyasi partilerin i\u00e7inde kad\u0131nlar\u0131n g\u00fc\u00e7lenmesi i\u00e7in kad\u0131n kollar\u0131n\u0131n kald\u0131r\u0131larak, parti programlar\u0131n\u0131n kad\u0131n-erkek birlikte planlanmas\u0131, kad\u0131nlar\u0131n siyaset, toplum ve ekonomi alanlar\u0131nda e\u011fitim almas\u0131, \u00f6rg\u00fctlerin \u00e7al\u0131\u015fma \u015fartlar\u0131nda kad\u0131nlar\u0131n i\u015f-ya\u015fam dengesinin g\u00f6zetilmesini de kapsayan \u00f6nerilerde bulunuldu.<\/p>\n<p><b>KADINLAR DAHA UZUN AMA DAHA SA\u011eLIKSIZ YA\u015eIYOR<\/b><\/p>\n<p>Kad\u0131n Politikalar\u0131 Raporu&#8217;nda incelenen son alan ise sa\u011fl\u0131k oldu. T\u00dc\u0130K verilerine g\u00f6re 2019-2021 y\u0131llar\u0131 aras\u0131nda kad\u0131nlar\u0131n beklenen ya\u015fam s\u00fcresi 80,5, erkeklerin 75 y\u0131l. Ancak yine ayn\u0131 y\u0131llar\u0131 kapsayan veriler, beklenen sa\u011fl\u0131kl\u0131 ya\u015fam s\u00fcresinin kad\u0131nlarda 56,5, erkeklerde 59,6 y\u0131l oldu\u011funu g\u00f6steriyor. Erkeklere oranla daha az sigara i\u00e7en kad\u0131nlar, daha az egzersiz yap\u0131yor.<\/p>\n<p>Eurostat verisine g\u00f6re 2019\u2019da fiziksel egzersize haftada 150 dakika ay\u0131rabilen erkeklerin oran\u0131 y\u00fczde 8,3 iken kad\u0131nlarda bu oran y\u00fczde 2,5. Bu alandaki politika \u00f6nerilerinde ise sa\u011fl\u0131k hizmetlerine eri\u015femeyen kad\u0131n n\u00fcfusunun ya\u015fad\u0131\u011f\u0131 engelleri ortadan kald\u0131rmak i\u00e7in k\u00fclt\u00fcrel ve b\u00f6lgesel farkl\u0131l\u0131klar\u0131n g\u00f6z \u00f6n\u00fcnde bulundurulmas\u0131, k\u00fcrtaj hakk\u0131 ve aile planlamas\u0131yla ilgili k\u0131s\u0131tlar\u0131n giderilmesi, cinsel sa\u011fl\u0131k ve \u00fcreme sa\u011fl\u0131\u011f\u0131 hakk\u0131nda bilgiye eri\u015fimin art\u0131r\u0131lmas\u0131 ve bu alanlarda MEB m\u00fcfredat\u0131n\u0131n kapsam\u0131n\u0131n geni\u015fletilmesi yer ald\u0131.<\/p>\n","protected":false},"excerpt":{"rendered":"<p>T\u00dcRKONFED, T\u00fcrkiye&#8217;nin toplumsal cinsiyet e\u015fitli\u011fi alan\u0131ndaki mevcut durumunu ele ald\u0131\u011f\u0131 raporunda cinsiyet e\u015fitli\u011fi alan\u0131ndaki ilerlemenin k\u0131s\u0131tl\u0131 oldu\u011funu belirtti.<\/p>\n","protected":false},"author":1,"featured_media":120583,"comment_status":"closed","ping_status":"open","sticky":false,"template":"","format":"standard","meta":{"footnotes":""},"categories":[25],"tags":[1831,827,83,209,1207],"class_list":["post-120582","post","type-post","status-publish","format-standard","has-post-thumbnail","hentry","category-ekonomi","tag-egitim","tag-erkek","tag-is","tag-kadin","tag-rapor"],"_links":{"self":[{"href":"https:\/\/haberulus.net\/index.php?rest_route=\/wp\/v2\/posts\/120582","targetHints":{"allow":["GET"]}}],"collection":[{"href":"https:\/\/haberulus.net\/index.php?rest_route=\/wp\/v2\/posts"}],"about":[{"href":"https:\/\/haberulus.net\/index.php?rest_route=\/wp\/v2\/types\/post"}],"author":[{"embeddable":true,"href":"https:\/\/haberulus.net\/index.php?rest_route=\/wp\/v2\/users\/1"}],"replies":[{"embeddable":true,"href":"https:\/\/haberulus.net\/index.php?rest_route=%2Fwp%2Fv2%2Fcomments&post=120582"}],"version-history":[{"count":1,"href":"https:\/\/haberulus.net\/index.php?rest_route=\/wp\/v2\/posts\/120582\/revisions"}],"predecessor-version":[{"id":120584,"href":"https:\/\/haberulus.net\/index.php?rest_route=\/wp\/v2\/posts\/120582\/revisions\/120584"}],"wp:featuredmedia":[{"embeddable":true,"href":"https:\/\/haberulus.net\/index.php?rest_route=\/wp\/v2\/media\/120583"}],"wp:attachment":[{"href":"https:\/\/haberulus.net\/index.php?rest_route=%2Fwp%2Fv2%2Fmedia&parent=120582"}],"wp:term":[{"taxonomy":"category","embeddable":true,"href":"https:\/\/haberulus.net\/index.php?rest_route=%2Fwp%2Fv2%2Fcategories&post=120582"},{"taxonomy":"post_tag","embeddable":true,"href":"https:\/\/haberulus.net\/index.php?rest_route=%2Fwp%2Fv2%2Ftags&post=120582"}],"curies":[{"name":"wp","href":"https:\/\/api.w.org\/{rel}","templated":true}]}}