{"id":120591,"date":"2023-08-29T12:53:08","date_gmt":"2023-08-29T12:53:08","guid":{"rendered":"https:\/\/haberulus.net\/?p=120591"},"modified":"2023-08-29T12:53:08","modified_gmt":"2023-08-29T12:53:08","slug":"vale-katilleri-polisle-catismisti-operasyonla-yakalandilar","status":"publish","type":"post","link":"https:\/\/haberulus.net\/?p=120591","title":{"rendered":"Vale katilleri polisle \u00e7at\u0131\u015fm\u0131\u015ft\u0131, operasyonla yakaland\u0131lar"},"content":{"rendered":"<p>Ba\u015fak\u015fehir&#8217;de, 20 A\u011fustos\u2019ta meydana gelen olayda, 4 \u015f\u00fcpheli Bah\u00e7e\u015fehir G\u00f6leti yak\u0131n\u0131ndaki bir otoparka geldi.<\/p>\n<p>Otoparka geldikleri ara\u00e7tan inen \u015f\u00fcpheliler, bir s\u00fcre sonra vale noktas\u0131nda giderek, bir arac\u0131n anahtar\u0131n\u0131 \u00e7ald\u0131.<\/p>\n<p>\u015e\u00fcpheliler ba\u015fkas\u0131na ait ara\u00e7la ka\u00e7arken, vale olarak \u00e7al\u0131\u015fan Og\u00fcn Tekin durumu fark etti.<\/p>\n<p>Vale Og\u00fcn Tekin, \u015f\u00fcphelileri engellemek i\u00e7in ko\u015fmaya ba\u015flad\u0131. \u201cDurun\u201d diyerek ba\u011f\u0131ran Tekin, araca yakla\u015f\u0131nca \u015f\u00fcphelilerden biri ate\u015f etti. Yaralanan gen\u00e7 hayat\u0131n\u0131 kaybetti.<\/p>\n<p><strong>POL\u0130SE DE ATE\u015e A\u00c7ILDI<\/strong><\/p>\n<p>\u00c7al\u0131nan arac\u0131 durdurma imkan\u0131 olmad\u0131\u011f\u0131 halde, sald\u0131rganlar\u0131n vurdu\u011fu Og\u00fcn Tekin&#8217;i \u00f6ld\u00fcrenlerin yakalanmas\u0131 i\u00e7in Asayi\u015f \u015eube M\u00fcd\u00fcrl\u00fc\u011f\u00fc ekipleri \u00e7al\u0131\u015fma ba\u015flatt\u0131.<\/p>\n<p>\u015e\u00fcphelilerin, ikiz karde\u015fler Cebrail Erdem(20) ve Mikail Erdem ile Yakup Y\u0131ld\u0131r\u0131m (21) ve Baran Polat (25) oldu\u011fu anla\u015f\u0131ld\u0131. Cinayet B\u00fcro Amirli\u011fi ekipleri, \u015f\u00fcphelilerin izine ula\u015ft\u0131.<\/p>\n<p>Ara\u00e7la hareket halinde olan sald\u0131rganlar\u0131n yakalanmas\u0131 i\u00e7in 22 A\u011fustos&#8217;ta Arnavutk\u00f6y, Had\u0131mk\u00f6y&#8217;de operasyon d\u00fczenlendi.<\/p>\n<p><img decoding=\"async\" src=\"https:\/\/i01.sozcucdn.com\/wp-content\/uploads\/2023\/08\/29\/e77371086121c1926c232310d5b56f1e.jpg\" alt=\"\" title=\"\"><\/p>\n<p>\u015e\u00fcphelilerden 3&#8217;\u00fcn\u00fcn bulundu\u011fu ara\u00e7tan polise de ate\u015f a\u00e7\u0131l\u0131nca \u00e7at\u0131\u015fma ya\u015fand\u0131. Asayi\u015f, Ter\u00f6rle M\u00fccadele, Organize Su\u00e7larla M\u00fccadele \u015fube m\u00fcd\u00fcrl\u00fckleri ve il\u00e7e ekipleri hemen b\u00f6lgeye sevk edildi.<\/p>\n<p><strong>OPERASYONLA YAKALANDILAR<\/strong><\/p>\n<p>Silahla sald\u0131rganlar, ara\u00e7la uzakla\u015f\u0131rken, yoldaki bir s\u00fcr\u00fcc\u00fcy\u00fc durdurdu. Silahla tehdit ettikleri s\u00fcr\u00fcc\u00fcn\u00fcn kamyonetini alan \u015f\u00fcpheliler izlerini kaybettirdi.<\/p>\n<p>Cinayet Masas\u0131 ekipleri \u015f\u00fcphelilerin izine K\u0131rklareli, L\u00fcleburgaz&#8217;da ula\u015ft\u0131. Ekipler K\u0131rklareli&#8217;ne gitti. K\u0131rklareli Emniyet M\u00fcd\u00fcrl\u00fc\u011f\u00fc ekiplerinin de deste\u011fiyle operasyon d\u00fczenlendi.<\/p>\n<p><strong>YAKALANDILAR<\/strong><\/p>\n<p>\u00d6zel harekat ekiplerinin de haz\u0131r bulundu\u011fu operasyonda polisin pe\u015finde oldu\u011fu Cebrail Erdem, Mikail Erdem adl\u0131 ikiz karde\u015flerle Yakup Y\u0131ld\u0131r\u0131m ve Baran Polat g\u00f6zalt\u0131na al\u0131nd\u0131. Olayla ilgili daha \u00f6nce de yard\u0131m ve yatakl\u0131k su\u00e7undan 3 ki\u015fi g\u00f6zalt\u0131na al\u0131nm\u0131\u015ft\u0131.<\/p>\n<p><strong>BA\u015eKA C\u0130NAYET ZANLISI 2 \u015e\u00dcPHEL\u0130<\/strong><\/p>\n<p>Ayn\u0131 adreste 18 May\u0131s&#8217;ta Esenyurt&#8217;ta Ahmet Ertan&#8217;\u0131n \u00f6ld\u00fcr\u00fcld\u00fc\u011f\u00fc cinayetten aranan Murat Erdem (24) ve Serdest \u00c7elebi (21)\u00a0 ile \u015f\u00fcphelilere ev bulan emlak\u00e7\u0131 da yakaland\u0131.<\/p>\n<p>Adreslerde yap\u0131lan aramada ruhsats\u0131z tabanca, 2 adet av t\u00fcfe\u011fi ve bu silahlara ait m\u00fchimmat ele ge\u00e7irildi.<\/p>\n<p><strong>201 SU\u00c7 KAYDI<\/strong><\/p>\n<p>\u0130stanbul Asayi\u015f \u015eube M\u00fcd\u00fcrl\u00fc\u011f\u00fc\u2019ne g\u00f6t\u00fcr\u00fclen \u015f\u00fcphelilerden Mikail Erdem&#8217;in 87 ikiz karde\u015finin 48, Yakup Y\u0131ld\u0131r\u0131m&#8217;\u0131n 27 su\u00e7 kayd\u0131 oldu\u011fu \u00f6\u011frenildi. Di\u011fer \u015f\u00fcphelilerin ise toplam 39 su\u00e7 kayd\u0131 oldu\u011fu belirtildi.<\/p>\n","protected":false},"excerpt":{"rendered":"<p>\u0130stanbul\u2019da, h\u0131rs\u0131zlara engel olmaya \u00e7al\u0131\u015fan Vale Og\u00fcn Tekin\u2019i \u00f6ld\u00fcren, \u00e7ald\u0131klar\u0131 ara\u00e7la ka\u00e7an 4 \u015f\u00fcpheli operasyonla yakaland\u0131. Operasyonda ba\u015fka bir cinayetten aranan 2 \u015f\u00fcpheli ile bir emlak\u00e7\u0131 da g\u00f6zalt\u0131na al\u0131nd\u0131.<\/p>\n","protected":false},"author":1,"featured_media":120592,"comment_status":"closed","ping_status":"open","sticky":false,"template":"","format":"standard","meta":{"footnotes":""},"categories":[26],"tags":[6430,718,486],"class_list":["post-120591","post","type-post","status-publish","format-standard","has-post-thumbnail","hentry","category-gundem","tag-erdem","tag-suc","tag-supheli"],"_links":{"self":[{"href":"https:\/\/haberulus.net\/index.php?rest_route=\/wp\/v2\/posts\/120591","targetHints":{"allow":["GET"]}}],"collection":[{"href":"https:\/\/haberulus.net\/index.php?rest_route=\/wp\/v2\/posts"}],"about":[{"href":"https:\/\/haberulus.net\/index.php?rest_route=\/wp\/v2\/types\/post"}],"author":[{"embeddable":true,"href":"https:\/\/haberulus.net\/index.php?rest_route=\/wp\/v2\/users\/1"}],"replies":[{"embeddable":true,"href":"https:\/\/haberulus.net\/index.php?rest_route=%2Fwp%2Fv2%2Fcomments&post=120591"}],"version-history":[{"count":1,"href":"https:\/\/haberulus.net\/index.php?rest_route=\/wp\/v2\/posts\/120591\/revisions"}],"predecessor-version":[{"id":120593,"href":"https:\/\/haberulus.net\/index.php?rest_route=\/wp\/v2\/posts\/120591\/revisions\/120593"}],"wp:featuredmedia":[{"embeddable":true,"href":"https:\/\/haberulus.net\/index.php?rest_route=\/wp\/v2\/media\/120592"}],"wp:attachment":[{"href":"https:\/\/haberulus.net\/index.php?rest_route=%2Fwp%2Fv2%2Fmedia&parent=120591"}],"wp:term":[{"taxonomy":"category","embeddable":true,"href":"https:\/\/haberulus.net\/index.php?rest_route=%2Fwp%2Fv2%2Fcategories&post=120591"},{"taxonomy":"post_tag","embeddable":true,"href":"https:\/\/haberulus.net\/index.php?rest_route=%2Fwp%2Fv2%2Ftags&post=120591"}],"curies":[{"name":"wp","href":"https:\/\/api.w.org\/{rel}","templated":true}]}}