{"id":120594,"date":"2023-08-29T12:53:09","date_gmt":"2023-08-29T12:53:09","guid":{"rendered":"https:\/\/haberulus.net\/?p=120594"},"modified":"2023-08-29T12:53:09","modified_gmt":"2023-08-29T12:53:09","slug":"kilicdarogludan-30-agustos-mesaji","status":"publish","type":"post","link":"https:\/\/haberulus.net\/?p=120594","title":{"rendered":"K\u0131l\u0131\u00e7daro\u011flu\u2019dan 30 A\u011fustos mesaj\u0131"},"content":{"rendered":"<p>CHP Genel Ba\u015fkan\u0131 Kemal K\u0131l\u0131\u00e7daro\u011flu, 30 A\u011fustos Zafer Bayram\u0131 dolay\u0131s\u0131yla bir mesaj yay\u0131mlad\u0131.<\/p>\n<p>26 A\u011fustos g\u00fcn\u00fc B\u00fcy\u00fck Taarruz ile at\u0131lan ilk ad\u0131m\u0131n, vatan\u0131na can\u0131n\u0131 siper etmi\u015f bir milletin, tarihin en b\u00fcy\u00fck m\u00fccadelesini vermesiyle 30 A\u011fustos g\u00fcn\u00fc zafere ula\u015ft\u0131\u011f\u0131n\u0131 belirten Kemal K\u0131l\u0131\u00e7daro\u011flu, \u201cBu kutlu m\u00fccadelenin ba\u015fkomutan\u0131, B\u00fcy\u00fck \u00d6nder Mustafa Kemal Atat\u00fcrk ve silah arkada\u015flar\u0131n\u0131, t\u00fcm \u015fehitlerimizi sayg\u0131yla an\u0131yorum\u201d ifadesini kulland\u0131.<\/p>\n<p><strong>\u201cYA \u0130ST\u0130KLAL, YA \u00d6L\u00dcM\u201d<\/strong><\/p>\n<p>K\u0131l\u0131\u00e7daro\u011flu, yola \u201cYa istiklal ya \u00f6l\u00fcm\u201d diyerek \u00e7\u0131kan, silah arkada\u015flar\u0131yla birlikte taarruza de\u011fil, \u00f6l\u00fcme y\u00fcr\u00fcyen Mustafa Kemal Atat\u00fcrk\u2019\u00fcn, b\u00fcy\u00fck zaferin ard\u0131ndan durmad\u0131\u011f\u0131n\u0131, egemenli\u011fi millete teslim etmek \u00fczere bir ba\u015fka b\u00fcy\u00fck m\u00fccadeleye giri\u015fti\u011fini hat\u0131rlatt\u0131.<\/p>\n<p>CHP lideri mesaj\u0131n\u0131n devam\u0131nda \u015funlar\u0131 kaydetti:<\/p>\n<p>\u2013 Bu onun, \u00f6mr\u00fc sava\u015f meydanlar\u0131nda ge\u00e7en bir b\u00fcy\u00fck komutan\u0131n, demokrasiye olan ba\u011fl\u0131l\u0131\u011f\u0131n\u0131n en b\u00fcy\u00fck g\u00f6stergesidir. Nihayetinde Atat\u00fcrk, egemenli\u011fi kay\u0131ts\u0131z \u015farts\u0131z millete devrederek, \u2018Demokratik, laik, sosyal hukuk devleti\u2019 ilkesine s\u0131k\u0131 s\u0131k\u0131ya ba\u011fl\u0131, g\u00fczel T\u00fcrkiye Cumhuriyeti\u2019ni in\u015fa etmi\u015ftir.<\/p>\n<p><strong>AZ\u0130Z M\u0130LLET\u0130M\u0130ZE NAMUS S\u00d6Z\u00dcM\u00dcZD\u00dcR<\/strong><\/p>\n<p>\u2013 B\u00fcy\u00fck imkans\u0131zl\u0131klara ra\u011fmen verilen bu kutlu m\u00fccadele, bug\u00fcn\u00fcm\u00fcze de \u0131\u015f\u0131k tutmaktad\u0131r. Bizler de Cumhuriyetimizi demokrasi ile ta\u00e7land\u0131rma hedefimizden asla vazge\u00e7meyece\u011fiz. Cumhuriyetimizin 100. y\u0131l\u0131nda, her alanda milletimiz i\u00e7in m\u00fccadele edece\u011fiz. Bu bizim, aziz milletimize namus s\u00f6z\u00fcm\u00fczd\u00fcr.<\/p>\n<p>\u2013 Bu duygu ve d\u00fc\u015f\u00fcncelerle, \u00f6zg\u00fcrl\u00fck ve ba\u011f\u0131ms\u0131zl\u0131\u011f\u0131 karakteri sayan, millet egemenli\u011fine g\u00f6n\u00fclden ba\u011fl\u0131 B\u00fcy\u00fck Atat\u00fcrk ve silah arkada\u015flar\u0131n\u0131 sayg\u0131yla an\u0131yorum. T\u00fcm \u015fehitlerimize rahmet diliyor, demokrasi ve \u00f6zg\u00fcrl\u00fck kahramanlar\u0131na \u015f\u00fckranlar\u0131m\u0131 sunuyorum. Milletimizin 30 A\u011fustos Zafer Bayram\u0131\u2019n\u0131 y\u00fcrekten kutluyorum.<\/p>\n","protected":false},"excerpt":{"rendered":"<p>30 A\u011fustos Zafer Bayram\u0131 dolay\u0131s\u0131yla bir mesaj yay\u0131mlayan CHP lideri K\u0131l\u0131\u00e7daro\u011flu, &#8220;Cumhuriyetimizin 100. y\u0131l\u0131nda, her alanda milletimiz i\u00e7in m\u00fccadele edece\u011fiz. Bu bizim, aziz milletimize namus s\u00f6z\u00fcm\u00fczd\u00fcr&#8221; dedi.<\/p>\n","protected":false},"author":1,"featured_media":120595,"comment_status":"closed","ping_status":"open","sticky":false,"template":"","format":"standard","meta":{"footnotes":""},"categories":[26],"tags":[484,102],"class_list":["post-120594","post","type-post","status-publish","format-standard","has-post-thumbnail","hentry","category-gundem","tag-millet","tag-mucadele"],"_links":{"self":[{"href":"https:\/\/haberulus.net\/index.php?rest_route=\/wp\/v2\/posts\/120594","targetHints":{"allow":["GET"]}}],"collection":[{"href":"https:\/\/haberulus.net\/index.php?rest_route=\/wp\/v2\/posts"}],"about":[{"href":"https:\/\/haberulus.net\/index.php?rest_route=\/wp\/v2\/types\/post"}],"author":[{"embeddable":true,"href":"https:\/\/haberulus.net\/index.php?rest_route=\/wp\/v2\/users\/1"}],"replies":[{"embeddable":true,"href":"https:\/\/haberulus.net\/index.php?rest_route=%2Fwp%2Fv2%2Fcomments&post=120594"}],"version-history":[{"count":1,"href":"https:\/\/haberulus.net\/index.php?rest_route=\/wp\/v2\/posts\/120594\/revisions"}],"predecessor-version":[{"id":120596,"href":"https:\/\/haberulus.net\/index.php?rest_route=\/wp\/v2\/posts\/120594\/revisions\/120596"}],"wp:featuredmedia":[{"embeddable":true,"href":"https:\/\/haberulus.net\/index.php?rest_route=\/wp\/v2\/media\/120595"}],"wp:attachment":[{"href":"https:\/\/haberulus.net\/index.php?rest_route=%2Fwp%2Fv2%2Fmedia&parent=120594"}],"wp:term":[{"taxonomy":"category","embeddable":true,"href":"https:\/\/haberulus.net\/index.php?rest_route=%2Fwp%2Fv2%2Fcategories&post=120594"},{"taxonomy":"post_tag","embeddable":true,"href":"https:\/\/haberulus.net\/index.php?rest_route=%2Fwp%2Fv2%2Ftags&post=120594"}],"curies":[{"name":"wp","href":"https:\/\/api.w.org\/{rel}","templated":true}]}}