{"id":120615,"date":"2023-08-29T13:21:02","date_gmt":"2023-08-29T13:21:02","guid":{"rendered":"https:\/\/haberulus.net\/?p=120615"},"modified":"2023-08-29T13:21:02","modified_gmt":"2023-08-29T13:21:02","slug":"11-yasindaki-cocuk-yavru-kopegi-bogulmaktan-kurtardi","status":"publish","type":"post","link":"https:\/\/haberulus.net\/?p=120615","title":{"rendered":"11 ya\u015f\u0131ndaki \u00e7ocuk, yavru k\u00f6pe\u011fi bo\u011fulmaktan kurtard\u0131"},"content":{"rendered":"<p>Hen\u00fcz 11 ya\u015f\u0131nda olan Thiago Magalhaes, tasmas\u0131 asans\u00f6r kap\u0131s\u0131na s\u0131k\u0131\u015fan yavru k\u00f6pe\u011fi bo\u011fulmaktan kurtard\u0131. Ufak \u00e7ocu\u011fun kahramanl\u0131k yapt\u0131\u011f\u0131 o anlar ise g\u00fcvenlik kameralar\u0131nda ortaya \u00e7\u0131kt\u0131.<\/p>\n<p>\u00c7ar\u015famba g\u00fcn\u00fc Magalhaes ve Milu, Brezilya\u2019n\u0131n Go\u00e4nia kentinde y\u00fcr\u00fcy\u00fc\u015fe \u00e7\u0131kmak \u00fczere asans\u00f6r\u00fc kulland\u0131. Videoda Mil\u00fa\u2019nun, yakas\u0131ndaki tasma yerde s\u00fcr\u00fcklenirken \u00e7ocu\u011fu asans\u00f6re do\u011fru takip etti\u011fi g\u00f6r\u00fcl\u00fcyor.<\/p>\n<p>Ard\u0131ndan da asans\u00f6r \u00e7al\u0131\u015f\u0131r \u00e7al\u0131\u015fmaz Mil\u00fa\u2019nun asans\u00f6r\u00fcn tavan\u0131na do\u011fru y\u00fckseldi\u011fi g\u00f6r\u00fcl\u00fcyor. Bir \u015fekilde Magalhae, tasmay\u0131 tutmay\u0131 ba\u015fard\u0131 ve Milu\u2019nun muhtemelen bo\u011fularak \u00f6lmesini engelledi. Tasman\u0131n k\u0131r\u0131lmas\u0131yla da yere d\u00fc\u015ft\u00fcler. Magalhaes daha sonra acil yard\u0131m talebinde bulundu.<\/p>\n<p>Yerel bas\u0131na konu\u015fan Magalh\u00e4es, \u201cCesaretimi nereden ald\u0131\u011f\u0131m\u0131 bilmiyorum, d\u00fcrt\u00fcyle hareket ettim\u201d dedi.<\/p>\n<p><img decoding=\"async\" src=\"https:\/\/i01.sozcucdn.com\/wp-content\/uploads\/2023\/08\/29\/kopek_cocuk1.jpg\" alt=\"\" title=\"\"><\/p>\n<p>O ve Mil\u00fa asans\u00f6rde mahsur kald\u0131lar ancak, sonunda g\u00fcvenli bir \u015fekilde \u00e7\u0131kar\u0131ld\u0131lar.<\/p>\n<p>\u00c7ocu\u011fun babas\u0131 Rodrigo Magalhaes, \u201cOlanlardan \u00e7ok korktum ve durumun \u00e7ok ciddi oldu\u011funu ve hem k\u00f6pek hem de o\u011flum i\u00e7in \u00f6l\u00fcmc\u00fcl olabilece\u011fini fark ettim\u201d dedi.<\/p>\n","protected":false},"excerpt":{"rendered":"<p>Brezilya&#8217;da 11 ya\u015f\u0131ndaki bir \u00e7ocu\u011fun yavru k\u00f6pe\u011fi kurtarmas\u0131 bas\u0131na yans\u0131d\u0131. K\u00fc\u00e7\u00fck \u00e7ocu\u011fun o anlara ait g\u00f6r\u00fcnt\u00fcleri dikkat \u00e7ekti.<\/p>\n","protected":false},"author":1,"featured_media":120616,"comment_status":"closed","ping_status":"open","sticky":false,"template":"","format":"standard","meta":{"footnotes":""},"categories":[33],"tags":[3856],"class_list":["post-120615","post","type-post","status-publish","format-standard","has-post-thumbnail","hentry","category-yasam","tag-asansor"],"_links":{"self":[{"href":"https:\/\/haberulus.net\/index.php?rest_route=\/wp\/v2\/posts\/120615","targetHints":{"allow":["GET"]}}],"collection":[{"href":"https:\/\/haberulus.net\/index.php?rest_route=\/wp\/v2\/posts"}],"about":[{"href":"https:\/\/haberulus.net\/index.php?rest_route=\/wp\/v2\/types\/post"}],"author":[{"embeddable":true,"href":"https:\/\/haberulus.net\/index.php?rest_route=\/wp\/v2\/users\/1"}],"replies":[{"embeddable":true,"href":"https:\/\/haberulus.net\/index.php?rest_route=%2Fwp%2Fv2%2Fcomments&post=120615"}],"version-history":[{"count":1,"href":"https:\/\/haberulus.net\/index.php?rest_route=\/wp\/v2\/posts\/120615\/revisions"}],"predecessor-version":[{"id":120617,"href":"https:\/\/haberulus.net\/index.php?rest_route=\/wp\/v2\/posts\/120615\/revisions\/120617"}],"wp:featuredmedia":[{"embeddable":true,"href":"https:\/\/haberulus.net\/index.php?rest_route=\/wp\/v2\/media\/120616"}],"wp:attachment":[{"href":"https:\/\/haberulus.net\/index.php?rest_route=%2Fwp%2Fv2%2Fmedia&parent=120615"}],"wp:term":[{"taxonomy":"category","embeddable":true,"href":"https:\/\/haberulus.net\/index.php?rest_route=%2Fwp%2Fv2%2Fcategories&post=120615"},{"taxonomy":"post_tag","embeddable":true,"href":"https:\/\/haberulus.net\/index.php?rest_route=%2Fwp%2Fv2%2Ftags&post=120615"}],"curies":[{"name":"wp","href":"https:\/\/api.w.org\/{rel}","templated":true}]}}