{"id":120672,"date":"2023-08-29T14:35:07","date_gmt":"2023-08-29T14:35:07","guid":{"rendered":"https:\/\/haberulus.net\/?p=120672"},"modified":"2023-08-29T14:35:07","modified_gmt":"2023-08-29T14:35:07","slug":"cengiz-under-umarim-avrupada-devam-ederim-diyordum","status":"publish","type":"post","link":"https:\/\/haberulus.net\/?p=120672","title":{"rendered":"Cengiz \u00dcnder: Umar\u0131m Avrupa\u2019da devam ederim diyordum\u2026"},"content":{"rendered":"<p>Fenerbah\u00e7e\u2019nin Olimpik Marsilya\u2019dan transfer etti\u011fi Cengiz \u00dcnder, sar\u0131-lacivertli tak\u0131m\u0131n \u015fampiyon olmas\u0131 i\u00e7in elinden gelenin en iyisini yapaca\u011f\u0131n\u0131 s\u00f6yledi.<\/p>\n<p>Sar\u0131-lacivertli kul\u00fcb\u00fcn televizyonuna a\u00e7\u0131klamalarda bulunan Cengiz \u00dcnder, tak\u0131m\u0131n bu sezon \u00e7ok iyi bir kadroya sahip oldu\u011funu ve ba\u015far\u0131 i\u00e7in elinden gelenin en iyisini yapaca\u011f\u0131n\u0131 vurgulad\u0131.<\/p>\n<p>UEFA Avrupa Konferans Ligi, Trendyol S\u00fcper Lig ve Ziraat T\u00fcrkiye Kupas\u0131\u2019nda sonuna kadar gideceklerine y\u00fcrekten inand\u0131\u011f\u0131n\u0131 s\u00f6yleyen milli futbolcu, sar\u0131-lacivertli formay\u0131 giydi\u011fi i\u00e7in \u00e7ok mutlu oldu\u011funu ifade etti.<\/p>\n<p>T\u00fcrkiye\u2019de oldu\u011fu i\u00e7in herhangi bir al\u0131\u015fma sorunu ya\u015famad\u0131\u011f\u0131n\u0131 dile getiren Cengiz \u00dcnder, \u015f\u00f6yle konu\u015ftu:<\/p>\n<p>\u201cGelir gelmez ilk defa adapte sorunu ya\u015famad\u0131m. Yurt d\u0131\u015f\u0131nda oynad\u0131\u011f\u0131m tak\u0131mlarda bunu ya\u015f\u0131yordum. Fiziksel olarak da iyiyim. \u015eu ana kadar benim i\u00e7in her \u015fey \u00e7ok g\u00fczel gidiyor. Daha \u00f6nce birlikte oynad\u0131\u011f\u0131m arkada\u015flar\u0131m da var. Arkada\u015fl\u0131k ortam\u0131 da iyi. Tesise erken geliyorum, ge\u00e7 \u00e7\u0131k\u0131yorum. Burada olmaktan keyif al\u0131yorum. S\u00fcrekli ma\u00e7 olmas\u0131n\u0131 ve s\u00fcrekli oynamak istiyorum.\u201d<\/p>\n<p><img decoding=\"async\" src=\"https:\/\/i01.sozcucdn.com\/wp-content\/uploads\/2023\/08\/29\/cengiz-under-resmi.jpg\" alt=\"\" title=\"\"><\/p>\n<p>Futbolun d\u0131\u015f\u0131nda masa tenisi ve bilardo oynamay\u0131 sevdi\u011fini belirten 26 ya\u015f\u0131ndaki oyuncu, \u201c\u00c7a\u011flar (S\u00f6y\u00fcnc\u00fc) ile birlikte oldu\u011fumuz d\u00f6nemlerde evimizde bilardo vard\u0131. S\u00fcrekli oynuyorduk. Masa tenisi evimde var. S\u00fcrekli oynuyorum. Her masada var\u0131m, sahada da var\u0131m. En iyisinde sahaday\u0131m. Oynamaya ba\u015flad\u0131\u011f\u0131m zaman \u00e7ok h\u0131rsl\u0131y\u0131m. Kimse kaybetmeyi sevmiyor. \u00c7ok \u00e7abuk sinirleniyorum. Sahada da \u00f6yleyim. Saha d\u0131\u015f\u0131ndaki oyunlarda da \u00f6yleyim, kaybedince hemen sinirleniyorum. O y\u00fczden her oyunda y\u00fczde 100\u2019\u00fcm\u00fc vermeye \u00e7al\u0131\u015f\u0131yorum.\u201d a\u00e7\u0131klamas\u0131nda bulundu.<\/p>\n<p><b>\u201cFENERBAH\u00c7E\u2019YE GELMEM 3 HAFTALIK S\u00dcRE\u00c7TE GER\u00c7EKLE\u015eT\u0130\u201d<\/b><\/p>\n<p>Sar\u0131-lacivertli ekibe transfer olma s\u00fcrecini de anlatan Cengiz \u00dcnder, \u015funlar\u0131 s\u00f6yledi:<\/p>\n<p>\u201cOlimpik Marsilya\u2019da kampta iken transfer haberleri \u00e7\u0131kmaya ba\u015flam\u0131\u015ft\u0131. Tekrardan \u00fclkeme d\u00f6nmeyi d\u00fc\u015f\u00fcn\u00fcyordum. Fenerbah\u00e7e\u2019nin ilk g\u00fcnden imza att\u0131\u011f\u0131m g\u00fcne kadar bana yakla\u015f\u0131m\u0131 \u00e7ok g\u00fczeldi. Ba\u015fkan\u0131m\u0131z, y\u00f6neticilerimiz, hocam\u0131z, hepsi bu transferin arkas\u0131nda durdu ve son ana kadar bitirmeye \u00e7al\u0131\u015ft\u0131. Uzun bir s\u00fcre\u00e7 oldu. Benim i\u00e7in de \u00e7ok stresliydi. Bir an \u00f6nce tak\u0131ma kat\u0131lmak istiyordum. Uzun s\u00fcren transfer s\u00fcre\u00e7lerini genelde sevmiyorum. Daha \u00f6nceki gitti\u011fim tak\u0131mlarda hepsi k\u0131sa s\u00fcrede olmu\u015ftu. Fenerbah\u00e7e\u2019ye gelmem 3 haftal\u0131k bir s\u00fcre\u00e7te ger\u00e7ekle\u015fti. Bu d\u00f6nem benim i\u00e7in \u00e7ok stresliydi \u00e7\u00fcnk\u00fc tak\u0131mda antrenmanlara bazen kat\u0131l\u0131yordum, bazen kat\u0131lm\u0131yordum. \u00c7\u00fcnk\u00fc herhangi bir \u015fey olmas\u0131ndan korkuyordum. Buraya gelmek istiyordum. Son ana kadar bunu kafamda \u00e7ok net \u015fekilde belirlemi\u015ftim. Marsilya Kul\u00fcb\u00fcne de bunu iletmi\u015ftim, hepsi biliyordu. Daha \u00f6nceki r\u00f6portajlar\u0131mda \u2018Umar\u0131m Avrupa\u2019da devam ederim.\u2019 diyordum ama bir anda Fenerbah\u00e7e gibi bir kul\u00fcbe gelince bu karar\u0131 de\u011fi\u015ftirebiliyorsunuz. Art\u0131k \u00fclkemizdeki futbolu T\u00fcrk oyuncu olarak daha fazla yukar\u0131ya ta\u015f\u0131mak istiyorum. Bunu yapabilecek g\u00fc\u00e7teyim, o y\u00fczden buraya geldim.\u201d<\/p>\n<p><b>\u201cBU DAHA BA\u015eLANGI\u00c7\u201d<\/b><\/p>\n<p>Roma formas\u0131 giydi\u011fi d\u00f6nemde kendisinin ilk gol\u00fcnde asisti Edin Dzeko\u2019nun yapt\u0131\u011f\u0131n\u0131, \u015eampiyonlar Ligi\u2019ndeki ilk gol\u00fcn\u00fc Shakhtar Donetsk\u2019e att\u0131\u011f\u0131n\u0131 ve rakip tak\u0131mda \u015fu andaki tak\u0131m arkada\u015f\u0131 Fred\u2019in oynad\u0131\u011f\u0131n\u0131 hat\u0131rlatan Cengiz \u00dcnder, \u201cShakhtar ma\u00e7\u0131nda att\u0131\u011f\u0131m gol\u00fc Dzeko att\u0131rm\u0131\u015ft\u0131. Alt\u0131nordu\u2019da iken ilk Fenerbah\u00e7e\u2019ye kar\u015f\u0131 oynam\u0131\u015ft\u0131m. Ba\u015fak\u015fehir\u2019e gitti\u011fimde ilk S\u00fcper Lig ma\u00e7\u0131n\u0131 Fenerbah\u00e7e\u2019ye kar\u015f\u0131 oynam\u0131\u015ft\u0131m. \u015eu an Fenerbah\u00e7e formas\u0131 alt\u0131nda sahaya \u00e7\u0131k\u0131yorum. \u0130lk ma\u00e7\u0131mda Samsun\u2019a kar\u015f\u0131 sahaya \u00e7\u0131kt\u0131m. \u0130lk ma\u00e7\u0131mda tekrardan Edin Dzeko\u2019ya gol att\u0131rd\u0131m. Havaalan\u0131na geldi\u011fim g\u00fcn \u2018Ben att\u0131raca\u011f\u0131m, Edin Dzeko atacak.\u2019 demi\u015ftim. \u0130lk ma\u00e7ta bunu yapt\u0131k. Bu daha ba\u015flang\u0131\u00e7. Hepimiz her g\u00fcn daha iyi olmak zorunday\u0131z. Kendi a\u00e7\u0131mdan da \u00f6yle. \u015eu an hep kazan\u0131yoruz. Tak\u0131m olarak iyi durumday\u0131z. En \u00f6nemlisi her zaman kazanmak. Bunu en iyi \u015fekilde g\u00f6stermeliyiz. G\u00fc\u00e7l\u00fc bir kadro kalitemiz var. Her \u015fekilde en sonuna kadar g\u00f6t\u00fcrmek zorunday\u0131z. Bu kadro kalitesi bunu hak ediyor. Fenerbah\u00e7e\u2019yi \u015eampiyonlar Ligi\u2019nde b\u00fcy\u00fck tak\u0131mlara kar\u015f\u0131 oynarken g\u00f6rmek istiyoruz. Fenerbah\u00e7e bunu hak ediyor. Umar\u0131m bunu sezon sonuna kadar hep birlikte g\u00f6t\u00fcr\u00fcr\u00fcz. \u0130lk g\u00fcnden beri bunu s\u00f6yledim, y\u00fcrekten. Sonuna kadar gidece\u011fimizi ve yapaca\u011f\u0131m\u0131z\u0131 da biliyorum.\u201d diyerek s\u00f6zlerini s\u00fcrd\u00fcrd\u00fc.<\/p>\n<p><b>\u201cBURAYA GELMEMDE BEN\u0130 TE\u015eV\u0130K EDEN\u2026\u201d<\/b><\/p>\n<p>UEFA Avrupa Konferans Ligi ve S\u00fcper Lig\u2019de sonuna kadar gitmek istediklerini vurgulayan Cengiz \u00dcnder, \u015fu ana kadar 5 ma\u00e7ta 5 galibiyet ald\u0131klar\u0131n\u0131 ancak Konferans Ligi\u2019nin uzun bir maraton oldu\u011funu s\u00f6yledi.<\/p>\n<p>Ma\u00e7 ma\u00e7 bakarak yola devam etmeleri gerekti\u011finin alt\u0131n\u0131 \u00e7izen Cengiz, s\u00f6zlerini \u015f\u00f6yle devam etti:<\/p>\n<p>\u201cDaha \u00f6nce Olimpik Marsilya\u2019dayken UEFA Avrupa Konferans Ligi\u2019nde yar\u0131 finale kadar gitmi\u015ftik. Umar\u0131m bu tak\u0131mla finale kadar gideriz. Kadro kalitemiz \u00e7ok iyi. Ligle birlikte \u00e7ok say\u0131da ma\u00e7 yapaca\u011f\u0131z. Sonuna kadar g\u00f6t\u00fcrece\u011fimize inan\u0131yorum. Buraya gelmemde beni te\u015fvik eden en b\u00fcy\u00fck fakt\u00f6rlerden biri de kadro kalitesi idi. Fenerbah\u00e7e ismini s\u00f6ylemeye gerek yok zaten, o isim olunca her \u015fey de\u011fi\u015fiyor. Zorlu bir lig olacak. Fenerbah\u00e7e\u2019nin \u015fampiyon olmas\u0131 i\u00e7in elimden gelenin en iyisini yapaca\u011f\u0131m. \u00c7ok say\u0131da gol katk\u0131s\u0131 yapmak istiyorum. \u0130yi dripling yap\u0131yorum. H\u0131zl\u0131y\u0131m, futbolu biliyorum. Top tutabilen bir oyuncuyum. S\u00fcrekli oyunun i\u00e7inde olmaktan keyif al\u0131yorum.\u201d<\/p>\n<p>Fenerbah\u00e7e\u2019ye transfer olmas\u0131n\u0131n ard\u0131ndan \u00e7ok b\u00fcy\u00fck destek ald\u0131\u011f\u0131n\u0131 da vurgulayan Cengiz \u00dcnder, taraftarlara \u015fu mesaj\u0131 verdi:<\/p>\n<p>\u201cSonunda Fenerbah\u00e7e taraftar\u0131yla birlikteyim. Onlar\u0131 sevindirece\u011fim \u00e7ok anlar olacak. Kimsenin \u015f\u00fcphesi olmas\u0131n. Bu konuda benim i\u00e7im rahat. Herkesin sevgisini de hissedebiliyorum. Onlar\u0131n sevgisi ile sahada \u00e7ok daha g\u00fc\u00e7l\u00fc bir oyuncu olaca\u011f\u0131m. Taraftarlara s\u00f6ylemek istedi\u011fim mesaj, bu sene her ma\u00e7ta stadyumumuzu doldural\u0131m. Yolun sonuna kadar hep birlikte en g\u00fczel \u015fekilde gidelim. Sizin deste\u011finizi hissetmek \u00e7ok farkl\u0131 bir duygu. 12. oyuncu olarak bu deste\u011finizi her zaman hissediyoruz. Bunu daha \u00e7ok hep birlikte hissedelim.\u201d (AA)<\/p>\n","protected":false},"excerpt":{"rendered":"<p>Fenerbah\u00e7e&#8217;nin yeni transferlerinden olan ve ilk ma\u00e7\u0131nda asist yapan Cengiz \u00dcnder, kul\u00fcb\u00fcn resmi TV kanal\u0131na a\u00e7\u0131klamalarda bulundu. Cengiz transfer s\u00fcrecinden de s\u00f6z etti.<\/p>\n","protected":false},"author":1,"featured_media":120673,"comment_status":"closed","ping_status":"open","sticky":false,"template":"","format":"standard","meta":{"footnotes":""},"categories":[31],"tags":[346,454,437,290,192],"class_list":["post-120672","post","type-post","status-publish","format-standard","has-post-thumbnail","hentry","category-spor","tag-fenerbahce","tag-hep","tag-lig","tag-mac","tag-takim"],"_links":{"self":[{"href":"https:\/\/haberulus.net\/index.php?rest_route=\/wp\/v2\/posts\/120672","targetHints":{"allow":["GET"]}}],"collection":[{"href":"https:\/\/haberulus.net\/index.php?rest_route=\/wp\/v2\/posts"}],"about":[{"href":"https:\/\/haberulus.net\/index.php?rest_route=\/wp\/v2\/types\/post"}],"author":[{"embeddable":true,"href":"https:\/\/haberulus.net\/index.php?rest_route=\/wp\/v2\/users\/1"}],"replies":[{"embeddable":true,"href":"https:\/\/haberulus.net\/index.php?rest_route=%2Fwp%2Fv2%2Fcomments&post=120672"}],"version-history":[{"count":1,"href":"https:\/\/haberulus.net\/index.php?rest_route=\/wp\/v2\/posts\/120672\/revisions"}],"predecessor-version":[{"id":120674,"href":"https:\/\/haberulus.net\/index.php?rest_route=\/wp\/v2\/posts\/120672\/revisions\/120674"}],"wp:featuredmedia":[{"embeddable":true,"href":"https:\/\/haberulus.net\/index.php?rest_route=\/wp\/v2\/media\/120673"}],"wp:attachment":[{"href":"https:\/\/haberulus.net\/index.php?rest_route=%2Fwp%2Fv2%2Fmedia&parent=120672"}],"wp:term":[{"taxonomy":"category","embeddable":true,"href":"https:\/\/haberulus.net\/index.php?rest_route=%2Fwp%2Fv2%2Fcategories&post=120672"},{"taxonomy":"post_tag","embeddable":true,"href":"https:\/\/haberulus.net\/index.php?rest_route=%2Fwp%2Fv2%2Ftags&post=120672"}],"curies":[{"name":"wp","href":"https:\/\/api.w.org\/{rel}","templated":true}]}}