{"id":120675,"date":"2023-08-29T14:35:07","date_gmt":"2023-08-29T14:35:07","guid":{"rendered":"https:\/\/haberulus.net\/?p=120675"},"modified":"2023-08-29T14:35:07","modified_gmt":"2023-08-29T14:35:07","slug":"ahmet-nur-cebi-ates-puskurdu-yurek-varsa","status":"publish","type":"post","link":"https:\/\/haberulus.net\/?p=120675","title":{"rendered":"Ahmet Nur \u00c7ebi ate\u015f p\u00fcsk\u00fcrd\u00fc \u2018Y\u00fcrek varsa\u2026\u2019"},"content":{"rendered":"<p>Be\u015fikta\u015f Kul\u00fcb\u00fc Ba\u015fkan\u0131 Ahmet Nur \u00c7ebi, Be\u015fikta\u015f Park\u2019ta ger\u00e7ekle\u015ftirilen bas\u0131n toplant\u0131s\u0131nda konu\u015ftu.<\/p>\n<p>G\u00f6rev s\u00fcresinin sonuna kadar ba\u015fkanl\u0131\u011fa devam edece\u011fini aktaran Ahmet Nur \u00c7ebi, \u201cMilletin git demesiyle gidecek adam de\u011filim. Buraya namusumla geldim, namusumla giderim. Sonuna kadar buraday\u0131m. Ta ki kongre bana burada i\u015fin bitti diyene kadar. Bir ba\u015fkas\u0131n\u0131n bana git demesiyle gitmeyece\u011fim. Beyhude u\u011fra\u015f\u0131yorlar, taraftarla aramda hi\u00e7bir sorun yok. Taraftar\u0131n mutlu olmas\u0131 i\u00e7in her \u015feyi yap\u0131yorum. Trib\u00fcnlerde ba\u011f\u0131rtanlar belli. Bug\u00fcn onlar yine ortadalar. Ba\u011f\u0131ranlar da ortada. Can\u0131 g\u00f6n\u00fclden ba\u011f\u0131ranlar ba\u015f\u0131m g\u00f6z\u00fcm \u00fcst\u00fcne. Tak\u0131m\u0131 destekleyin, ma\u00e7tan sonra bana ne ba\u011f\u0131r\u0131rsan\u0131z ba\u011f\u0131r\u0131n. Yapacaksan\u0131z ma\u00e7 sonu yap\u0131n. 90 dakika, sporcu odas\u0131na girene kadar oyuncular\u0131 motive edin. Ben onlar i\u00e7in her \u015feyi yapt\u0131m, yapmaya da haz\u0131r\u0131m\u201d ifadelerini kulland\u0131.<\/p>\n<p><img decoding=\"async\" src=\"https:\/\/i01.sozcucdn.com\/wp-content\/uploads\/2023\/08\/29\/depophotos_17654607.jpg\" alt=\"\" title=\"\"><\/p>\n<p><b>\u201cY\u00dcREK VARSA\u2026\u201d<\/b><\/p>\n<p>Kendisine k\u00fcf\u00fcr edilmesine \u00f6fkelenen Ahmet Nur \u00c7ebi, \u201cGedson geldi\u011finde ortal\u0131\u011f\u0131 y\u0131kt\u0131n\u0131z, mutlu oldunuz. Rachid\u2019le, Rosier\u2019le rakip tak\u0131m 3-5 kere g\u00f6r\u00fc\u015ft\u00fc. O \u00e7ocuklar\u0131 biz ald\u0131k. Bas parayla bu i\u015f olmuyor. Olsayd\u0131 her transfer d\u00f6neminde transfer \u015fampiyonu, \u015fampiyon ilan edilirdi. Be\u015fikta\u015f\u2019\u0131n plazas\u0131n\u0131 satarak transfer yapmayaca\u011f\u0131m. Bana herkes transfer nerede diye ba\u011f\u0131rabilir, Allah paralar nerede diye ba\u011f\u0131rmaktan korusun. Bana yapt\u0131klar\u0131n\u0131z\u0131n 10 kat\u0131n\u0131 g\u00f6r\u00fcrs\u00fcn\u00fcz, her \u015feyi deyin ama k\u00fcf\u00fcr etmeyin. K\u00fcf\u00fcr edenlerin Be\u015fikta\u015fl\u0131 oldu\u011funa inanm\u0131yorum. Yeni nesle ge\u00e7mi\u015fteki \u00f6rflerimiz anlat\u0131lmam\u0131\u015f. Onlarla kavga etmek istemiyorum. Ben taraftarla kavga eden ba\u015fkan olmayaca\u011f\u0131m. Be\u015fikta\u015fl\u0131 hi\u00e7 kimse ba\u015fkas\u0131n\u0131n ailesine, \u00e7oluk \u00e7ocu\u011funa k\u00fcf\u00fcr edemez. Ceyhun karde\u015fimiz de bu dertten gitti. \u00c7\u00fcnk\u00fc s\u00fcrekli anas\u0131na babas\u0131na k\u00fcf\u00fcr edilen profesyonel bir arkada\u015f\u0131m\u0131z. Onun i\u015flerini y\u00fck\u00fcmlendi\u011fim i\u00e7in huzurunuza \u00e7\u0131kamad\u0131m. Kendisine te\u015fekk\u00fcr ediyorum, \u00e7ok \u00f6nemli transferler yapt\u0131. O da ailesinin bask\u0131s\u0131yla bu g\u00f6revi b\u0131rakarak gitti. Y\u00fcrek varsa k\u00fcf\u00fcr\u00fc y\u00fcz\u00fcne gelip kar\u015f\u0131na al\u0131p edeceksin. Ailemin haberi olmadan evlerini, dairelerini ipotek verdim temiz ka\u011f\u0131d\u0131 alabilmek i\u00e7in. Bunun da m\u0131 hat\u0131r\u0131 yok?\u201d ifadelerini kulland\u0131.<\/p>\n<p><img decoding=\"async\" src=\"https:\/\/i01.sozcucdn.com\/wp-content\/uploads\/2023\/08\/29\/depophotos_18047035.jpg\" alt=\"\" title=\"\"><\/p>\n<p><b>\u201cKONU BENSEM HER \u015eEY\u0130 YAPAB\u0130L\u0130RS\u0130N\u0130Z AMA\u2026\u201d<\/b><\/p>\n<p>\u015eov yapmadan i\u015fine devam edece\u011fini s\u00f6yleyen Ahmet Nur \u00c7ebi, \u015funlar\u0131 kaydetti:<\/p>\n<p>\u201cSon zamanlarda benim ve Be\u015fikta\u015f \u00fczerinde olu\u015fturulmaya \u00e7al\u0131\u015f\u0131lan yapay bir bask\u0131 var. \u015eov yapmadan, kul\u00fcb\u00fcn ger\u00e7ek sorunlar\u0131yla ilgilenmeye \u00e7al\u0131\u015farak zaman\u0131 de\u011ferlendirmeye \u00e7al\u0131\u015ft\u0131m. S\u00f6z konusu Be\u015fikta\u015f olunca bizim i\u015fimizde \u015fov olmad\u0131 ve olmayacak. Ben i\u015fimin ba\u015f\u0131nday\u0131m. Ailem var, sa\u011fl\u0131k sorunlar\u0131m olabilir. \u0130\u015fimle u\u011fra\u015fmak zorunday\u0131m. \u015eirketimde orada bulunmamam nedeniyle maddi olarak zarar g\u00f6rd\u00fc\u011f\u00fcm bir s\u00fcre\u00e7 ya\u015fad\u0131m. Ailemi son 2 ayda 10 kere g\u00f6rmedim. Beni televizyonda g\u00f6rmeyince i\u015fimin ba\u015f\u0131nda olmad\u0131\u011f\u0131m\u0131 d\u00fc\u015f\u00fcn\u00fcyorlar. Medyada takip\u00e7i say\u0131s\u0131n\u0131 artt\u0131rarak televizyonlarda yer kapmaya \u00e7al\u0131\u015fanlar\u0131n sayg\u0131s\u0131zca ifadeleri, benim buradan gitmem i\u00e7in m\u00fccadele edenler var. Konu bensem her \u015feyi yapabilirsiniz ama Be\u015fikta\u015f\u2019a zarar vermeyin. En zor d\u00f6nemde gelmi\u015f ba\u015fkan\u0131m. Elektrikleri s\u00f6nm\u00fc\u015f, personel 6 ay maa\u015f alamam\u0131\u015f, bir s\u00fcr\u00fc haciz dosyalar\u0131 g\u0131rla giderken girdi\u011fim kul\u00fcpten bor\u00e7lar\u0131n an\u0131nda \u00f6dendi\u011fi onurlu, gururlu bir Be\u015fikta\u015f Kul\u00fcb\u00fc y\u00f6netmeye \u00e7al\u0131\u015f\u0131yorum. Herkes salg\u0131n d\u00f6neminde evinde otururken ben 4 kez kovid oldum. Bu art niyetlilere pabu\u00e7 b\u0131rakmayaca\u011f\u0131m. Y\u00f6netimimi bezdirmek i\u00e7in u\u011fra\u015fanlar var. Buraday\u0131m, i\u015fimin ba\u015f\u0131nday\u0131m. Beni g\u00f6rmedi\u011finiz zaman neler yapt\u0131\u011f\u0131m\u0131 10-15 g\u00fcn sonra g\u00f6receksiniz.\u201d<\/p>\n<p><img decoding=\"async\" src=\"https:\/\/i01.sozcucdn.com\/wp-content\/uploads\/2023\/08\/29\/depophotos_18047011.jpg\" alt=\"\" title=\"\"><\/p>\n<p><b>RAMOS VE TALISCA HAKKINDA<\/b><\/p>\n<p>Siyah-beyazl\u0131 kul\u00fcb\u00fcn g\u00fcndemini uzun s\u00fcre me\u015fgul eden Brezilyal\u0131 futbolcu Anderson Talisca ve \u0130spanyol stoper Sergio Ramos\u2019a da de\u011finen \u00c7ebi, \u201cTalisca istenmez mi istenir, kul\u00fcb\u00fcne m\u00fcracaat ettik, cevap hay\u0131r. Talisca giderken ele\u015ftirmeyenlerin bug\u00fcn gelmedi diye ele\u015ftirmelerini nas\u0131l yorumlayacaks\u0131n\u0131z? Ramos\u2019la u\u011fra\u015ft\u0131k, arzu ettik. Kimse sponsor olmak i\u00e7in beni aramad\u0131. Ramos vergilerle y\u0131ll\u0131k 25 milyon Euro, 2 y\u0131ll\u0131k 50 milyon Euro\u2019nun \u00fcst\u00fcnde\u201d ifadelerini kulland\u0131.<\/p>\n<p>Milot Rashica transferi sonras\u0131nda Galatasaray Kul\u00fcb\u00fc ile ya\u015fanan Fetullah\u00e7\u0131 Ter\u00f6r \u00d6rg\u00fct\u00fc (FET\u00d6) polemi\u011fine de de\u011finen \u00c7ebi, \u201cGalatasaray kol saatiyle bizim stad\u0131m\u0131z\u0131 \u00e7ekerek g\u00f6nderme yapt\u0131. Sen e\u011flenirken biz e\u011flenmeyecek miyiz? Futbolcunun geli\u015finden sonra video yapt\u0131k. Biz de sizin oras\u0131 g\u00fcr\u00fclt\u00fcl\u00fc demi\u015fiz ve bir video konulmu\u015f. Burada FET\u00d6 alg\u0131s\u0131 yok. YouTube\u2019dan al\u0131nm\u0131\u015f bir kalabal\u0131k g\u00f6r\u00fcnt\u00fc. Aray\u0131n kald\u0131rt\u0131n videoyu, konuyu oraya \u00e7ekmeyin, \u00f6yle de\u011fil dedik. Size de b\u00f6yle \u015fey olmayaca\u011f\u0131n\u0131 a\u00e7\u0131klamam\u0131zda yazm\u0131\u015f\u0131m. \u00c7ok g\u00fczel ileti\u015fim yap\u0131yorlar. Futbolcuya da ileti\u015fime de harc\u0131yorlar. Son g\u00fcleni g\u00f6rece\u011fiz. G\u00fcr\u00fclt\u00fcl\u00fc diye senin stad\u0131n\u0131 koymu\u015fuz oraya. Sen bunu niye FET\u00d6\u2019ye ba\u011flad\u0131n?\u201d de\u011ferlendirmesinde bulundu.<\/p>\n<p><img decoding=\"async\" src=\"https:\/\/i01.sozcucdn.com\/wp-content\/uploads\/2023\/08\/29\/depophotos_18033979.jpg\" alt=\"\" title=\"\"><\/p>\n<p><b>\u201c\u0130K\u0130 AY MAA\u015eINI \u00d6DEMEY\u0130NCE\u2026\u201d<\/b><\/p>\n<p>Be\u015fikta\u015f taraftar\u0131ndan sab\u0131r istedi\u011fini s\u00f6yleyen \u00c7ebi, kul\u00fcb\u00fc y\u0131ld\u0131z transferi i\u00e7in ate\u015fe atmayaca\u011f\u0131n\u0131 aktararak \u015funlar\u0131 belirtti:<\/p>\n<p>\u201c20 bin kombine satt\u0131k, 10 bin daha satmak i\u00e7in her g\u00fcn telefon geliyor. Statta belirli bo\u015fluklar var. Bu taraftara 20 bin bilet satmaya karar verelim, \u00f6\u011fleden sonra bilet bulamazs\u0131n\u0131z. O biletleri alanlar ma\u00e7a gelmiyorlarsa, devir hakk\u0131n\u0131z\u0131 kullan\u0131n. Bilet fiyatlar\u0131m\u0131z rakiplerin alt\u0131nda ama 500 milyonluk yay\u0131n gelirinin 100 milyon dolara d\u00fc\u015ft\u00fc\u011f\u00fc bu s\u00fcre\u00e7te birileri 1 liral\u0131k transferi nas\u0131l 10 liraya yap\u0131yor? Be\u015fikta\u015f\u2019a hileli hurdal\u0131 evrak yapmam. A\u00e7\u0131k ve \u015feffaf olaca\u011f\u0131m\u0131n s\u00f6z\u00fc var. Be\u015fikta\u015f\u2019\u0131 y\u0131ld\u0131z transfer hevesi i\u00e7in ate\u015fe atamam. \u0130ki ay maa\u015f\u0131n\u0131 \u00f6demeyince futbolcunun kontrat\u0131n\u0131 feshedip an\u0131nda \u00f6deme talep etmeye hakk\u0131 var. Bu, \u00e7ok b\u00fcy\u00fck bir risk. UEFA\u2019ya taahh\u00fcd\u00fcm\u00fcz var. \u00dc\u00e7 y\u0131l i\u00e7inde Be\u015fikta\u015f\u2019\u0131 zarar etmez hale getirece\u011fiz. Aksi halde Avrupa kupalar\u0131ndan men edilece\u011fiz. Gelirle gideri denk bir kul\u00fcp yapmaya \u00e7al\u0131\u015faca\u011f\u0131m. Faizler ve ana bor\u00e7 hari\u00e7 gelir-gider dengede. Bilan\u00e7olara bak\u0131nca faiz gideri 700 milyona yak\u0131n, bu s\u00fcre\u00e7te bana \u2018Ba\u015fkan UEFA bizi 3 y\u0131l men etmi\u015f\u2019 demeyecek misiniz? T\u00fcrkiye Futbol Federasyonu e\u011fer d\u00fcr\u00fcst ve iyi niyetliyse, evraklar\u0131 inceledi\u011fi zaman Ali Ko\u00e7\u2019un, \u2018Ben 10 milyon dolar verdim ama adam buraya 3 milyon dolara imza atm\u0131\u015f\u2019 dedi\u011fini kale almayacak m\u0131? Bu evraklar \u00e7\u0131karsa k\u00fcme d\u00fc\u015f\u00fcrmeye kadar cezas\u0131 oldu\u011funu taraftar\u0131m biliyor mu? \u0130nan\u0131n en do\u011frusunu yapmaya \u00e7al\u0131\u015f\u0131yorum. Birka\u00e7 hafta sonra duyuraca\u011f\u0131m\u0131z sponsorluklar\u0131 g\u00f6receksiniz.\u201d<\/p>\n<p><img decoding=\"async\" src=\"https:\/\/i01.sozcucdn.com\/wp-content\/uploads\/2023\/08\/29\/depophotos_18047013.jpg\" alt=\"\" title=\"\"><\/p>\n<p><b>\u201cMA\u00c7IN TEKRAR ED\u0130LMES\u0130N\u0130 \u0130ST\u0130YORUM\u201d<\/b><\/p>\n<p>T\u00fcrkiye Futbol Federasyonu (TFF) ile Pendikspor ma\u00e7\u0131ndan sonra mektupla yap\u0131lan g\u00f6r\u00fc\u015fmeye de de\u011finen \u00c7ebi, \u201cTFF ile ili\u015fkilerimi makamlara giderek tercih etmi\u015f \u00e7\u00f6zm\u00fc\u015f biriyim. Televizyonlara \u00e7\u0131k\u0131p ba\u011f\u0131rmak benim stilim de\u011fil. Televizyonlarda kendime hakim olamayabilirim. Bunu ertesi g\u00fcn TFF Ba\u015fkan\u0131\u2019na yazmay\u0131 kendimce uygun g\u00f6rd\u00fcm. TFF\u2019nin bize g\u00f6nderdi\u011fi cevap, evet hata var pozisyon bitmeden hakem bayra\u011f\u0131 kald\u0131rmamal\u0131yd\u0131 \u015feklinde. Hakeme sordunuz mu acelen neydi, anan\u0131n karn\u0131nda nas\u0131l durdun diye? Hataysa cezas\u0131n\u0131 verdiniz mi, camiadan \u00f6z\u00fcr dilediniz mi? O da yok. Orada hata varsa bunun kural hatas\u0131 olarak kabul edilmesini ve ma\u00e7\u0131n tekrar edilmesini istiyorum. TFF\u2019yle en b\u00fcy\u00fck kavgay\u0131 eden ba\u015fkan benim. Hakemlerin gitmesini isteyen, geri geldiklerinde gelmesinler diyen benim. \u0130yi ki d\u00f6nd\u00fcler diyenlerin Trabzonspor ma\u00e7\u0131 sonras\u0131 saat 01.30\u2019da ba\u011flanmalar\u0131 \u015fovdan ibarettir. Ge\u00e7en sene lig ba\u015flarken ba\u011f\u0131rd\u0131lar, tuttu. TFF\u2019ye sesleniyorum, sak\u0131n bu hakemlerin gitmesiyle gelmesiyle ilgilenmeyen kul\u00fcp ba\u015fkanlar\u0131n\u0131n a\u00e7\u0131klamalar\u0131na de\u011fer vermeyin. Onlara sizin b\u00f6yle s\u00f6ylemeye hakk\u0131n\u0131z yok deyin. Ba\u011f\u0131r ba\u011f\u0131r 3-5 ma\u00e7 al, penalt\u0131 al, al\u0131\u015fm\u0131\u015flar\u2026\u201d dedi.<\/p>\n<p><img decoding=\"async\" src=\"https:\/\/i01.sozcucdn.com\/wp-content\/uploads\/2023\/08\/29\/depophotos_18047022.jpg\" alt=\"\" title=\"\"><\/p>\n<p><b>\u201cBEN PES ETMEDEN KAVGA B\u0130TMEZ\u201d<\/b><\/p>\n<p>TFF\u2019nin kul\u00fcplere \u00e7ok kolay ceza verdi\u011fini dile getiren \u00c7ebi, \u201cTFF\u2019nin yay\u0131n geliri 500\u2019den 100 milyon Euro\u2019ya d\u00fc\u015fm\u00fc\u015f. Bize verilen cezalarsa 10 kat. Hakem hatal\u0131d\u0131r diyorsun, sonras\u0131 yok. Bununla ilgili a\u00e7\u0131klama yapan y\u00f6netici ve kul\u00fcbe 1 milyon 400 bin ceza kesiyorsunuz. Siz kul\u00fcplere para bulmak i\u00e7in oradas\u0131n\u0131z. Bizimle u\u011fra\u015fana kadar futbolun yay\u0131n gelirini artt\u0131r say\u0131n ba\u015fkan. Marka de\u011feri d\u00fc\u015f\u00fcyorsa sizin de pay\u0131n\u0131z var. Yokmu\u015f gibi davranmay\u0131n. Hakemlerle kavga ettiysem, onlar hala hakem camias\u0131n\u0131n i\u00e7inde g\u00f6rev yap\u0131yorsa bir \u00e7uval inciri berbat ediyorsunuz. 10 eski hakem duruyor, onlar zaten benimle sorunlu. Onlar o yenilerin beynini nas\u0131l y\u0131k\u0131yor, s\u0131f\u0131rlay\u0131n onlar\u0131 dedim. Be\u015fikta\u015f\u2019a oradan bir hainlik geliyorsa bunun hesab\u0131n\u0131 \u015fahsen \u00e7ok a\u011f\u0131r soraca\u011f\u0131m. Niyetiniz bu de\u011filse hakemler kendine \u00e7eki d\u00fczen versinler. Ben B\u00fcy\u00fckek\u015fi\u2019yle de\u011fil TFF\u2019deki koku\u015fmu\u015f d\u00fczenle kavga ediyorum. Kavgay\u0131 kaybetmedim. Tak\u0131mlar\u0131n haklar\u0131n\u0131n korundu\u011fu, hakemlerin ma\u00e7 sonu konu\u015fulmad\u0131\u011f\u0131 bir d\u00fczen istiyorum. Ben pes etmeden kavga bitmez. Bunu kendi tutumumla yapaca\u011f\u0131m.\u201d \u015feklinde konu\u015ftu.<\/p>\n<p><b>SAL\u0130H U\u00c7AN VE CENK TOSUN\u2019UN S\u00d6ZLE\u015eMELER\u0130<\/b><\/p>\n<p>Salih U\u00e7an ve Cenk Tosun\u2019un s\u00f6zle\u015fmelerinin uzat\u0131lmas\u0131yla ilgili de konu\u015fan \u00c7ebi, \u201cSalih\u2019i milli tak\u0131ma Be\u015fikta\u015f y\u00fckseltti. O zaman Be\u015fikta\u015f\u2019a da sayg\u0131 duyulacak. Cenk de benim k\u0131ymetlim. Yap\u0131lm\u0131\u015f s\u00f6zle\u015fmeler o zaman iyiydi. Sana 5 verdim ama piyasa k\u00f6t\u00fc 3\u2019e d\u00fc\u015f diyor muyuz, demiyoruz. Kendileriyle birka\u00e7 g\u00f6r\u00fc\u015fme yap\u0131ld\u0131, yol al\u0131namad\u0131. Bug\u00fcn yar\u0131n kendileriyle g\u00f6r\u00fc\u015fece\u011fim. \u0130kisinin de kalmas\u0131 i\u00e7in her \u015feyi yapmaya haz\u0131r\u0131m. Onlar Be\u015fikta\u015f\u2019\u0131n \u00e7ocu\u011fudur. Salih bu sene \u00e7ok iyi ve daha da iyi olacak. \u0130kisini de Be\u015fikta\u015f\u2019\u0131n kaybetmesini istemiyorum.\u201d \u015feklinde konu\u015ftu.<\/p>\n<p>Daha \u00f6nce yap\u0131lan divan kurulu toplant\u0131s\u0131nda ilk se\u00e7imde aday olaca\u011f\u0131n\u0131 a\u00e7\u0131klayan eski y\u00f6neticilerden Hasan Arat\u2019\u0131n ola\u011fan\u00fcst\u00fc se\u00e7im \u00e7a\u011fr\u0131s\u0131na da cevap veren Ahmet Nur \u00c7ebi, \u201cBir y\u0131l evvel se\u00e7ime gittik, herkes se\u00e7ime girsin dedik kimse yoktu. Se\u00e7im bitti sonra topland\u0131lar. Bu yapt\u0131\u011f\u0131n\u0131z y\u00f6netimi y\u0131pratmakt\u0131r. Sponsorluklarla olan g\u00f6r\u00fc\u015fmelere zarar veriyorsunuz. Bankalarla g\u00f6r\u00fc\u015f\u00fcyoruz, \u2018Sen gidecekmi\u015fsin\u2019 diyorlar. Bu yap\u0131lanlar Be\u015fikta\u015f\u2019a zarar veriyor. Ben Be\u015fikta\u015f\u2019ta g\u00fcvensiz ortam g\u00f6rm\u00fcyorum. Y\u0131ld\u0131z transfer hari\u00e7 hatam\u0131z yok. 22 senedir ortal\u0131kta yoksun. A\u011fz\u0131m\u0131 a\u00e7m\u0131yorum aylard\u0131r. Tak\u0131m kazan\u0131yor ortada yoksun. Ben buraya sana sorup gelmedim. Buraya gelince bu adama hesap sor dedin, hesap sordum. \u015eimdi o adam\u0131n ekibiyle \u00e7ayda \u00e7\u0131ra oynuyorsun. Kul\u00fcp d\u00fczl\u00fc\u011fe \u00e7\u0131kt\u0131, giderken de d\u00fczg\u00fcn b\u0131rakaca\u011f\u0131m. Yan\u0131n\u0131zda \u00e7al\u0131\u015fan arkada\u015f\u0131n\u0131zla trib\u00fcnleri idare ediyorsunuz. Y\u0131ld\u0131r\u0131m Demir\u00f6ren\u2019e k\u0131zm\u0131\u015fs\u0131n, Bilgili\u2019yle kavga etmi\u015fsin. Fikret Orman\u2019a hesap sor demi\u015fsin. Neden aday olmad\u0131n? Kaos olmad\u0131\u011f\u0131 i\u00e7in bu arkada\u015flar buraya talipler. Genel kurula gitmem gerekirse giderim. Hodri meydan diye giderim\u201d ifadelerini kulland\u0131. (AA)<\/p>\n","protected":false},"excerpt":{"rendered":"<p>Be\u015fikta\u015f Ba\u015fkan\u0131 Ahmet Nur \u00c7ebi, siyah-beyazl\u0131lar\u0131n g\u00fcndemi ile ilgili a\u00e7\u0131klamalar yapt\u0131. Kendisine k\u00fcf\u00fcr edilmesine sert tepki g\u00f6steren Ahmet Nur \u00c7ebi, Ramos ve Talisca ile ilgili transfer giri\u015fimler hakk\u0131nda da konu\u015ftu.<\/p>\n","protected":false},"author":1,"featured_media":120676,"comment_status":"closed","ping_status":"open","sticky":false,"template":"","format":"standard","meta":{"footnotes":""},"categories":[31],"tags":[13860,324,208,13861,438],"class_list":["post-120675","post","type-post","status-publish","format-standard","has-post-thumbnail","hentry","category-spor","tag-bagir","tag-besiktas","tag-hakem","tag-sor","tag-transfer"],"_links":{"self":[{"href":"https:\/\/haberulus.net\/index.php?rest_route=\/wp\/v2\/posts\/120675","targetHints":{"allow":["GET"]}}],"collection":[{"href":"https:\/\/haberulus.net\/index.php?rest_route=\/wp\/v2\/posts"}],"about":[{"href":"https:\/\/haberulus.net\/index.php?rest_route=\/wp\/v2\/types\/post"}],"author":[{"embeddable":true,"href":"https:\/\/haberulus.net\/index.php?rest_route=\/wp\/v2\/users\/1"}],"replies":[{"embeddable":true,"href":"https:\/\/haberulus.net\/index.php?rest_route=%2Fwp%2Fv2%2Fcomments&post=120675"}],"version-history":[{"count":1,"href":"https:\/\/haberulus.net\/index.php?rest_route=\/wp\/v2\/posts\/120675\/revisions"}],"predecessor-version":[{"id":120677,"href":"https:\/\/haberulus.net\/index.php?rest_route=\/wp\/v2\/posts\/120675\/revisions\/120677"}],"wp:featuredmedia":[{"embeddable":true,"href":"https:\/\/haberulus.net\/index.php?rest_route=\/wp\/v2\/media\/120676"}],"wp:attachment":[{"href":"https:\/\/haberulus.net\/index.php?rest_route=%2Fwp%2Fv2%2Fmedia&parent=120675"}],"wp:term":[{"taxonomy":"category","embeddable":true,"href":"https:\/\/haberulus.net\/index.php?rest_route=%2Fwp%2Fv2%2Fcategories&post=120675"},{"taxonomy":"post_tag","embeddable":true,"href":"https:\/\/haberulus.net\/index.php?rest_route=%2Fwp%2Fv2%2Ftags&post=120675"}],"curies":[{"name":"wp","href":"https:\/\/api.w.org\/{rel}","templated":true}]}}