{"id":120720,"date":"2023-08-29T16:05:05","date_gmt":"2023-08-29T16:05:05","guid":{"rendered":"https:\/\/haberulus.net\/?p=120720"},"modified":"2023-08-29T16:05:05","modified_gmt":"2023-08-29T16:05:05","slug":"tff-fair-play-adil-oyun-2022-2023-sezonu-odullerini-kazananlar-belli-oldu","status":"publish","type":"post","link":"https:\/\/haberulus.net\/?p=120720","title":{"rendered":"TFF Fair Play-Adil Oyun 2022-2023 sezonu \u00f6d\u00fcllerini kazananlar belli oldu"},"content":{"rendered":"<p>T\u00fcrkiye Futbol Federasyonu (TFF) 2022-2023 sezonu Fair Play ve Sosyal Sorumluluk \u00d6d\u00fclleri T\u00f6reni yap\u0131ld\u0131.<\/p>\n<p>TFF Fair Play ve Sosyal Sorumluluk Kurulunun S\u00fcper Lig ve 1. Lig kapsam\u0131nda tak\u0131m, futbolcu, teknik direkt\u00f6r, ba\u015fkan\/y\u00f6netici ve taraftar olmak \u00fczere 5 kategoride yapt\u0131\u011f\u0131 de\u011ferlendirme sonucu \u00f6d\u00fcle lay\u0131k g\u00f6r\u00fclenler belirlendi.<\/p>\n<p>TFF\u2019nin Riva\u2019daki Hasan Do\u011fan Milli Tak\u0131mlar Kamp ve E\u011fitim Tesisleri\u2019nde d\u00fczenlenen t\u00f6rene, TFF Ba\u015fkan\u0131 Mehmet B\u00fcy\u00fckek\u015fi, y\u00f6netim kurulu \u00fcyeleri ve davetliler kat\u0131ld\u0131.<\/p>\n<p>T\u00f6rende konu\u015fan Ba\u015fkan B\u00fcy\u00fckek\u015fi, iyi \u00f6rneklerin topluma yay\u0131lmas\u0131n\u0131 sa\u011flamak i\u00e7in Fair Play ve Sosyal Sorumluluk Kurulu olu\u015fturduklar\u0131n\u0131 aktararak, \u201cTFF olarak g\u00f6reve geldi\u011fimiz ilk g\u00fcnden itibaren futbolumuzun marka de\u011ferini y\u00fckseltebilmek i\u00e7in bir\u00e7ok \u00f6nemli \u00e7al\u0131\u015fma ger\u00e7ekle\u015ftirdik. Ho\u015fg\u00f6r\u00fc, bar\u0131\u015f ve karde\u015fli\u011fin \u00f6n plana \u00e7\u0131kt\u0131\u011f\u0131 bir futbol k\u00fclt\u00fcr\u00fc yaratmaya gayreti i\u00e7inde \u00e7al\u0131\u015f\u0131yoruz. Hepimizin i\u00e7inde olan sa\u011fduyuyu, yard\u0131m duygusunu ve sayg\u0131y\u0131 futbolda g\u00f6stermeye, hissetmeye ihtiyac\u0131m\u0131z var. \u0130\u015fte bu y\u00fczden fair play ruhunun sahada, trib\u00fcnlerde, televizyonlarda, radyolarda ve t\u00fcm dijital mecralarda ya\u015fanmas\u0131n\u0131 istiyoruz.\u201d ifadelerini kulland\u0131.<\/p>\n<p>T\u00fcrk futbolunda fair play konusunda \u00f6nemli \u00f6rnekler oldu\u011funa de\u011finen B\u00fcy\u00fckek\u015fi, \u201cFutbol tarihimizde fair play ruhunu ta\u015f\u0131yan \u00e7ok \u00f6nemli \u00f6rneklerimiz var. Lefter, Metin Oktay, S\u00fcleyman Seba, Can Bartu, \u00d6zhan Canayd\u0131n, \u00d6zkan S\u00fcmer bunlardan sadece baz\u0131lar\u0131. Bu isimler T\u00fcrk futboluna ve g\u00f6n\u00fcllerimize isimlerini alt\u0131n harflerle yazd\u0131rd\u0131lar. Hepsinin bir ortak paydas\u0131 fair play ruhuna sahip olmalar\u0131, bu konuda saha i\u00e7i ve d\u0131\u015f\u0131nda herkese \u00f6rnek olmalar\u0131.\u201d diye konu\u015ftu.<\/p>\n<p>Mehmet B\u00fcy\u00fckek\u015fi, ana gayelerinin T\u00fcrk futbolunun marka de\u011ferini y\u00fckseltmek oldu\u011funa de\u011finerek, \u015funlar\u0131 kaydetti:<\/p>\n<p>\u201cBunun i\u00e7in, fair play\u2019in \u00f6n planda oldu\u011fu bir futbol iklimini olu\u015fturmak, onu narin bir \u00e7i\u00e7ek gibi ye\u015fertmemiz gerekiyor. \u0130\u015fte bunun i\u00e7in k\u00fcf\u00fcr ve \u015fiddet, k\u00f6t\u00fc tezah\u00fcrat, kaos yaratacak a\u00e7\u0131klamalar\u0131 duymak istemiyoruz. Ba\u015fta trib\u00fcnler olmak \u00fczere televizyonlarda, sosyal medyada bunlar\u0131n olmamas\u0131 en b\u00fcy\u00fck dile\u011fimiz. Bug\u00fcn Be\u015fikta\u015f Kul\u00fcb\u00fc Ba\u015fkan\u0131 Ahmet Nur \u00c7ebi\u2019nin bas\u0131n toplant\u0131s\u0131nda ayn\u0131 konudan \u015fikayet etti\u011fini duydum. Son derece hakl\u0131. Herkesin bu konuda \u015fapkas\u0131n\u0131 \u00f6n\u00fcne koyarak d\u00fc\u015f\u00fcnmesi laz\u0131m. B\u00fct\u00fcn ba\u015fkanlar\u0131m\u0131z, y\u00f6neticilerimiz, futbolcular\u0131m\u0131z \u00e7ok de\u011ferli. K\u00fcf\u00fcr ve \u015fiddetle bir yere varamay\u0131z. \u00d6nce birbirimize sayg\u0131 ve sevgi g\u00f6stermemiz laz\u0131m. Ele\u015ftiri olabilir ama k\u00fcf\u00fcr edilmemeli. \u00c7ocuklar\u0131m\u0131z, torunlar\u0131m\u0131z bunlara \u015fahitlik ederek b\u00fcy\u00fcmesin istiyoruz. Bu k\u00fcfr\u00fc l\u00fcgatimizden \u00e7\u0131karmam\u0131z laz\u0131m. T\u00fcm futbolseverleri, kul\u00fcp ba\u015fkanlar\u0131m\u0131z\u0131, y\u00f6neticilerimizi, teknik direkt\u00f6rlerimizi, oyuncular\u0131m\u0131z\u0131, bas\u0131n mensuplar\u0131n\u0131 k\u00f6t\u00fc tezah\u00fcrat, k\u00fcf\u00fcr ve \u015fiddete kar\u015f\u0131 bizimle omuz omuza olmaya davet ediyorum.\u201d<\/p>\n<p>K\u00fcf\u00fcr, k\u00f6t\u00fc tezah\u00fcrat ve \u015fiddete kar\u015f\u0131 fark\u0131ndal\u0131k kampanyas\u0131 haz\u0131rlad\u0131klar\u0131n\u0131 aktaran TFF Ba\u015fkan\u0131, \u201cTFF olarak \u00fczerimize d\u00fc\u015feni kararl\u0131l\u0131kla yapaca\u011f\u0131z. Futbolda g\u00f6rmek istedi\u011fimiz g\u00fczel iklim i\u00e7in birlikte harekete ge\u00e7memiz durumunda yol alabilece\u011fimizi d\u00fc\u015f\u00fcn\u00fcyorum. Bunun i\u00e7in, herkesin ortak eme\u011fine ve hassasiyetine ihtiyac\u0131m\u0131z var. Rahmetli Bar\u0131\u015f Man\u00e7o, \u2018\u0130nsan\u0131n \u00f6\u011frenmesi gereken ilk dil tatl\u0131 dildir.\u2019 derdi. Bir atas\u00f6z\u00fcm\u00fczde de \u2018Tatl\u0131 dil y\u0131lan\u0131 deli\u011finden \u00e7\u0131kar\u0131r.\u2019 denir. Tatl\u0131 s\u00f6z s\u00f6yleyen k\u00f6t\u00fc s\u00f6z i\u015fitmez. Biz de kendimizi hep tatl\u0131 s\u00f6z s\u00f6ylemeye al\u0131\u015ft\u0131ral\u0131m.\u201d de\u011ferlendirmesinde bulundu.<\/p>\n<p><b>\u201cCAYDIRICI CEZALARA DEVAM EDECE\u011e\u0130Z\u201d<\/b><\/p>\n<p>Ba\u015fkan Mehmet B\u00fcy\u00fckek\u015fi, fair play ruhuna ayk\u0131r\u0131 hareketlere cayd\u0131r\u0131c\u0131 cezalar vereceklerini s\u00f6yledi.<\/p>\n<p>Fair play\u2019e ayk\u0131r\u0131 hareketlerin \u00fczerine kararl\u0131l\u0131kla gideceklerini dile getiren B\u00fcy\u00fckek\u015fi, \u201cFair play ruhuna ayk\u0131r\u0131 t\u00fcm hareketlere ve a\u00e7\u0131klamalara cayd\u0131r\u0131c\u0131 cezalar vermeye devam edece\u011fiz. Herkesi tatl\u0131 dilli olmaya davet ediyoruz. K\u00f6t\u00fc dil tekrarland\u0131\u011f\u0131 takdirde bu cezalar artarak uygulanacak. Bu konuda kararl\u0131y\u0131z.\u201d dedi.<\/p>\n<p>Futbolun gelece\u011fine g\u00fczel bir miras b\u0131rakmak istediklerini vurgulayan TFF Ba\u015fkan\u0131 B\u00fcy\u00fckek\u015fi, \u201cFutbol insanlar\u0131 bir arada tutan en b\u00fcy\u00fck g\u00fc\u00e7. Sevgi insanlar\u0131 ba\u011flayan en b\u00fcy\u00fck duygu. Sevenin s\u00f6vd\u00fc\u011f\u00fcn\u00fc m\u00fc \u00f6\u011fretece\u011fiz, yoksa \u00e7ocuklar\u0131m\u0131za g\u00fczellikleri mi miras b\u0131rakaca\u011f\u0131z? Bunca \u00e7abaya, eme\u011fe ve al\u0131n terine ra\u011fmen bundan sonraki nesle futbolumuzun marka de\u011ferini ve imaj\u0131n\u0131 neden daha ileriye ta\u015f\u0131yamad\u0131\u011f\u0131m\u0131z\u0131 nas\u0131l a\u00e7\u0131klayaca\u011f\u0131z? Bu sebeple, t\u00fcm payda\u015flar\u0131m\u0131zdan bizi destekleyen bir yakla\u015f\u0131m ve davran\u0131\u015f g\u00f6stermelerini istiyorum. B\u00f6yle gelmi\u015f, b\u00f6yle gider mant\u0131\u011f\u0131n\u0131 art\u0131k kabul etmiyoruz. Herkesin bu konuda bir \u00e7aba i\u00e7inde olmas\u0131 laz\u0131m.\u201d diyerek s\u00f6zlerini tamamlad\u0131.<\/p>\n<p><b>\u00d6D\u00dcLLER<\/b><\/p>\n<p>T\u00f6rende kategorilere g\u00f6re \u00f6d\u00fcle lay\u0131k g\u00f6r\u00fclenler \u015f\u00f6yle:<\/p>\n<ul>\n<li>S\u00fcper Lig en centilmen tak\u0131m: Konyaspor<\/li>\n<li>S\u00fcper Lig en centilmen teknik direkt\u00f6r: Volkan Demirel (Ataka\u015f Hatayspor)<\/li>\n<li>S\u00fcper Lig en centilmen taraftar: Alanyaspor<\/li>\n<li>S\u00fcper Lig en centilmen futbolcu: Ferhat Kaplan (Giresunspor)<\/li>\n<li>1. Lig en centilmen tak\u0131m: Pendikspor<\/li>\n<li>1. Lig en centilmen teknik direkt\u00f6r: H\u00fcseyin Ero\u011flu (Y\u0131lport Samsunspor)<\/li>\n<li>1. Lig en centilmen y\u00f6netici: Cumhur Gen\u00e7 (Sakaryaspor<\/li>\n<li>1. Lig en centilmen futbolcu: Marco Paixao (Altay)<\/li>\n<li>En iyi sosyal sorumluluk projesi: Be\u015fikta\u015f<\/li>\n<li>Fair Play Kurulu \u00d6zel \u00d6d\u00fclleri: Alt\u0131nordu Futbol Akademisi (ALFA), Kul\u00fcpler Birli\u011fi Vakf\u0131, Volkan Demirel ile G\u00f6khan Zan, Atiba Hutchinson.<\/li>\n<\/ul>\n<p>(AA)<\/p>\n","protected":false},"excerpt":{"rendered":"<p>TFF Fair Play ve Sosyal Sorumluluk Kurulu, sezonun son TFF Fair Play\/Adil Oyun \u00d6d\u00fclleri sahiplerini belirlerken; tak\u0131m, futbolcu, teknik direkt\u00f6r, ba\u015fkan\/y\u00f6netici ve taraftar olmak \u00fczere 5 kategoride yap\u0131lan de\u011ferlendirmeye S\u00fcper Lig&#8217;in yan\u0131 s\u0131ra 1inci Lig&#8217;i de ekledi.<\/p>\n","protected":false},"author":1,"featured_media":120721,"comment_status":"closed","ping_status":"open","sticky":false,"template":"","format":"standard","meta":{"footnotes":""},"categories":[31],"tags":[443,1832,13862,788,1413],"class_list":["post-120720","post","type-post","status-publish","format-standard","has-post-thumbnail","hentry","category-spor","tag-baskan","tag-dil","tag-fair-play","tag-futbol","tag-tff"],"_links":{"self":[{"href":"https:\/\/haberulus.net\/index.php?rest_route=\/wp\/v2\/posts\/120720","targetHints":{"allow":["GET"]}}],"collection":[{"href":"https:\/\/haberulus.net\/index.php?rest_route=\/wp\/v2\/posts"}],"about":[{"href":"https:\/\/haberulus.net\/index.php?rest_route=\/wp\/v2\/types\/post"}],"author":[{"embeddable":true,"href":"https:\/\/haberulus.net\/index.php?rest_route=\/wp\/v2\/users\/1"}],"replies":[{"embeddable":true,"href":"https:\/\/haberulus.net\/index.php?rest_route=%2Fwp%2Fv2%2Fcomments&post=120720"}],"version-history":[{"count":1,"href":"https:\/\/haberulus.net\/index.php?rest_route=\/wp\/v2\/posts\/120720\/revisions"}],"predecessor-version":[{"id":120722,"href":"https:\/\/haberulus.net\/index.php?rest_route=\/wp\/v2\/posts\/120720\/revisions\/120722"}],"wp:featuredmedia":[{"embeddable":true,"href":"https:\/\/haberulus.net\/index.php?rest_route=\/wp\/v2\/media\/120721"}],"wp:attachment":[{"href":"https:\/\/haberulus.net\/index.php?rest_route=%2Fwp%2Fv2%2Fmedia&parent=120720"}],"wp:term":[{"taxonomy":"category","embeddable":true,"href":"https:\/\/haberulus.net\/index.php?rest_route=%2Fwp%2Fv2%2Fcategories&post=120720"},{"taxonomy":"post_tag","embeddable":true,"href":"https:\/\/haberulus.net\/index.php?rest_route=%2Fwp%2Fv2%2Ftags&post=120720"}],"curies":[{"name":"wp","href":"https:\/\/api.w.org\/{rel}","templated":true}]}}