{"id":120729,"date":"2023-08-29T16:21:04","date_gmt":"2023-08-29T16:21:04","guid":{"rendered":"https:\/\/haberulus.net\/?p=120729"},"modified":"2023-08-29T16:21:04","modified_gmt":"2023-08-29T16:21:04","slug":"turk-tabipleri-birliginden-yeni-corona-varyanti-uyarisi","status":"publish","type":"post","link":"https:\/\/haberulus.net\/?p=120729","title":{"rendered":"T\u00fcrk Tabipleri Birli\u011fi\u2019nden yeni corona varyant\u0131 uyar\u0131s\u0131"},"content":{"rendered":"<p>T\u00fcrk Tabipleri Birli\u011fi (TTB), Covid-19 salg\u0131n\u0131n\u0131n yeni varyantlar nedeniyle tekrar risk olu\u015fturabilece\u011fine dikkat \u00e7ekti. TTB, a\u015f\u0131 karars\u0131zl\u0131\u011f\u0131yla da m\u00fccadele edilmesi gerekti\u011fini belirterek vaka say\u0131lar\u0131n\u0131n artma ihtimaline kar\u015f\u0131 uyard\u0131. TTB taraf\u0131ndan konuyla ilgili yap\u0131lan yaz\u0131l\u0131 a\u00e7\u0131klama \u015f\u00f6yle:<\/p>\n<p>* \u201cCOVID-19 pandemisinin ba\u015flang\u0131c\u0131n\u0131n ard\u0131ndan \u00fc\u00e7 bu\u00e7uk y\u0131l ge\u00e7mi\u015ftir. D\u00fcnya Sa\u011fl\u0131k \u00d6rg\u00fct\u00fc (DS\u00d6) verilerine g\u00f6re, 16 A\u011fustos 2023 tarihine kadar d\u00fcnyada 769 milyon 806 bin 130 kesinle\u015fmi\u015f vaka ve buna ba\u011fl\u0131 olarak 6 milyon 955 bin 497 \u00f6l\u00fcm meydana gelmi\u015ftir. T\u00fcrkiye&#8217;de ise Sa\u011fl\u0131k Bakanl\u0131\u011f\u0131&#8217;n\u0131n toplam vefat say\u0131s\u0131 olarak payla\u015ft\u0131\u011f\u0131 102 bin 174 say\u0131s\u0131na ra\u011fmen T\u00fcrk Tabipleri Birli\u011fi&#8217;nin fazladan \u00f6l\u00fcm \u00e7al\u0131\u015fmalar\u0131n\u0131n da g\u00f6sterdi\u011fi \u00fczere pandemi kaynakl\u0131 300 binden fazla \u00f6l\u00fcm\u00fcn oldu\u011funu biliyoruz.<\/p>\n<p><strong>\u201cHALEN SALGININ S\u00dcRD\u00dc\u011e\u00dc G\u00d6R\u00dcLMEKTED\u0130R\u201d<\/strong><\/p>\n<p>* Salg\u0131n k\u00fcresel afet ilan edildikten sonra ve en y\u0131k\u0131c\u0131 zamanlar\u0131nda dahi T\u00fcrkiye&#8217;deki kamu otoritesi, ilgili emek ve meslek \u00f6rg\u00fctleriyle akademiyle ilgili dernek ve kurumlarla i\u015fbirli\u011fi yapmam\u0131\u015ft\u0131r. A\u015f\u0131 \u00f6ncesi d\u00f6nemdeki t\u00fcm kararlar\u0131nda toplumun sa\u011fl\u0131\u011f\u0131 yerine sermayenin \u00e7\u0131karlar\u0131n\u0131 tercih etti\u011fini net bi\u00e7imde g\u00f6stererek \u00fclkeyi adeta s\u00fcr\u00fc ba\u011f\u0131\u015f\u0131kl\u0131\u011f\u0131na s\u00fcr\u00fcklemi\u015ftir. Yetersiz, bilimsel olmayan d\u00fczenlemeler salg\u0131n\u0131n yay\u0131l\u0131m\u0131n\u0131 \u00f6nleyemedi\u011fi gibi sosyal ve maddi olarak bir ba\u015f\u0131na b\u0131rak\u0131lan toplum i\u00e7in salg\u0131n\u0131 adeta i\u015fkence haline getirerek salg\u0131na kar\u015f\u0131 toplumsal direnci k\u0131rm\u0131\u015ft\u0131r.<\/p>\n<p>* \u00dcstelik, \u00fclkede COVID-19 ile ilgili al\u0131nan \u00f6nlemlere uymayanlara verilen cezalar da affedilmi\u015ftir. Bu yolla salg\u0131nla m\u00fccadele politik kararl\u0131l\u0131\u011f\u0131n\u0131n yetersizli\u011fi de a\u00e7\u0131k\u00e7a ilan edilmi\u015ftir. G\u00fcn\u00fcm\u00fcze kadar uygulanan yanl\u0131\u015f politikalar, ileride bula\u015f\u0131c\u0131 hastal\u0131klar\u0131n olu\u015fturabilece\u011fi ciddi tehlikelere verilebilecek toplumsal cevab\u0131 da zay\u0131flatm\u0131\u015ft\u0131r. Salg\u0131n taramalar\u0131n\u0131n neredeyse hi\u00e7 yap\u0131lmad\u0131\u011f\u0131 bu d\u00f6nemde dahi d\u00fcnyadan gelen verilerde, son aylarda COVID-19 g\u00fcnl\u00fck vaka say\u0131s\u0131 100 binin alt\u0131nda, \u00f6l\u00fcm say\u0131s\u0131 ise binin alt\u0131nda olmakla birlikte halen salg\u0131n\u0131n s\u00fcrd\u00fc\u011f\u00fc g\u00f6r\u00fclmektedir.<\/p>\n<p><strong>\u201cYEN\u0130 VARYANTLAR NEDEN\u0130YLE VAKA SAYILARININ ARTAB\u0130LECE\u011e\u0130NDEN BAHSED\u0130LMEKTED\u0130R\u201d<\/strong><\/p>\n<p>* Salg\u0131n\u0131n hastanelere yans\u0131yan y\u00fck\u00fc azalm\u0131\u015f olmakla birlikte vir\u00fcs geli\u015fimini s\u00fcrd\u00fcrmektedir. DS\u00d6&#8217;n\u00fcn izleme ald\u0131\u011f\u0131 iki yeni Omicron alt varyant\u0131; EG.5 (Eris) ve BA.2.86&#8217;d\u0131r. Bunlardan Eris t\u00fcm d\u00fcnyada azalan taramalara kar\u015f\u0131n, salg\u0131nda \u2018yaz piki&#8217;ne yol a\u00e7m\u0131\u015f ve hastaneye yat\u0131\u015flara da yans\u0131m\u0131\u015ft\u0131r. Pirola olarak adland\u0131r\u0131lan BA.2.86 ise \u2018hipermutant&#8217;t\u0131r. A\u015f\u0131 ve hastal\u0131kla ili\u015fkili ba\u011f\u0131\u015f\u0131kl\u0131ktan ka\u00e7abilece\u011fi endi\u015fe vericidir. \u00d6n\u00fcm\u00fczdeki s\u00fcre\u00e7te yeni varyantlar nedeniyle vaka say\u0131lar\u0131n\u0131n artabilece\u011finden bahsedilmektedir. DS\u00d6 ve ilgili kurulu\u015flar salg\u0131n taramalar\u0131n\u0131n s\u00fcrd\u00fcr\u00fclmesi ve yeni sezonda, sonbaharda, ileri ya\u015f ve e\u015flik\u00e7i hastal\u0131klar\u0131 olanlar\u0131n a\u015f\u0131 tekrar\u0131 ve bireysel \u00f6nlemler ile korunmalar\u0131n\u0131n \u00f6nemine dikkat \u00e7ekmektedir.<\/p>\n<p><strong>\u201cYEN\u0130 VARYANTLARIN \u00dcLKEM\u0130ZDE G\u00d6R\u00dcLMED\u0130\u011e\u0130N\u0130 S\u00d6YLEMEK KANITA DAYALI DE\u011e\u0130LD\u0130R\u201d<\/strong><\/p>\n<p>* Hekimler t\u00fcm yaz boyunca s\u00fcregiden \u2018yaz gribi&#8217; gibi al\u0131\u015f\u0131lmad\u0131k bir salg\u0131n ile kar\u015f\u0131 kar\u015f\u0131ya oldu\u011fumuzu belirtmektedir. Ancak bireysel ve at\u0131k su taramalar\u0131 yap\u0131lmad\u0131\u011f\u0131 i\u00e7in \u00fclkemizde \u2018yaz gribi&#8217; ve \u2018ishal&#8217; salg\u0131nlar\u0131 ile COVID-19 yeni varyantlar\u0131 aras\u0131ndaki ba\u011flant\u0131 kurulamamaktad\u0131r. Dolay\u0131s\u0131yla Sa\u011fl\u0131k Bakan\u0131&#8217;n\u0131n s\u00f6yledi\u011fi gibi yeni varyantlar\u0131n \u00fclkemizde g\u00f6r\u00fclmedi\u011fini s\u00f6ylemek kan\u0131ta dayal\u0131 de\u011fildir. \u00c7\u00fcnk\u00fc test yap\u0131lmazsa vir\u00fcs de tespit edilemez.<\/p>\n<p>* Ayr\u0131ca salg\u0131n\u0131n yeniden alevlenmesine y\u00f6nelik bir haz\u0131rl\u0131k da g\u00f6r\u00fclmemektedir. Sa\u011fl\u0131k Bakanl\u0131\u011f\u0131 web sitesinde COVID-19&#8217;a y\u00f6nelik payla\u015f\u0131lan son veriler Mart 2023&#8217;e aittir. Dolay\u0131s\u0131yla Sa\u011fl\u0131k Bakan\u0131&#8217;n\u0131n konuyla ilgili son a\u00e7\u0131klamalar\u0131 da yaln\u0131zca salg\u0131n\u0131n eskisi gibi y\u0131k\u0131c\u0131 olmayaca\u011f\u0131na dair teselliye y\u00f6nelik kalm\u0131\u015ft\u0131r. T\u00fcrk Tabipleri Birli\u011fi olarak a\u015f\u0131 e\u015fitsizli\u011fine ve gittik\u00e7e g\u00fc\u00e7lenen a\u015f\u0131 karars\u0131zl\u0131\u011f\u0131na ulusal ve uluslararas\u0131 d\u00fczeyde s\u00fcrekli dikkat \u00e7eksek de hem ulusal hem uluslararas\u0131 yetkili kurulu\u015flar, ne a\u015f\u0131 e\u015fitsizli\u011fi ne de a\u015f\u0131 karars\u0131zl\u0131\u011f\u0131 ve a\u015f\u0131 kar\u015f\u0131tl\u0131\u011f\u0131yla m\u00fccadele konusunda yeterli \u00e7abay\u0131 g\u00f6stermi\u015flerdir.<\/p>\n<p><strong>\u201cSA\u011eLIK BAKANLI\u011eI&#8217;NIN \u00d6NCEL\u0130KL\u0130 G\u00d6REV\u0130D\u0130R\u201d<\/strong><\/p>\n<p>* Geldi\u011fimiz noktada, T\u00fcrkiye n\u00fcfusunda COVID-19 a\u015f\u0131s\u0131 ile iki doz a\u015f\u0131lananlar\u0131n oran\u0131 y\u00fczde 62,4&#8217;t\u00fcr. \u00dc\u00e7 doz a\u015f\u0131lananlar\u0131n oran\u0131 ise yaln\u0131zca y\u00fczde 33,1&#8217;dir. 2023 senesinde yap\u0131lan toplam COVID-19 a\u015f\u0131s\u0131 say\u0131s\u0131 yakla\u015f\u0131k 110 bin, i\u00e7inde oldu\u011fumuz a\u011fustos ay\u0131nda ise bu say\u0131 yaln\u0131zca bin civar\u0131ndad\u0131r. \u00d6yle bir noktaday\u0131z ki, \u00fclkedeki sa\u011fl\u0131k \u00e7al\u0131\u015fanlar\u0131n\u0131n dahi \u00f6nemli bir k\u0131sm\u0131 COVID-19 a\u015f\u0131lar\u0131ndan baz\u0131lar\u0131na g\u00fcven duymamaktad\u0131r. A\u015f\u0131 karars\u0131zl\u0131\u011f\u0131, \u00f6n\u00fcm\u00fczdeki salg\u0131nlar i\u00e7in acil olarak ba\u015fa \u00e7\u0131kmam\u0131z gereken en \u00f6nemli konulardan biri olarak kar\u015f\u0131m\u0131zdad\u0131r. \u00dclkedeki mevcut COVID-19 a\u015f\u0131s\u0131 \u00e7e\u015fitleri ve say\u0131s\u0131 hakk\u0131nda toplumu bilgilendirmek ve gerekti\u011finde a\u015f\u0131lanmaya te\u015fvik etmek Sa\u011fl\u0131k Bakanl\u0131\u011f\u0131&#8217;n\u0131n \u00f6ncelikli g\u00f6revidir.<\/p>\n<p><strong>\u201cGELECEK \u0130\u00c7\u0130N HAYAT\u0130 \u00d6NEMDE\u201d<\/strong><\/p>\n<p>* COVID-19 bitmedi, halen hayat\u0131m\u0131zda duruyor. Ya\u015fl\u0131 ve kronik hastalar ba\u015fta olmak \u00fczere toplumun hem COVID-19 hem de di\u011fer bula\u015f\u0131c\u0131 hastal\u0131klardan korunmas\u0131 i\u00e7in gerekli \u00f6nlemlerin al\u0131nmas\u0131, COVID-19 salg\u0131n\u0131 s\u00fcresince yap\u0131lan hatalardan ders \u00e7\u0131kar\u0131l\u0131p a\u015f\u0131 karars\u0131zl\u0131\u011f\u0131yla m\u00fccadele dahil toplum sa\u011fl\u0131\u011f\u0131na y\u00f6nelik her t\u00fcrl\u00fc d\u00fczenlemenin toplumun da i\u00e7inde oldu\u011fu \u015fekilde yap\u0131lmas\u0131 gelecek i\u00e7in hayati \u00f6nemdedir.\u201d<\/p>\n","protected":false},"excerpt":{"rendered":"<p>T\u00fcrk Tabipleri Birli\u011fi (TTB), Covid-19 salg\u0131n\u0131n yeni varyantlarla s\u00fcrd\u00fc\u011f\u00fcne dikkat \u00e7ekerek, \u201cCOVID-19 bitmedi, halen hayat\u0131m\u0131zda duruyor. Ya\u015fl\u0131 ve kronik hastalar ba\u015fta olmak \u00fczere toplumun hem COVID-19 hem de di\u011fer bula\u015f\u0131c\u0131 hastal\u0131klardan korunmas\u0131 i\u00e7in gerekli \u00f6nlemlerin al\u0131nmas\u0131 hayati \u00f6nemdedir\u201d \u00e7a\u011fr\u0131s\u0131nda bulundu.<\/p>\n","protected":false},"author":1,"featured_media":120730,"comment_status":"closed","ping_status":"open","sticky":false,"template":"","format":"standard","meta":{"footnotes":""},"categories":[30],"tags":[180,1540,177,1099,991],"class_list":["post-120729","post","type-post","status-publish","format-standard","has-post-thumbnail","hentry","category-saglik","tag-asi","tag-covid-19","tag-saglik","tag-salgin","tag-toplum"],"_links":{"self":[{"href":"https:\/\/haberulus.net\/index.php?rest_route=\/wp\/v2\/posts\/120729","targetHints":{"allow":["GET"]}}],"collection":[{"href":"https:\/\/haberulus.net\/index.php?rest_route=\/wp\/v2\/posts"}],"about":[{"href":"https:\/\/haberulus.net\/index.php?rest_route=\/wp\/v2\/types\/post"}],"author":[{"embeddable":true,"href":"https:\/\/haberulus.net\/index.php?rest_route=\/wp\/v2\/users\/1"}],"replies":[{"embeddable":true,"href":"https:\/\/haberulus.net\/index.php?rest_route=%2Fwp%2Fv2%2Fcomments&post=120729"}],"version-history":[{"count":1,"href":"https:\/\/haberulus.net\/index.php?rest_route=\/wp\/v2\/posts\/120729\/revisions"}],"predecessor-version":[{"id":120731,"href":"https:\/\/haberulus.net\/index.php?rest_route=\/wp\/v2\/posts\/120729\/revisions\/120731"}],"wp:featuredmedia":[{"embeddable":true,"href":"https:\/\/haberulus.net\/index.php?rest_route=\/wp\/v2\/media\/120730"}],"wp:attachment":[{"href":"https:\/\/haberulus.net\/index.php?rest_route=%2Fwp%2Fv2%2Fmedia&parent=120729"}],"wp:term":[{"taxonomy":"category","embeddable":true,"href":"https:\/\/haberulus.net\/index.php?rest_route=%2Fwp%2Fv2%2Fcategories&post=120729"},{"taxonomy":"post_tag","embeddable":true,"href":"https:\/\/haberulus.net\/index.php?rest_route=%2Fwp%2Fv2%2Ftags&post=120729"}],"curies":[{"name":"wp","href":"https:\/\/api.w.org\/{rel}","templated":true}]}}