{"id":120783,"date":"2023-08-29T18:19:02","date_gmt":"2023-08-29T18:19:02","guid":{"rendered":"https:\/\/haberulus.net\/?p=120783"},"modified":"2023-08-29T18:19:02","modified_gmt":"2023-08-29T18:19:02","slug":"eski-abd-baskani-trumpin-sabika-fotografindan-sonra-parmak-izleri-de-alay-konusu-oldu","status":"publish","type":"post","link":"https:\/\/haberulus.net\/?p=120783","title":{"rendered":"Eski ABD Ba\u015fkan\u0131 Trump&#8217;\u0131n sab\u0131ka foto\u011fraf\u0131ndan sonra parmak izleri de alay konusu oldu"},"content":{"rendered":"<p>ABD&#8217;nin Georgia eyaletindeki 2020  <strong>se\u00e7im<\/strong> sonu\u00e7lar\u0131na m\u00fcdahale etti\u011fi iddias\u0131yla a\u00e7\u0131lan dava kapsam\u0131nda tutuklanan ve 20 dakika sonra hapishaneden \u00e7\u0131kan eski ABD Ba\u015fkan\u0131 Donald Trump&#8217;\u0131n sab\u0131ka foto\u011fraf\u0131ndan sonra bu kez de parmak izleri alay konusu yap\u0131ld\u0131.<\/p>\n<p><b>M\u0130N\u0130K PARMAK \u0130ZLER\u0130 G\u00dcNDEM OLDU<\/b><\/p>\n<p>&#8220;Sab\u0131ka foto\u011fraf\u0131 \u00e7ekilen ilk Amerikan ba\u015fkan\u0131&#8221; olarak tarihe ge\u00e7en Trump&#8217;\u0131n parmak izlerinin yer ald\u0131\u011f\u0131 foto\u011fraf payla\u015f\u0131ld\u0131. \u0130ri c\u00fcssesi ve 190 santimetre boyu olan Trump&#8217;\u0131n, minik parmak izleri sosyal medyada alay konusu oldu.<\/p>\n<p><b>\u0130\u015eTE O FOTO\u011eRAF:<\/b><\/p>\n<p><img decoding=\"async\" src=\"https:\/\/i.hbrcdn.com\/haber\/2023\/08\/29\/eski-abd-baskani-trump-in-sabika-fotografindan-16275109_6106_m.jpg\" alt=\"\" title=\"\"><\/p>\n<p><b>SABIKA FOTO\u011eRAFI \u00c7EK\u0130LM\u0130\u015eT\u0130<\/b><\/p>\n<p>ABD bas\u0131n\u0131nda yer alan haberlerde, Trump&#8217;\u0131n hapse girmeden \u00f6nce sab\u0131ka foto\u011fraf\u0131n\u0131n \u00e7ekildi\u011fi belirtilmi\u015fti. Bu dava kapsam\u0131nda 200 bin dolar olarak belirlenen kefalet bedelini \u00f6deyen Trump, yakla\u015f\u0131k 20 dakika i\u00e7inde hapishaneden ayr\u0131lm\u0131\u015ft\u0131. \u00dclke tarihinde bir ilke imza at\u0131larak sab\u0131ka foto\u011fraf\u0131 \u00e7ekilen Trump&#8217;\u0131n ciddi bir ifade ile \u00e7at\u0131k ka\u015flarla do\u011frudan objektife bakt\u0131\u011f\u0131 g\u00f6r\u00fclm\u00fc\u015ft\u00fc.<\/p>\n<p><img decoding=\"async\" src=\"https:\/\/i.hbrcdn.com\/haber\/2023\/08\/29\/eski-abd-baskani-trump-in-sabika-fotografindan-16275109_3822_m.jpg\" alt=\"\" title=\"\"><\/p>\n","protected":false},"excerpt":{"rendered":"<p>Eski ABD Ba\u015fkan\u0131 Donald Trump&#8217;\u0131n tutuklan\u0131p k\u0131sa bir s\u00fcre sonra da kefaletle serbest b\u0131rak\u0131lmas\u0131 g\u00fcndemdeki yerini koruyor. Sab\u0131ka kayd\u0131ndaki foto\u011fraf\u0131yla alay konusu olan Trump, bu kez de sosyal medyaya s\u0131zan ba\u015fka bir foto\u011frafta parmak izleriyle alay konusu oldu.<\/p>\n","protected":false},"author":1,"featured_media":120784,"comment_status":"closed","ping_status":"open","sticky":false,"template":"","format":"standard","meta":{"footnotes":""},"categories":[28],"tags":[13866,2618],"class_list":["post-120783","post","type-post","status-publish","format-standard","has-post-thumbnail","hentry","category-politika","tag-sabika-fotografi","tag-trumpin"],"_links":{"self":[{"href":"https:\/\/haberulus.net\/index.php?rest_route=\/wp\/v2\/posts\/120783","targetHints":{"allow":["GET"]}}],"collection":[{"href":"https:\/\/haberulus.net\/index.php?rest_route=\/wp\/v2\/posts"}],"about":[{"href":"https:\/\/haberulus.net\/index.php?rest_route=\/wp\/v2\/types\/post"}],"author":[{"embeddable":true,"href":"https:\/\/haberulus.net\/index.php?rest_route=\/wp\/v2\/users\/1"}],"replies":[{"embeddable":true,"href":"https:\/\/haberulus.net\/index.php?rest_route=%2Fwp%2Fv2%2Fcomments&post=120783"}],"version-history":[{"count":1,"href":"https:\/\/haberulus.net\/index.php?rest_route=\/wp\/v2\/posts\/120783\/revisions"}],"predecessor-version":[{"id":120785,"href":"https:\/\/haberulus.net\/index.php?rest_route=\/wp\/v2\/posts\/120783\/revisions\/120785"}],"wp:featuredmedia":[{"embeddable":true,"href":"https:\/\/haberulus.net\/index.php?rest_route=\/wp\/v2\/media\/120784"}],"wp:attachment":[{"href":"https:\/\/haberulus.net\/index.php?rest_route=%2Fwp%2Fv2%2Fmedia&parent=120783"}],"wp:term":[{"taxonomy":"category","embeddable":true,"href":"https:\/\/haberulus.net\/index.php?rest_route=%2Fwp%2Fv2%2Fcategories&post=120783"},{"taxonomy":"post_tag","embeddable":true,"href":"https:\/\/haberulus.net\/index.php?rest_route=%2Fwp%2Fv2%2Ftags&post=120783"}],"curies":[{"name":"wp","href":"https:\/\/api.w.org\/{rel}","templated":true}]}}