{"id":120792,"date":"2023-08-29T18:21:06","date_gmt":"2023-08-29T18:21:06","guid":{"rendered":"https:\/\/haberulus.net\/?p=120792"},"modified":"2023-08-29T18:21:06","modified_gmt":"2023-08-29T18:21:06","slug":"canli-galatasaray-molde-sampiyonlar-ligi-play-off","status":"publish","type":"post","link":"https:\/\/haberulus.net\/?p=120792","title":{"rendered":"CANLI | Galatasaray Molde | \u015eampiyonlar Ligi play-off"},"content":{"rendered":"<p>\u015eampiyonlar Ligi play-off turu r\u00f6van\u015f ma\u00e7\u0131nda Galatasaray ile Molde kar\u015f\u0131 kar\u015f\u0131ya gelecek. RAMS Park\u2019ta oynanacak m\u00fccadeleyi Polonyal\u0131 hakem Szymon Marciniak y\u00f6netecek. Ma\u00e7\u0131n ba\u015flama saati 22.00. Temsilcimiz 3-2\u2019lik avantajla \u00e7\u0131kt\u0131\u011f\u0131 r\u00f6van\u015ftan beraberlikle dahi ayr\u0131lsa \u015eampiyonlar Ligi gruplar\u0131na kalacak.<\/p>\n<p>S\u00fcper Lig\u2019de ge\u00e7en sezon \u015fampiyon olmas\u0131na ra\u011fmen \u00fclke puan\u0131ndan dolay\u0131 UEFA \u015eampiyonlar Ligi\u2019ne ikinci eleme turundan ba\u015flayan Galatasaray, bu turda Litvanya\u2019n\u0131n Zalgiris, \u00fc\u00e7\u00fcnc\u00fc eleme turunda da Slovenya\u2019n\u0131n Olimpija Ljubljana ekibini eleyerek play-off turuna \u00e7\u0131kt\u0131.<\/p>\n<p><b>KADROLAR<\/b><\/p>\n<p><strong>Galatasaray:<\/strong> Muslera, Boey, Nelsson, Abd\u00fclkerim, Angelino, Torreira, Kerem Demirbay, Tete, Mertens, Kerem Akt\u00fcrko\u011flu, Icardi<\/p>\n<p><span><strong>Molde:<\/strong> Karlstrom, Haugan, Bjornbak, Ellingsen, Knudtzon, Kaasa, Mannsverk, Breivik, Haugen, Eikrem, Brynhildsen<\/span><\/p>\n<p><b>TORREIRA\u2019NIN CEZASI B\u0130TT\u0130<\/b><\/p>\n<p>Galatasaray\u2019da cezas\u0131n\u0131 Molde ile oynanan ilk ma\u00e7ta \u00e7eken Lucas Torreira, sahadaki yerini ald\u0131.<\/p>\n<p>Olimpija Ljubljana ile yap\u0131lan r\u00f6van\u015f ma\u00e7\u0131nda g\u00f6rd\u00fc\u011f\u00fc k\u0131rm\u0131z\u0131 kartla cezal\u0131 duruma d\u00fc\u015fen Uruguayl\u0131 futbolcu, Molde ile oynanan ilk m\u00fcsabakada forma giyememi\u015fti.<\/p>\n<p><b>ZAHA VE ZIYECH YOK<\/b><\/p>\n<p>Galatasaray\u2019\u0131n yeni transferleri Wilfried Zaha ve Hakim Ziyech, Molde ma\u00e7\u0131nda forma giyemeyecek.<\/p>\n<p>UEFA\u2019ya bildirilen listede isimleri yer almayan Zaha ve Ziyech, m\u00fcsabakan\u0131n kadrosunda yer alamayacak.<\/p>\n<p><b>ICARDI 5 MA\u00c7TA 4 GOL ATTI<\/b><\/p>\n<p>Galatasaray\u2019\u0131n Molde ile oynayaca\u011f\u0131 kar\u015f\u0131la\u015fmada g\u00f6zler yine Arjantinli y\u0131ld\u0131z futbolcu Mauro Icardi\u2019de olacak.<\/p>\n<p>Sar\u0131-k\u0131rm\u0131z\u0131l\u0131 tak\u0131m\u0131n, bonservisiyle renklerine katt\u0131\u011f\u0131 y\u0131ld\u0131z golc\u00fc sezona iyi ba\u015flad\u0131.<\/p>\n<p>Mauro Icardi, UEFA \u015eampiyonlar Ligi elemeleri ve S\u00fcper Lig\u2019de 3\u2019\u00fc ilk 11\u2019de olmak \u00fczere forma giydi\u011fi 5 ma\u00e7ta 4 kez a\u011flar\u0131 havaland\u0131rd\u0131.<\/p>\n<p><b>YOLUNA NAMA\u011eLUP DEVAM ED\u0130YOR<\/b><\/p>\n<p>Galatasaray, bu sezon yapt\u0131\u011f\u0131 7 resmi m\u00fcsabakada ma\u011flubiyet y\u00fcz\u00fc g\u00f6rmedi.<\/p>\n<p>Sar\u0131-k\u0131rm\u0131z\u0131l\u0131 ekip, 2\u2019si Trendyol S\u00fcper Lig, 5\u2019i UEFA \u015eampiyonlar Ligi elemesi olmak \u00fczere sahaya \u00e7\u0131kt\u0131\u011f\u0131 7 ma\u00e7ta 5 galibiyet, 2 beraberlik ya\u015fad\u0131.<\/p>\n<p>Galatasaray, s\u00f6z konusu m\u00fcsabakalarda 12 gol atarken kalesinde sadece 4 gol g\u00f6rd\u00fc.<\/p>\n","protected":false},"excerpt":{"rendered":"<p>Galatasaray Molde ma\u00e7\u0131 canl\u0131 yay\u0131n anlat\u0131m\u0131yla S\u00f6zc\u00fc&#8217;de! \u015eampiyonlar Ligi&#8217;nde gruplara kalmak i\u00e7in temsilcimiz Galatasaray, deplasmandaki ilk ma\u00e7ta 3-2 ma\u011flup etti\u011fi Molde&#8217;yi dolu trib\u00fcnler \u00f6n\u00fcnde eleyerek bileti cebine koymak istiyor.<\/p>\n","protected":false},"author":1,"featured_media":120793,"comment_status":"closed","ping_status":"open","sticky":false,"template":"","format":"standard","meta":{"footnotes":""},"categories":[31],"tags":[859,13602,1910],"class_list":["post-120792","post","type-post","status-publish","format-standard","has-post-thumbnail","hentry","category-spor","tag-galatasaray","tag-molde","tag-sampiyonlar-ligi"],"_links":{"self":[{"href":"https:\/\/haberulus.net\/index.php?rest_route=\/wp\/v2\/posts\/120792","targetHints":{"allow":["GET"]}}],"collection":[{"href":"https:\/\/haberulus.net\/index.php?rest_route=\/wp\/v2\/posts"}],"about":[{"href":"https:\/\/haberulus.net\/index.php?rest_route=\/wp\/v2\/types\/post"}],"author":[{"embeddable":true,"href":"https:\/\/haberulus.net\/index.php?rest_route=\/wp\/v2\/users\/1"}],"replies":[{"embeddable":true,"href":"https:\/\/haberulus.net\/index.php?rest_route=%2Fwp%2Fv2%2Fcomments&post=120792"}],"version-history":[{"count":1,"href":"https:\/\/haberulus.net\/index.php?rest_route=\/wp\/v2\/posts\/120792\/revisions"}],"predecessor-version":[{"id":120794,"href":"https:\/\/haberulus.net\/index.php?rest_route=\/wp\/v2\/posts\/120792\/revisions\/120794"}],"wp:featuredmedia":[{"embeddable":true,"href":"https:\/\/haberulus.net\/index.php?rest_route=\/wp\/v2\/media\/120793"}],"wp:attachment":[{"href":"https:\/\/haberulus.net\/index.php?rest_route=%2Fwp%2Fv2%2Fmedia&parent=120792"}],"wp:term":[{"taxonomy":"category","embeddable":true,"href":"https:\/\/haberulus.net\/index.php?rest_route=%2Fwp%2Fv2%2Fcategories&post=120792"},{"taxonomy":"post_tag","embeddable":true,"href":"https:\/\/haberulus.net\/index.php?rest_route=%2Fwp%2Fv2%2Ftags&post=120792"}],"curies":[{"name":"wp","href":"https:\/\/api.w.org\/{rel}","templated":true}]}}