{"id":120807,"date":"2023-08-29T19:05:04","date_gmt":"2023-08-29T19:05:04","guid":{"rendered":"https:\/\/haberulus.net\/?p=120807"},"modified":"2023-08-29T19:05:04","modified_gmt":"2023-08-29T19:05:04","slug":"fenerbahce-alfredo-morelosu-transfer-gorusmesi-icin-istanbula-davet-etti","status":"publish","type":"post","link":"https:\/\/haberulus.net\/?p=120807","title":{"rendered":"Fenerbah\u00e7e, Alfredo Morelos\u2019u transfer g\u00f6r\u00fc\u015fmesi i\u00e7in \u0130stanbul\u2019a davet etti"},"content":{"rendered":"<p>Fenerbah\u00e7e Kul\u00fcb\u00fc, Kolombiyal\u0131 forvet Alfredo Morelos ile transfer g\u00f6r\u00fc\u015fmesi ger\u00e7ekle\u015ftirmek \u00fczere y\u0131ld\u0131z golc\u00fcy\u00fc \u0130stanbul\u2019a davet etti.<\/p>\n<p>\u0130sko\u00e7 ekibi Rangers ile s\u00f6zle\u015fmesi sona eren ve hala bo\u015fta olan 27 ya\u015f\u0131ndaki Morelos, bu hafta ba\u015fta Sevilla olmak \u00fczere birka\u00e7 \u0130spanyol kul\u00fcb\u00fcyle transfer g\u00f6r\u00fc\u015fmesi yapt\u0131.<\/p>\n<p>\u0130ngiliz bas\u0131n\u0131 A\u011fustos ay\u0131 ba\u015f\u0131nda, menajeri arac\u0131l\u0131\u011f\u0131yla Fenerbah\u00e7e\u2019ye haber yollayan Morelos\u2019un, Rangers\u2019tan tak\u0131m arkada\u015f\u0131 olan Fenerbah\u00e7e\u2019nin yeni transferi Ryan Kent ile birlikte oynamak istedi\u011fini yazm\u0131\u015ft\u0131.<\/p>\n<p>Kolombiyal\u0131 gazeteci Pipe Sierra, Fenerbah\u00e7e\u2019nin Morelos\u2019a 3 y\u0131ll\u0131k s\u00f6zle\u015fme \u00f6nerdi\u011fini ve g\u00f6r\u00fc\u015fmelerin sonu\u00e7land\u0131r\u0131lmas\u0131 i\u00e7in golc\u00fc oyuncunun \u0130stanbul\u2019a do\u011fru yola \u00e7\u0131kt\u0131\u011f\u0131n\u0131 yazd\u0131.<\/p>\n<p><img decoding=\"async\" src=\"https:\/\/i01.sozcucdn.com\/wp-content\/uploads\/2023\/08\/29\/alfredo-morelos-fenerbahce.jpg\" alt=\"\" title=\"\"><\/p>\n<p>2017 y\u0131l\u0131ndan bu yana Rangers formas\u0131 giyen Morelos, ge\u00e7ti\u011fimiz sezon istedi\u011fi forma s\u00fcresini bulamad\u0131\u011f\u0131 i\u00e7in \u0130sko\u00e7 ekibinden ayr\u0131lma karar\u0131 alm\u0131\u015ft\u0131. Daha \u00f6nce verdi\u011fi r\u00f6portajlarda Avrupa\u2019da kariyerine devam etmek istedi\u011fini s\u00f6yleyen Morelos\u2019u, Rusya, Meksika ve Brezilya\u2019dan da bir\u00e7ok ekip takip ediyordu.<\/p>\n<p>Ge\u00e7en sezon Rangers formas\u0131yla ligde 30 ma\u00e7\u0131 14\u2019\u00fcne ilk 11\u2019de ba\u015flayabilen Morelos, 11 gol at\u0131p 6 asistlik katk\u0131 sa\u011flad\u0131. Mart 2022\u2019de uyluk sakatl\u0131\u011f\u0131 ya\u015fayan Morelos, yakla\u015f\u0131k 3 ay sahalardan uzak kalm\u0131\u015ft\u0131.<\/p>\n<p>Morelos, sakatlanmadan \u00f6nce Rangers\u2019taki formuyla dikkatlerini \u00fczerine \u00e7ekmi\u015f ve bir d\u00f6nem yine Fenerbah\u00e7e\u2019nin transfer listesinde yer alm\u0131\u015ft\u0131.<\/p>\n","protected":false},"excerpt":{"rendered":"<p>Fenerbah\u00e7e&#8217;de hareketli g\u00fcnler! Kolombiyal\u0131 golc\u00fc Alfredo Morelos&#8217;un transfer g\u00f6r\u00fc\u015fmeleri i\u00e7in \u0130stanbul&#8217;a davet geldi.<\/p>\n","protected":false},"author":1,"featured_media":120808,"comment_status":"closed","ping_status":"open","sticky":false,"template":"","format":"standard","meta":{"footnotes":""},"categories":[31],"tags":[346,13870,2904],"class_list":["post-120807","post","type-post","status-publish","format-standard","has-post-thumbnail","hentry","category-spor","tag-fenerbahce","tag-morelos","tag-rangers"],"_links":{"self":[{"href":"https:\/\/haberulus.net\/index.php?rest_route=\/wp\/v2\/posts\/120807","targetHints":{"allow":["GET"]}}],"collection":[{"href":"https:\/\/haberulus.net\/index.php?rest_route=\/wp\/v2\/posts"}],"about":[{"href":"https:\/\/haberulus.net\/index.php?rest_route=\/wp\/v2\/types\/post"}],"author":[{"embeddable":true,"href":"https:\/\/haberulus.net\/index.php?rest_route=\/wp\/v2\/users\/1"}],"replies":[{"embeddable":true,"href":"https:\/\/haberulus.net\/index.php?rest_route=%2Fwp%2Fv2%2Fcomments&post=120807"}],"version-history":[{"count":1,"href":"https:\/\/haberulus.net\/index.php?rest_route=\/wp\/v2\/posts\/120807\/revisions"}],"predecessor-version":[{"id":120809,"href":"https:\/\/haberulus.net\/index.php?rest_route=\/wp\/v2\/posts\/120807\/revisions\/120809"}],"wp:featuredmedia":[{"embeddable":true,"href":"https:\/\/haberulus.net\/index.php?rest_route=\/wp\/v2\/media\/120808"}],"wp:attachment":[{"href":"https:\/\/haberulus.net\/index.php?rest_route=%2Fwp%2Fv2%2Fmedia&parent=120807"}],"wp:term":[{"taxonomy":"category","embeddable":true,"href":"https:\/\/haberulus.net\/index.php?rest_route=%2Fwp%2Fv2%2Fcategories&post=120807"},{"taxonomy":"post_tag","embeddable":true,"href":"https:\/\/haberulus.net\/index.php?rest_route=%2Fwp%2Fv2%2Ftags&post=120807"}],"curies":[{"name":"wp","href":"https:\/\/api.w.org\/{rel}","templated":true}]}}