{"id":120825,"date":"2023-08-29T20:05:03","date_gmt":"2023-08-29T20:05:03","guid":{"rendered":"https:\/\/haberulus.net\/?p=120825"},"modified":"2023-08-29T20:05:03","modified_gmt":"2023-08-29T20:05:03","slug":"memur-ve-emekli-maasi-zammi-belli-oluyor","status":"publish","type":"post","link":"https:\/\/haberulus.net\/?p=120825","title":{"rendered":"Memur ve emekli maa\u015f\u0131 zamm\u0131 belli oluyor"},"content":{"rendered":"<p>Memur ve emeklilerin bekledi\u011fi haber geldi. 7. D\u00f6nem Kamu Toplu S\u00f6zle\u015fmesi g\u00f6r\u00fc\u015fmelerinde Kamu \u0130\u015fveren Heyeti ile zam konusunda anla\u015fma sa\u011flanamamas\u0131 \u00fczerine, yetkili konfederasyon Memur-Sen\u2019in ba\u015fvurusuyla 26 A\u011fustos\u2019ta \u00e7al\u0131\u015fmalar\u0131na ba\u015flayan kurul 4\u2019\u00fcnc\u00fc kez bir araya geldi.<\/p>\n<p>Say\u0131\u015ftay Ba\u015fkan\u0131 Metin Yener ba\u015fkanl\u0131\u011f\u0131nda saat 14.00\u2019te ba\u015flayan toplant\u0131, yakla\u015f\u0131k 8 saat s\u00fcrd\u00fc.<\/p>\n<p><strong>PER\u015eEMBE G\u00dcNK\u00dc KARAR KES\u0130N OLACAK<\/strong><\/p>\n<p>Mali haklar\u0131 g\u00f6r\u00fc\u015fmek \u00fczere 31 A\u011fustos\u2019ta son kez toplanacak kurul, bu toplant\u0131da, memur maa\u015flar\u0131 ile memur emeklisi ayl\u0131klar\u0131na 2024 ve 2025\u2019te yap\u0131lacak zam oran\u0131n\u0131 kararla\u015ft\u0131racak. Kurulun verdi\u011fi karar kesin olacak ve itiraz edilemeyecek.<\/p>\n<p><strong>NELER YA\u015eANMI\u015eTI?<\/strong><\/p>\n<p>Kamu \u0130\u015fveren Heyeti, 14 A\u011fustos\u2019taki ilk teklifinde 2024\u2019\u00fcn ilk alt\u0131 ay\u0131nda y\u00fczde 14, ikinci alt\u0131 ay\u0131nda y\u00fczde 9, 2025\u2019in ilk alt\u0131 ay\u0131nda y\u00fczde 6 ve ikinci alt\u0131 ay\u0131nda y\u00fczde 5 zam teklif etmi\u015f, 17 A\u011fustos\u2019ta ise teklifini 2024\u2019\u00fcn ilk alt\u0131 ay\u0131nda y\u00fczde 15, ikinci alt\u0131 ay\u0131nda y\u00fczde 10, 2025\u2019in ilk alt\u0131 ay\u0131nda y\u00fczde 6 ve ikinci alt\u0131 ay\u0131nda y\u00fczde 5 \u015feklinde revize etmi\u015fti. (AA)<\/p>\n","protected":false},"excerpt":{"rendered":"<p>Kamu G\u00f6revlileri Hakem Kurulunun bug\u00fcn yap\u0131lan 4&#8217;\u00fcnc\u00fc toplant\u0131s\u0131 sona erdi. 31 A\u011fustos&#8217;ta yap\u0131lacak son toplant\u0131da, memur maa\u015flar\u0131 ile memur emeklisi ayl\u0131klar\u0131na 2024 ve 2025&#8217;te yap\u0131lacak zam oran\u0131 belli olacak.<\/p>\n","protected":false},"author":1,"featured_media":120826,"comment_status":"closed","ping_status":"open","sticky":false,"template":"","format":"standard","meta":{"footnotes":""},"categories":[25],"tags":[],"class_list":["post-120825","post","type-post","status-publish","format-standard","has-post-thumbnail","hentry","category-ekonomi"],"_links":{"self":[{"href":"https:\/\/haberulus.net\/index.php?rest_route=\/wp\/v2\/posts\/120825","targetHints":{"allow":["GET"]}}],"collection":[{"href":"https:\/\/haberulus.net\/index.php?rest_route=\/wp\/v2\/posts"}],"about":[{"href":"https:\/\/haberulus.net\/index.php?rest_route=\/wp\/v2\/types\/post"}],"author":[{"embeddable":true,"href":"https:\/\/haberulus.net\/index.php?rest_route=\/wp\/v2\/users\/1"}],"replies":[{"embeddable":true,"href":"https:\/\/haberulus.net\/index.php?rest_route=%2Fwp%2Fv2%2Fcomments&post=120825"}],"version-history":[{"count":1,"href":"https:\/\/haberulus.net\/index.php?rest_route=\/wp\/v2\/posts\/120825\/revisions"}],"predecessor-version":[{"id":120827,"href":"https:\/\/haberulus.net\/index.php?rest_route=\/wp\/v2\/posts\/120825\/revisions\/120827"}],"wp:featuredmedia":[{"embeddable":true,"href":"https:\/\/haberulus.net\/index.php?rest_route=\/wp\/v2\/media\/120826"}],"wp:attachment":[{"href":"https:\/\/haberulus.net\/index.php?rest_route=%2Fwp%2Fv2%2Fmedia&parent=120825"}],"wp:term":[{"taxonomy":"category","embeddable":true,"href":"https:\/\/haberulus.net\/index.php?rest_route=%2Fwp%2Fv2%2Fcategories&post=120825"},{"taxonomy":"post_tag","embeddable":true,"href":"https:\/\/haberulus.net\/index.php?rest_route=%2Fwp%2Fv2%2Ftags&post=120825"}],"curies":[{"name":"wp","href":"https:\/\/api.w.org\/{rel}","templated":true}]}}