{"id":120883,"date":"2023-08-30T03:05:03","date_gmt":"2023-08-30T03:05:03","guid":{"rendered":"https:\/\/haberulus.net\/?p=120883"},"modified":"2023-08-30T03:05:03","modified_gmt":"2023-08-30T03:05:03","slug":"destansi-zaferi-gururla-kutluyoruz","status":"publish","type":"post","link":"https:\/\/haberulus.net\/?p=120883","title":{"rendered":"Destans\u0131 zaferi gururla kutluyoruz"},"content":{"rendered":"<p><strong>Bug\u00fcn<\/strong>, Mustafa Kemal Atat\u00fcrk\u2019\u00fcn \u00f6nderli\u011finde zaferle sonu\u00e7lanan B\u00fcy\u00fck Taarruz\u2019un 101&#8217;inci y\u0131l d\u00f6n\u00fcm\u00fc\u2026 101 y\u0131l \u00f6nce ya\u015fanan o destans\u0131 zaferi, gururla kutlayaca\u011f\u0131z, Atat\u00fcrk\u2019\u00fcn emanetine neden ve nas\u0131l sahip \u00e7\u0131kmam\u0131z gerekti\u011fini, bir kez daha hat\u0131rlayaca\u011f\u0131z. Atat\u00fcrk ve silah arkada\u015flar\u0131n\u0131 minnetle anaca\u011f\u0131z.<\/p>\n<p><img decoding=\"async\" src=\"https:\/\/i01.sozcucdn.com\/wp-content\/uploads\/2023\/08\/30\/10ataturk2.jpg\" alt=\"\" title=\"\"><\/p>\n<p>\u00a0<\/p>\n<p>Ba\u015fkomutan Mustafa Kemal&#8217;in 26 A\u011fustos 1922 sabah\u0131 Kocatepe\u2019den verdi\u011fi taarruz emri, gen\u00e7 T\u00fcrkiye\u2019nin \u00f6zg\u00fcrl\u00fck \u00f6ncesi att\u0131\u011f\u0131 son ad\u0131md\u0131\u2026<\/p>\n<p>Saat 04.30\u2019da T\u00fcrk top\u00e7usunun ate\u015fiyle ba\u015flayan B\u00fcy\u00fck Taarruz, Mehmet\u00e7i\u011fin s\u00fcng\u00fc sava\u015f\u0131yla devam etti. Ve 30 A\u011fustos g\u00fcn\u00fc sava\u015f, T\u00fcrk Ordusu&#8217;nun kesin zaferiyle sonu\u00e7land\u0131.<\/p>\n<p>\u00a0<\/p>\n<p><strong>\u0130LK HEDEF\u0130N\u0130Z AKDEN\u0130Z&#8217;D\u0130R<\/strong><\/p>\n<p>B\u00fcy\u00fck Zafer&#8217;in ertesi g\u00fcn\u00fc, 31 A\u011fustos&#8217;ta Zafertepe \u00c7alk\u00f6y&#8217;de bir evin bah\u00e7esindeki k\u0131r\u0131k ka\u011fn\u0131n\u0131n \u00fczerine muharebe alanlar\u0131n\u0131n haritas\u0131n\u0131 koyan Ba\u015fkomutan Mustafa Kemal, Fevzi Pa\u015fa ve \u0130smet Pa\u015fa ile durum de\u011ferlendirmesi yaparak, Yunanl\u0131lar\u0131n yeniden savunma d\u00fczenine ge\u00e7mesini \u00f6nlemek ve onlar\u0131 ma\u011flup etmek i\u00e7in \u0130zmir&#8217;e girme g\u00f6r\u00fc\u015f\u00fcnde birle\u015fti. Mustafa Kemal Pa\u015fa, 1 Eyl\u00fcl&#8217;de Dumlup\u0131nar&#8217;da, Bat\u0131 Cephesi&#8217;ndeki t\u00fcm subay ve erlere okunmak \u00fczere yay\u0131mlad\u0131\u011f\u0131 bildiride \u015f\u00f6yle dedi: B\u00fct\u00fcn arkada\u015flar\u0131m\u0131n, Anadolu&#8217;da daha ba\u015fka meydan muharebeleri de verilece\u011fini g\u00f6z \u00f6n\u00fcnde bulundurarak ilerlemesini ve herkesin ak\u0131l g\u00fcc\u00fcn\u00fc ve yurtseverli\u011finin kaynaklar\u0131n\u0131 kullanarak, yar\u0131\u015fmay\u0131 b\u00fct\u00fcn g\u00fcc\u00fcyle s\u00fcrd\u00fcrmesini talep ederim. Ordular, ilk hedefiniz Akdeniz&#8217;dir, ileri!\u201d<\/p>\n<p><img decoding=\"async\" src=\"https:\/\/i01.sozcucdn.com\/wp-content\/uploads\/2023\/08\/30\/10ataturk1.jpg\" alt=\"\" title=\"\"><\/p>\n<p>\u00a0<\/p>\n<p>Bu emir do\u011frultusunda \u00fc\u00e7 koldan ilerleyen T\u00fcrk ordusu 1 Eyl\u00fcl&#8217;de Gediz ve U\u015fak&#8217;\u0131, 2 Eyl\u00fcl&#8217;de Eski\u015fehir&#8217;i, 6 Eyl\u00fcl&#8217;de Bal\u0131kesir ve Bilecik&#8217;i, 7 Eyl\u00fcl&#8217;de Ayd\u0131n&#8217;\u0131, 8 Eyl\u00fcl&#8217;de Manisa&#8217;y\u0131 geri ald\u0131. 9 Eyl\u00fcl&#8217;de \u0130zmir&#8217;de Yunan ordusunu denize d\u00f6ken T\u00fcrk ordusu, Mustafa Kemal Pa\u015fa&#8217;n\u0131n emrini b\u00fcy\u00fck bir ba\u015far\u0131yla yerine getirdi.<\/p>\n<p><img decoding=\"async\" src=\"https:\/\/i01.sozcucdn.com\/wp-content\/uploads\/2023\/08\/30\/10savasl.jpg\" alt=\"\" title=\"\"><\/p>\n<p><strong>AKDEN\u0130Z&#8217;E ULA\u015eTILAR<\/strong><\/p>\n<p><strong>Mustafa <\/strong>Kemal Pa\u015fa, Nutuk&#8217;ta 30 A\u011fustos sonras\u0131n\u0131 \u015f\u00f6yle anlatt\u0131: \u201cDo\u011frudan do\u011fruya bana g\u00f6nderilen bir telsiz telgrafta da \u0130zmir&#8217;deki \u0130tilaf Devletleri konsoloslar\u0131na benimle g\u00f6r\u00fc\u015fmelerde bulunma yetkisinin verildi\u011fi bildirilerek, onlarla hangi g\u00fcn ve nerede bulu\u015fabilece\u011fim soruluyordu. Buna verdi\u011fim cevapta da 9 Eyl\u00fcl 1922&#8217;de Kemalpa\u015fa&#8217;da g\u00f6r\u00fc\u015febilece\u011fimizi bildirmi\u015ftim. Ger\u00e7ekten de s\u00f6z verdi\u011fim g\u00fcn, ben Kemalpa\u015fa&#8217;da bulundum. Fakat g\u00f6r\u00fc\u015fme isteyenler orada de\u011fildi. \u00c7\u00fcnk\u00fc ordular\u0131m\u0131z, \u0130zmir R\u0131ht\u0131m\u0131&#8217;nda ilk verdi\u011fim hedefe, Akdeniz&#8217;e ula\u015fm\u0131\u015f bulunuyorlard\u0131.&#8221;<\/p>\n<p><img decoding=\"async\" src=\"https:\/\/i01.sozcucdn.com\/wp-content\/uploads\/2023\/08\/30\/10ataturk3.jpg\" alt=\"\" title=\"\"><\/p>\n<p><span><strong>L\u0130DERLERDEN BAYRAM MESAJLARI<\/strong><\/span><\/p>\n<p><b>Gazi Mustafa Kemal&#8217;i \u015f\u00fckranla yad ediyorum<\/b><\/p>\n<p><span><strong>Cumhurba\u015fkan\u0131 <\/strong><strong>Recep Tayyip Erdo\u011fan: <\/strong><\/span>Kurtulu\u015f m\u00fccadelesinin zaferle ta\u00e7lanaca\u011f\u0131n\u0131 m\u00fcjdeleyen B\u00fcy\u00fck Taarruz&#8217;un y\u0131l d\u00f6n\u00fcm\u00fcnde, Gazi Mustafa Kemal&#8217;i ve Mill\u00ee M\u00fccadele&#8217;mizin kahraman t\u00fcm neferlerini \u015f\u00fckranla y\u00e2d ediyorum.<\/p>\n<p><b>Her alanda milletimiz i\u00e7in m\u00fccadele edece\u011fiz<\/b><\/p>\n<p><span><strong>CHP lideri Kemal K\u0131l\u0131\u00e7daro\u011flu: <\/strong><\/span>Cumhuriyetimizi demokrasi ile ta\u00e7land\u0131rma hedefimizden vazge\u00e7meyece\u011fiz. 100&#8217;\u00fcnc\u00fc y\u0131lda, her alanda milletimiz i\u00e7in m\u00fccadele edece\u011fiz. Bu, aziz milletimize namus s\u00f6z\u00fcm\u00fczd\u00fcr.<\/p>\n<p><b>Tun\u00e7 y\u00fcrekli bir milletin zaferi<\/b><\/p>\n<p><strong><span>Ankara B\u00fcy\u00fck\u015fehir Belediye Ba\u015fkan\u0131 Mansur Yava\u015f:<\/span> <\/strong>Bu zafer, \u2018art\u0131k umutlar t\u00fckendi&#8217; dedikleri anda Anadolu&#8217;da bir g\u00fcne\u015f gibi do\u011fan, karanl\u0131k g\u00fcnleri ayd\u0131nl\u0131\u011fa kavu\u015fturan Mustafa Kemal Atat\u00fcrk&#8217;\u00fcn\u00a0\u00f6nderli\u011findeki tun\u00e7 y\u00fcrekli bir milletin zaferidir.<\/p>\n<p><img decoding=\"async\" src=\"https:\/\/i01.sozcucdn.com\/wp-content\/uploads\/2023\/08\/30\/10senfoni.jpg\" alt=\"\" title=\"\"><\/p>\n<p><strong>CSO \u0130LK KEZ 100&#8217;\u00dcNC\u00dc YIL MAR\u015eINI SESLEND\u0130RECEK<\/strong><\/p>\n<p>ZAFER Bayram\u0131 dolay\u0131s\u0131yla Cumhurba\u015fkanl\u0131\u011f\u0131\u00a0saray\u0131nda d\u00fczenlenecek kutlamalara yakla\u015f\u0131k 4\u00a0bin 500 ki\u015fi kat\u0131lacak. Cumhurba\u015fkanl\u0131\u011f\u0131 Senfoni Orkestras\u0131 (CSO) taraf\u0131ndan bestelenen \u201c100&#8217;\u00fcnc\u00fc Y\u0131l Mar\u015f\u0131\u201d da ilk kez bu kutlamada seslendirilecek.<\/p>\n<p><strong>\u0130STANBUL BO\u011eAZI&#8217;NDA YATLARIN ZAFER YARI\u015eI<\/strong><\/p>\n<p><img decoding=\"async\" src=\"https:\/\/i01.sozcucdn.com\/wp-content\/uploads\/2023\/08\/30\/10yatyarisi.jpg\" alt=\"\" title=\"\"><\/p>\n<p>\u0130stanbul Bo\u011faz\u0131 Zafer Bayram\u0131&#8217;nda \u201c\u0130stmarin Kupas\u0131\u201d yat yar\u0131\u015f\u0131na sahne olacak.\u00a0Bug\u00fcn saat 12.00&#8217;de Kuru\u00e7e\u015fme \u00f6n\u00fcnden start alacak yelkenciler yar\u0131\u015f\u0131, Beykoz \u015famand\u0131ras\u0131n\u0131 d\u00f6nd\u00fckten sonra \u0130stinye \u00fczerinden tekrar Kuru\u00e7e\u015fme&#8217;ye ula\u015farak tamamlayacak.<\/p>\n<p><img decoding=\"async\" src=\"https:\/\/i01.sozcucdn.com\/wp-content\/uploads\/2023\/08\/30\/10antalya.jpg\" alt=\"\" title=\"\"><\/p>\n<p><b>Antalyal\u0131lar evlerini bayraklarla s\u00fcsledi<\/b><\/p>\n<p>Antalya&#8217;da Muratpa\u015fa Belediyesi, kentin caddelerini dev T\u00fcrk Bayraklar\u0131 ve Atat\u00fcrk posterleriyle donatt\u0131. Caddeye bakan apartmanlara as\u0131lan bayraklarla Antalyal\u0131lar, 30 A\u011fustos heyecan\u0131n\u0131 bir g\u00fcn \u00f6ncesinden ya\u015famaya ba\u015flad\u0131.<strong> \u0130smail AKIN\/S\u00d6ZC\u00dc<\/strong><\/p>\n<p><b>Ula\u015f\u0131m \u00fccretsiz<\/b><\/p>\n<p>Cumhurba\u015fkan\u0131 karar\u0131yla, Ankara&#8217;da Ba\u015fkentray, \u0130stanbul&#8217;da Marmaray ile Gayrettepe-\u0130stanbul Havaliman\u0131 ve \u0130zmir&#8217;de \u0130ZBAN metro seferleri \u00fccretsiz hizmet verecek. \u0130stanbul&#8217;da \u0130ETT, Metro, F\u00fcnik\u00fcler, Tramvay, \u015eehir Hatlar\u0131 Vapurlar\u0131 ve toplu ula\u015f\u0131ma entegre \u00f6zel deniz motorlar\u0131nda ula\u015f\u0131m bedava olacak. \u0130zmir&#8217;de ESHOT ve \u0130ZULA\u015e otob\u00fcsleri, \u0130ZDEN\u0130Z gemileri, metro ve tramvay hatlar\u0131 y\u00fczde 50 indirimli olarak hizmet verecek.<\/p>\n<p>\u00a0<\/p>\n","protected":false},"excerpt":{"rendered":"<p>26 A\u011fustos g\u00fcn\u00fc Ba\u015fkomutan Mustafa Kemal\u2019in Kocatepe\u2019den verdi\u011fi taarruz emriyle ba\u015flayan b\u00fcy\u00fck sava\u015f, 30 A\u011fustos\u2019ta kesin zaferle sonu\u00e7land\u0131. \u015eehitlerimiz kanlar\u0131yla T\u00fcrkiye\u2019nin temellerini att\u0131.<\/p>\n","protected":false},"author":1,"featured_media":120884,"comment_status":"closed","ping_status":"open","sticky":false,"template":"","format":"standard","meta":{"footnotes":""},"categories":[26],"tags":[8108,82,196,6724,4965],"class_list":["post-120883","post","type-post","status-publish","format-standard","has-post-thumbnail","hentry","category-gundem","tag-eylulde","tag-gun","tag-izmir","tag-mustafa-kemal","tag-zafer"],"_links":{"self":[{"href":"https:\/\/haberulus.net\/index.php?rest_route=\/wp\/v2\/posts\/120883","targetHints":{"allow":["GET"]}}],"collection":[{"href":"https:\/\/haberulus.net\/index.php?rest_route=\/wp\/v2\/posts"}],"about":[{"href":"https:\/\/haberulus.net\/index.php?rest_route=\/wp\/v2\/types\/post"}],"author":[{"embeddable":true,"href":"https:\/\/haberulus.net\/index.php?rest_route=\/wp\/v2\/users\/1"}],"replies":[{"embeddable":true,"href":"https:\/\/haberulus.net\/index.php?rest_route=%2Fwp%2Fv2%2Fcomments&post=120883"}],"version-history":[{"count":1,"href":"https:\/\/haberulus.net\/index.php?rest_route=\/wp\/v2\/posts\/120883\/revisions"}],"predecessor-version":[{"id":120885,"href":"https:\/\/haberulus.net\/index.php?rest_route=\/wp\/v2\/posts\/120883\/revisions\/120885"}],"wp:featuredmedia":[{"embeddable":true,"href":"https:\/\/haberulus.net\/index.php?rest_route=\/wp\/v2\/media\/120884"}],"wp:attachment":[{"href":"https:\/\/haberulus.net\/index.php?rest_route=%2Fwp%2Fv2%2Fmedia&parent=120883"}],"wp:term":[{"taxonomy":"category","embeddable":true,"href":"https:\/\/haberulus.net\/index.php?rest_route=%2Fwp%2Fv2%2Fcategories&post=120883"},{"taxonomy":"post_tag","embeddable":true,"href":"https:\/\/haberulus.net\/index.php?rest_route=%2Fwp%2Fv2%2Ftags&post=120883"}],"curies":[{"name":"wp","href":"https:\/\/api.w.org\/{rel}","templated":true}]}}