{"id":120901,"date":"2023-08-30T05:21:03","date_gmt":"2023-08-30T05:21:03","guid":{"rendered":"https:\/\/haberulus.net\/?p=120901"},"modified":"2023-08-30T05:21:03","modified_gmt":"2023-08-30T05:21:03","slug":"wagnerin-lideri-olmedi-mi-prigojinin-pasaport-ve-fotograflari-tartisma-yaratti","status":"publish","type":"post","link":"https:\/\/haberulus.net\/?p=120901","title":{"rendered":"Wagner\u2019in lideri \u00f6lmedi mi? Prigojin\u2019in pasaport ve foto\u011fraflar\u0131 tart\u0131\u015fma yaratt\u0131"},"content":{"rendered":"<p>Paral\u0131 asker grubu Wagner\u2019in kurucusu ve lideri Yevgeni Prigojin\u2019in ge\u00e7en hafta yolculuk etti\u011fi u\u00e7a\u011f\u0131n d\u00fc\u015fmesiyle birlikte 10 ki\u015fiyle \u00f6lmesi tart\u0131\u015fma yaratmaya devam ediyor\u2026<\/p>\n<p>Baz\u0131 uzmanlar, Prigojin\u2019in asl\u0131nda \u00f6lmedi\u011fini ve dubl\u00f6r\u00fcn\u00fc kulland\u0131\u011f\u0131n\u0131 iddia etti. Dr. Valery Solovey isimli uzman, Prigojin\u2019in halen hayatta oldu\u011funu s\u00f6ylerken, \u201cPrigojin ya\u015f\u0131yor, durumu iyi. U\u00e7akta dubl\u00f6r\u00fc \u00f6ld\u00fcr\u00fcld\u00fc\u201d ifadesini kulland\u0131. Rus uzman, Prigojin\u2019in bu y\u0131l\u0131n ilerleyen g\u00fcnlerinde ortaya \u00e7\u0131kabilece\u011fini de iddia etti.<\/p>\n<div><img decoding=\"async\" src=\"https:\/\/i01.sozcucdn.com\/wp-content\/uploads\/2023\/08\/30\/prigoni-.jpg\" alt=\"\" title=\"\"><\/p>\n<p>Prigojin\u2019in ge\u00e7mi\u015fte s\u0131k s\u0131k imaj de\u011fi\u015ftirdi\u011fi hat\u0131rlat\u0131ld\u0131.<\/p>\n<\/div>\n<p>Moskova\u2019n\u0131n \u00f6nemli kurumlar\u0131ndan Uluslararas\u0131 \u0130li\u015fkiler Enstit\u00fcs\u00fc\u2019n\u00fcn eski profes\u00f6r\u00fc olan ve \u00e7ok say\u0131da casus ve diplomat yeti\u015ftiren Dr. Solovey, \u201cRus yetkililer enkaz alan\u0131nda Prigojin\u2019in DNA\u2019s\u0131n\u0131 bulmad\u0131. U\u00e7ak i\u00e7eriden patlamad\u0131\u201d ifadesini kulland\u0131. Rus uzman, Putin\u2019in de bu durumun fark\u0131nda oldu\u011funu iddia ederek Prigojin\u2019in intikam alabilece\u011fini dile getirdi.<\/p>\n<div><img decoding=\"async\" src=\"https:\/\/i01.sozcucdn.com\/wp-content\/uploads\/2023\/08\/30\/prigojin1.jpg\" alt=\"\" title=\"\"><\/p>\n<p>Prigojin bir\u00e7ok \u00fclkeye k\u0131l\u0131k de\u011fi\u015ftirerek girmeyi ba\u015farm\u0131\u015ft\u0131.<\/p>\n<\/div>\n<p>Prigojin\u2019in 1.7 milyar dolarl\u0131k Bitcoin\u2019e eri\u015fimi oldu\u011funu hat\u0131rlatan Solovey, Prigojin\u2019in bunu tekrar sald\u0131rmak i\u00e7in kullanaca\u011f\u0131n\u0131 da \u00f6ne s\u00fcrd\u00fc. \u00d6te yandan sosyal medyada da Prigojin\u2019in dubl\u00f6r\u00fcne ait oldu\u011fu belirtilen pasaportlar ve g\u00f6r\u00fcnt\u00fcler de payla\u015f\u0131ld\u0131.<\/p>\n<div><img decoding=\"async\" src=\"https:\/\/i01.sozcucdn.com\/wp-content\/uploads\/2023\/08\/30\/fontanka-prigo.jpg\" alt=\"\" title=\"\"><\/p>\n<p>Wagner\u2019in liderinin dubl\u00f6r\u00fcne ait oldu\u011fu \u00f6ne s\u00fcr\u00fclen pasaport.<\/p>\n<\/div>\n<p>Prigojin\u2019in Afrika ve Orta Do\u011fu\u2019da s\u0131k s\u0131k peruk ve takma sakal kullanarak ya\u015fad\u0131\u011f\u0131 da hat\u0131rlat\u0131ld\u0131. Rusya\u2019da yayg\u0131n olarak kullan\u0131lan sosyal payla\u015f\u0131m platformu Telegram\u2019da yap\u0131lan bir ankete kat\u0131lanlar\u0131n y\u00fczde 38\u2019i Prigojin\u2019in halen hayatta oldu\u011funu d\u00fc\u015f\u00fcnd\u00fc\u011f\u00fc ortaya \u00e7\u0131kt\u0131.<\/p>\n<p><strong>24 HAZ\u0130RAN\u2019DA \u0130SYAN BA\u015eLATMI\u015eTI<br \/><\/strong><br \/>Rusya Acil Durumlar Bakanl\u0131\u011f\u0131, ge\u00e7en hafta \u00fclkenin Tver b\u00f6lgesinde \u00f6zel jetin d\u00fc\u015fmesi sonucu 10 ki\u015finin \u00f6ld\u00fc\u011f\u00fcn\u00fc bildirmi\u015fti.<\/p>\n<div><img decoding=\"async\" src=\"https:\/\/i01.sozcucdn.com\/wp-content\/uploads\/2023\/08\/30\/priho-.jpg\" alt=\"\" title=\"\"><\/p>\n<p>Prigojin en son b\u00f6yle g\u00f6r\u00fcnt\u00fclenmi\u015fti.<\/p>\n<\/div>\n<p>Rusya Federal Hava Ta\u015f\u0131mac\u0131l\u0131\u011f\u0131 Ajans\u0131 (Rosaviatsiya), d\u00fc\u015fen u\u00e7akta \u00f6lenlerin aras\u0131nda Wagner&#8217;in kurucusu Yevgeniy Prigojin&#8217;in de bulundu\u011funu a\u00e7\u0131klam\u0131\u015ft\u0131.<\/p>\n<p>Wagner&#8217;e yak\u0131nl\u0131\u011f\u0131yla bilinen baz\u0131\u00a0Telegram\u00a0kanallar\u0131nda, u\u00e7a\u011f\u0131n Rus ordusuna ait savunma sistemlerince d\u00fc\u015f\u00fcr\u00fcld\u00fc\u011f\u00fc \u00f6ne s\u00fcr\u00fclm\u00fc\u015ft\u00fc.<\/p>\n<p>Prigojin, beraberindeki paral\u0131 sava\u015f\u00e7\u0131larla 24 Haziran&#8217;da Rus y\u00f6netimine kar\u015f\u0131 silahl\u0131 isyan ba\u015flatm\u0131\u015ft\u0131. \u0130syan, Belarus Cumhurba\u015fkan\u0131 Aleksandr Luka\u015fenko&#8217;nun araya girmesiyle sona ermi\u015fti.<\/p>\n","protected":false},"excerpt":{"rendered":"<p>Ge\u00e7en ay Rusya lideri Putin&#8217;e ba\u015fkald\u0131ran paral\u0131 asker grubu Wagner&#8217;in kurucusu Prigojin&#8217;in ge\u00e7en hafta ya\u015fanan u\u00e7ak kazas\u0131nda \u00f6lmesiyle ilgili yeni bir iddia ortaya at\u0131ld\u0131.<\/p>\n","protected":false},"author":1,"featured_media":120902,"comment_status":"closed","ping_status":"open","sticky":false,"template":"","format":"standard","meta":{"footnotes":""},"categories":[24],"tags":[69],"class_list":["post-120901","post","type-post","status-publish","format-standard","has-post-thumbnail","hentry","category-dunya","tag-rus"],"_links":{"self":[{"href":"https:\/\/haberulus.net\/index.php?rest_route=\/wp\/v2\/posts\/120901","targetHints":{"allow":["GET"]}}],"collection":[{"href":"https:\/\/haberulus.net\/index.php?rest_route=\/wp\/v2\/posts"}],"about":[{"href":"https:\/\/haberulus.net\/index.php?rest_route=\/wp\/v2\/types\/post"}],"author":[{"embeddable":true,"href":"https:\/\/haberulus.net\/index.php?rest_route=\/wp\/v2\/users\/1"}],"replies":[{"embeddable":true,"href":"https:\/\/haberulus.net\/index.php?rest_route=%2Fwp%2Fv2%2Fcomments&post=120901"}],"version-history":[{"count":1,"href":"https:\/\/haberulus.net\/index.php?rest_route=\/wp\/v2\/posts\/120901\/revisions"}],"predecessor-version":[{"id":120903,"href":"https:\/\/haberulus.net\/index.php?rest_route=\/wp\/v2\/posts\/120901\/revisions\/120903"}],"wp:featuredmedia":[{"embeddable":true,"href":"https:\/\/haberulus.net\/index.php?rest_route=\/wp\/v2\/media\/120902"}],"wp:attachment":[{"href":"https:\/\/haberulus.net\/index.php?rest_route=%2Fwp%2Fv2%2Fmedia&parent=120901"}],"wp:term":[{"taxonomy":"category","embeddable":true,"href":"https:\/\/haberulus.net\/index.php?rest_route=%2Fwp%2Fv2%2Fcategories&post=120901"},{"taxonomy":"post_tag","embeddable":true,"href":"https:\/\/haberulus.net\/index.php?rest_route=%2Fwp%2Fv2%2Ftags&post=120901"}],"curies":[{"name":"wp","href":"https:\/\/api.w.org\/{rel}","templated":true}]}}