{"id":120982,"date":"2023-08-30T08:21:11","date_gmt":"2023-08-30T08:21:11","guid":{"rendered":"https:\/\/haberulus.net\/?p=120982"},"modified":"2023-08-30T08:21:11","modified_gmt":"2023-08-30T08:21:11","slug":"ercan-taner-ve-bahadir-cokisler-sportmende-spordaki-gelismeleri-degerlendirdi","status":"publish","type":"post","link":"https:\/\/haberulus.net\/?p=120982","title":{"rendered":"Ercan Taner ve Bahad\u0131r \u00c7oki\u015fler Sportmen\u2019de spordaki geli\u015fmeleri de\u011ferlendirdi"},"content":{"rendered":"<p><strong>MODERAT\u00d6R:<\/strong> <span><strong>Elif S\u0131la \u00d6nerbay<\/strong><\/span> \/ Spor g\u00fcndemini bundan b\u00f6yle S\u00d6ZC\u00dc tarz\u0131yla SPORTMEN k\u00f6\u015fesinde de\u011ferlendirece\u011fiz. Tart\u0131\u015fmalara iki usta ismin g\u00f6z\u00fcnden bakaca\u011f\u0131z.<\/p>\n<p>S\u00d6ZC\u00dc TV&#8217;nin sevilen program\u0131 CEZA SAHASI&#8217;n\u0131n moderat\u00f6r\u00fc Ercan Taner ve program orta\u011f\u0131 S\u00d6ZC\u00dc gazetesi Spor M\u00fcd\u00fcr\u00fc Bahad\u0131r \u00c7oki\u015fler g\u00fcndeme \u0131\u015f\u0131k tutacak. Centilmenlik \u00f6n planda olacak. Spor konu\u015fulacak. Dobra, cesur ve samimi yorumlar yap\u0131lacak.<\/p>\n<p>Ba\u015fl\u0131yoruz\u2026<\/p>\n<p><strong>\u2013 Voleybol, \u00f6zellikle kad\u0131nlarda T\u00fcrk sporunun elmas\u0131\u2026 Milletler Ligi \u015fampiyonlu\u011fundan sonra sizce Avrupa \u015fampiyonu da olabilir miyiz? <\/strong><br \/><span><strong>ERCAN TANER:<\/strong> <\/span>\u00c7ok kritik bir Polonya ma\u00e7\u0131 oynayaca\u011f\u0131z. Polonya ekol olmu\u015f bir tak\u0131m. \u015eampiyonluklar\u0131 var, bronz madalyalar\u0131 var; bu kritik e\u015fi\u011fi a\u015fmam\u0131z laz\u0131m.<\/p>\n<p><span><strong>BAHADIR \u00c7OKI\u015eLER:<\/strong><\/span> Voleyboldaki ba\u015far\u0131lar tesad\u00fcf de\u011fil. Ba\u015fkan Akif \u00dcst\u00fcnda\u011f bilgi birikimini uygulamaya sokup do\u011fru ad\u0131mlar att\u0131 ve liyakat esas\u0131na uygun teknik personel ile yoluna devam etti. Y\u00f6netim anlay\u0131\u015f\u0131 ba\u015far\u0131l\u0131 olunca kupalar ile ta\u00e7lan\u0131yor. D\u00fcnya s\u0131ralamas\u0131nda 1 numaraya y\u00fckseltti\u011fi kad\u0131n voleybolunu \u015fimdi de Avrupa&#8217;n\u0131n en tepesine \u00e7\u0131karacak. K\u0131zlar\u0131m\u0131z da a\u00e7\u0131k\u00e7as\u0131 futbolcular\u0131m\u0131z gibi de\u011fil. Ak\u0131llar\u0131nda spordan ba\u015fka bir \u015fey yok.<\/p>\n<p><b>\u201cHAKEMLER YETENEKS\u0130Z\u201d<\/b><\/p>\n<p><strong>\u2013 Futbola d\u00f6nersek.. TFF, MHK ve kul\u00fcp ba\u015fkanlar\u0131 aras\u0131ndaki tart\u0131\u015fmalar hen\u00fcz ligin 3. haftas\u0131nda tavan yapt\u0131. San\u0131r\u0131m bu g\u00fcndem hi\u00e7 de\u011fi\u015fmeyecek; sizin yorumunuz nedir?<\/strong><\/p>\n<p><span><strong>BAHADIR \u00c7OKI\u015eLER:<\/strong> <\/span>Daha \u00f6nce TVF Ba\u015fkan\u0131 Akif \u00dcst\u00fcnda\u011f&#8217;\u0131n futbolun ba\u015f\u0131na ge\u00e7mesi gerekti\u011fini yazm\u0131\u015ft\u0131m. \u00c7\u00fcnk\u00fc voleybolu al\u0131p getirdi\u011fi yer ortada. Bizim \u00fclkemizde hakem \u00fczerinden tart\u0131\u015fma bitmez; kavga edecek bir \u015feyler bulurlar. A\u00e7\u0131k\u00e7as\u0131 hakemlerimiz de \u00e7ok eksik, hatta yeteneksiz. Biz insanlar\u0131 yar\u0131\u015fmac\u0131 bireyler haline getirirken yeti\u015ftirmeyi unutmu\u015fuz.<\/p>\n<p><span><strong>ERCAN TANER:<\/strong><\/span> Bizde ma\u00e7lar iki farkl\u0131 yerde oynan\u0131yor. Biri ye\u015fil sahada di\u011feri ise saha d\u0131\u015f\u0131nda. Y\u00f6neticiler, ma\u00e7lar\u0131 kamera kar\u015f\u0131s\u0131nda oynamay\u0131 seviyor. Y\u00f6neticiler birbiriyle ma\u00e7 yap\u0131yor. Futbolun arka bah\u00e7esi g\u00fczeldir, her zaman konu\u015fulur ama bu s\u00fcrekli ya\u015fan\u0131nca a\u00e7\u0131k\u00e7as\u0131 ho\u015f olmuyor. \u00c7\u00f6z\u00fcm ise gazetecilerde de\u011fil futbolumuzun marka de\u011ferini y\u00fckseltmek isteyen TFF ve kul\u00fcplerde. Hakemlere gelirsek\u2026 Onlar\u0131 yeti\u015ftirmek i\u00e7in Hugh Dallas gibi yabanc\u0131 hakem hocas\u0131 getiriyoruz. Y\u00f6neticiler bahane ar\u0131yor ama hakemler de buna imkan tan\u0131yor.<\/p>\n<p><b>\u201cFUTBOL DE\u011e\u0130L TRANSFER\u201d<\/b><\/p>\n<p><strong>\u2013 Suudi Arabistan kul\u00fcpleri \u00e7ok para harc\u0131yor ve gen\u00e7 yetenekleri bile ligine kat\u0131yor. Bu onlar\u0131 Avrupa&#8217;n\u0131n en b\u00fcy\u00fck 5 ligine rakip duruma getirebilir mi? <\/strong><\/p>\n<p><span><strong>ERCAN TANER:<\/strong><\/span> Mali a\u00e7\u0131dan \u015fu an ikinciler. \u0130lk s\u0131rada Premier Lig geliyor. Ancak izlenme ve reyting anlam\u0131nda Avrupa ile ba\u015f etmek kolay de\u011fil. Futbollar\u0131 de\u011fil ancak transferleri konu\u015fulur. ABD, Rusya, \u00c7in ve s\u0131ra \u015fimdi Suudi Arabistan&#8217;da\u2026 Di\u011ferlerinde bir devaml\u0131l\u0131k g\u00f6remedik.<\/p>\n<p><span><strong>BAHADIR \u00c7OKI\u015eLER:<\/strong> <\/span>Araplar\u0131n devlet politikas\u0131 olmu\u015f bu durum ama unutulmamal\u0131d\u0131r ki bu t\u00fcr sistemler \u00e7\u00f6kmeye mahkumdur. Para ile her \u015feyi \u00fcst seviyeye ta\u015f\u0131yamazs\u0131n. Bu kadar ekonomik kriz varken b\u00fcy\u00fck tak\u0131mlar\u0131m\u0131z\u0131n yapt\u0131\u011f\u0131 transferleri de es ge\u00e7memek laz\u0131m. Umar\u0131m bahar aylar\u0131nda da Avrupa&#8217;da oluruz.<\/p>\n<p><b>\u201cPARAYI MI BE\u011eENMED\u0130N\u0130Z?\u201d<\/b><\/p>\n<p><strong>\u2013 Milli tak\u0131m baz\u0131nda basketbol, voleybolun gerisinde kald\u0131. Dev\u015firme politikam\u0131z da tutmad\u0131. \u00d6zellikle Larkin ve Wilbekin konusunda ne s\u00f6ylemek istersiniz? <\/strong><\/p>\n<p><span><strong>ERCAN TANER:<\/strong><\/span> Maalesef\u2026 Oyuncu dev\u015firiyorsunuz, tak\u0131m\u0131nda oynuyor. Sonra da milli tak\u0131ma gelmiyor. Tats\u0131zl\u0131k oldu. Esas mesele \u015fu: 12 Dev Adam turnuvalarda ba\u015far\u0131l\u0131 olamayan, s\u00fcrekli kaybeden bir tak\u0131m haline geldi. Bu beni \u00fcz\u00fcyor.<\/p>\n<p><span><strong>BAHADIR \u00c7OKI\u015eLER:<\/strong> <\/span>Burada ben y\u00f6neticilere su\u00e7 bulurum. A\u00e7\u0131k\u00e7as\u0131 s\u00fcreci y\u00f6netememek bizim i\u015f bilmeyen y\u00f6neticilerin y\u00f6netim tarz\u0131 olmu\u015f. Wilbekin ya da Cedi Osman\u2026<\/p>\n<p><strong>\u2013 Do\u011fru\u2026 Bir de \u00f6n elemeye kat\u0131lmayan Cedi meselesi var\u2026 <\/strong><\/p>\n<p><span><strong>BAHADIR \u00c7OKI\u015eLER:<\/strong> <\/span>Cedi Osman b\u00f6b\u00fcrlendi ve \u00f6n eleme ma\u00e7lar\u0131nda oynamay\u0131 gururuna yediremedi. Wilbekin ya da Cedi Osman\u2026 \u0130smin ne \u00f6nemi var ki biz bu oyuncular\u0131 kebab\u0131m\u0131z\u0131 seviyorlar diye dev\u015firmedik. En az\u0131ndan milli duygular\u0131m\u0131z\u0131 da sevsinler istedik. Bu oyunculara \u015funu s\u00f6ylemek istiyorum: Tamam, milli duygular\u0131n\u0131z yok, bari spor ahlak\u0131n\u0131z olsun. Niye gelmezsiniz? Paray\u0131 m\u0131 be\u011fenmediniz?<\/p>\n<p><span><strong>ERCAN TANER:<\/strong><\/span> Biz daha Cedi&#8217;yi getiremiyoruz. Evet, anlayabiliyorum; NBA&#8217;de ma\u00e7 ve antrenman tempolar\u0131 \u00e7ok yo\u011fun ancak dev\u015firilecek oyuncularla \u00e7ok iyi anla\u015fmam\u0131z gerekiyor. Ayr\u0131ca bizim oyuncular\u0131m\u0131z\u0131n neden gelmedi\u011fini de iyi ara\u015ft\u0131rmam\u0131z gerekiyor. Ama isimlere ba\u011fl\u0131 kalmayal\u0131m ve sisteme d\u00f6nelim. Basketbol Milli Tak\u0131m\u0131 maalesef yerinde say\u0131yor.<\/p>\n","protected":false},"excerpt":{"rendered":"<p>S\u00fcper Lig&#8217;de daha 3 hafta geride kalmas\u0131na ra\u011fmen T\u00fcrkiye Futbol Federasyonu, Merkez Hakem Kurulu ve ba\u015fkanlar man\u015fetten inmiyor. T\u00fcrkiye A Milli Erkek Basketbol Tak\u0131m\u0131&#8217;nda da Larkin ve Wilbekin krizi ya\u015fan\u0131yor. Geli\u015fmeleri Ercan Taner ve Bahad\u0131r \u00c7oki\u015fler de\u011ferlendiriyor.<\/p>\n","protected":false},"author":1,"featured_media":120983,"comment_status":"closed","ping_status":"open","sticky":false,"template":"","format":"standard","meta":{"footnotes":""},"categories":[31],"tags":[188,355,290,551,192],"class_list":["post-120982","post","type-post","status-publish","format-standard","has-post-thumbnail","hentry","category-spor","tag-bas","tag-dev","tag-mac","tag-spor","tag-takim"],"_links":{"self":[{"href":"https:\/\/haberulus.net\/index.php?rest_route=\/wp\/v2\/posts\/120982","targetHints":{"allow":["GET"]}}],"collection":[{"href":"https:\/\/haberulus.net\/index.php?rest_route=\/wp\/v2\/posts"}],"about":[{"href":"https:\/\/haberulus.net\/index.php?rest_route=\/wp\/v2\/types\/post"}],"author":[{"embeddable":true,"href":"https:\/\/haberulus.net\/index.php?rest_route=\/wp\/v2\/users\/1"}],"replies":[{"embeddable":true,"href":"https:\/\/haberulus.net\/index.php?rest_route=%2Fwp%2Fv2%2Fcomments&post=120982"}],"version-history":[{"count":1,"href":"https:\/\/haberulus.net\/index.php?rest_route=\/wp\/v2\/posts\/120982\/revisions"}],"predecessor-version":[{"id":120984,"href":"https:\/\/haberulus.net\/index.php?rest_route=\/wp\/v2\/posts\/120982\/revisions\/120984"}],"wp:featuredmedia":[{"embeddable":true,"href":"https:\/\/haberulus.net\/index.php?rest_route=\/wp\/v2\/media\/120983"}],"wp:attachment":[{"href":"https:\/\/haberulus.net\/index.php?rest_route=%2Fwp%2Fv2%2Fmedia&parent=120982"}],"wp:term":[{"taxonomy":"category","embeddable":true,"href":"https:\/\/haberulus.net\/index.php?rest_route=%2Fwp%2Fv2%2Fcategories&post=120982"},{"taxonomy":"post_tag","embeddable":true,"href":"https:\/\/haberulus.net\/index.php?rest_route=%2Fwp%2Fv2%2Ftags&post=120982"}],"curies":[{"name":"wp","href":"https:\/\/api.w.org\/{rel}","templated":true}]}}