{"id":121003,"date":"2023-08-30T09:05:03","date_gmt":"2023-08-30T09:05:03","guid":{"rendered":"https:\/\/haberulus.net\/?p=121003"},"modified":"2023-08-30T09:05:03","modified_gmt":"2023-08-30T09:05:03","slug":"devlet-erkani-atanin-huzurunda-anitkabir-ozel-defterini-imzalayan-erdogandan-calismaya-devam-mesaji","status":"publish","type":"post","link":"https:\/\/haberulus.net\/?p=121003","title":{"rendered":"Devlet erkan\u0131 Ata&#8217;n\u0131n huzurunda! An\u0131tkabir \u00d6zel defterini imzalayan Erdo\u011fan&#8217;dan &#8220;\u00c7al\u0131\u015fmaya devam&#8221; mesaj\u0131"},"content":{"rendered":"<p>Cumhurba\u015fkan\u0131 Recep Tayyip Erdo\u011fan ba\u015fkanl\u0131\u011f\u0131ndaki devlet erkan\u0131 30 A\u011fustos Zafer Bayram\u0131&#8217;n\u0131n 101&#8217;inci y\u0131ld\u00f6n\u00fcm\u00fc i\u00e7in  <strong>An\u0131tkabir<\/strong>&#8216;i ziyaret etti. <\/p>\n<p><b>PART\u0130 L\u0130DERLER\u0130 DE ORADAYDI <\/b><\/p>\n<p> <strong>An\u0131tkabir<\/strong>&#8216;de d\u00fczenlenen t\u00f6rene TBMM Ba\u015fkan\u0131 Numan Kurtulmu\u015f, Cumhurba\u015fkan\u0131 Yard\u0131mc\u0131s\u0131 Cevdet Y\u0131lmaz, kabine \u00fcyeleri, CHP Genel Ba\u015fkan\u0131 Kemal K\u0131l\u0131\u00e7daro\u011flu, MHP Genel Ba\u015fkan\u0131 Devlet Bah\u00e7eli, \u0130Y\u0130 Parti Genel Ba\u015fkan\u0131 Meral Ak\u015fener, kuvvet komutanlar\u0131 ile y\u00fcksek yarg\u0131 \u00fcyeleri kat\u0131ld\u0131. <\/p>\n<p><img decoding=\"async\" src=\"https:\/\/i.hbrcdn.com\/haber\/2023\/08\/30\/devlet-erkani-ata-nin-huzurunda-anitkabir-ozel-16276470_4972_m.jpg\" alt=\"\" title=\"\"><\/p>\n<p><b>ATAT\u00dcRK&#8217;\u00dcN MOZOLES\u0130NE \u00c7ELENK <\/b><\/p>\n<p><img decoding=\"async\" src=\"https:\/\/i.hbrcdn.com\/haber\/2023\/08\/30\/devlet-erkani-ata-nin-huzurunda-anitkabir-ozel-16276470_3491_m.jpg\" alt=\"\" title=\"\"><\/p>\n<p><b>&#8220;GECE G\u00dcND\u00dcZ DEMEDEN \u00c7ALI\u015eMAYA DEVAM EDECE\u011e\u0130Z&#8221;<\/b><\/p>\n<p>Cumhurba\u015fkan\u0131 Erdo\u011fan, daha sonra An\u0131tkabir \u00f6zel defterini imzalad\u0131 ve \u015funlar\u0131 yazd\u0131: &#8220;Aziz Atat\u00fcrk b\u00fcy\u00fck zaferin 101. y\u0131l d\u00f6n\u00fcm\u00fcn\u00fcn gururunu ya\u015f\u0131yoruz. Zat\u0131 alinizi, silah arkada\u015flar\u0131n\u0131z\u0131 ve aziz \u015fehitlerinizi rahmetle yad ediyoruz. T\u00fcrkiye Y\u00fczy\u0131l\u0131 vizyonumuzu devlet millet el ele vererek azimle hayata ge\u00e7iriyoruz. Milletimizi as\u0131rl\u0131k hayallerle bulu\u015fturana kadar gece g\u00fcnd\u00fcz demeden \u00e7al\u0131\u015fmaya devam edece\u011fiz.&#8221;<\/p>\n","protected":false},"excerpt":{"rendered":"<p>Cumhurba\u015fkan\u0131 Recep Tayyip Erdo\u011fan ba\u015fkanl\u0131\u011f\u0131ndaki devlet erkan\u0131, 30 A\u011fustos Zafer Bayram\u0131&#8217;n\u0131n 101&#8217;inci y\u0131ld\u00f6n\u00fcm\u00fc i\u00e7in An\u0131tkabir&#8217;i ziyaret etti. Burada An\u0131tkabir \u00f6zel defterini imzalayan Erdo\u011fan, &#8220;Milletimizi as\u0131rl\u0131k hayallerle bulu\u015fturana kadar gece g\u00fcnd\u00fcz demeden \u00e7al\u0131\u015fmaya devam edece\u011fiz&#8221; notunu d\u00fc\u015ft\u00fc.<\/p>\n","protected":false},"author":1,"featured_media":121004,"comment_status":"closed","ping_status":"open","sticky":false,"template":"","format":"standard","meta":{"footnotes":""},"categories":[28],"tags":[],"class_list":["post-121003","post","type-post","status-publish","format-standard","has-post-thumbnail","hentry","category-politika"],"_links":{"self":[{"href":"https:\/\/haberulus.net\/index.php?rest_route=\/wp\/v2\/posts\/121003","targetHints":{"allow":["GET"]}}],"collection":[{"href":"https:\/\/haberulus.net\/index.php?rest_route=\/wp\/v2\/posts"}],"about":[{"href":"https:\/\/haberulus.net\/index.php?rest_route=\/wp\/v2\/types\/post"}],"author":[{"embeddable":true,"href":"https:\/\/haberulus.net\/index.php?rest_route=\/wp\/v2\/users\/1"}],"replies":[{"embeddable":true,"href":"https:\/\/haberulus.net\/index.php?rest_route=%2Fwp%2Fv2%2Fcomments&post=121003"}],"version-history":[{"count":1,"href":"https:\/\/haberulus.net\/index.php?rest_route=\/wp\/v2\/posts\/121003\/revisions"}],"predecessor-version":[{"id":121005,"href":"https:\/\/haberulus.net\/index.php?rest_route=\/wp\/v2\/posts\/121003\/revisions\/121005"}],"wp:featuredmedia":[{"embeddable":true,"href":"https:\/\/haberulus.net\/index.php?rest_route=\/wp\/v2\/media\/121004"}],"wp:attachment":[{"href":"https:\/\/haberulus.net\/index.php?rest_route=%2Fwp%2Fv2%2Fmedia&parent=121003"}],"wp:term":[{"taxonomy":"category","embeddable":true,"href":"https:\/\/haberulus.net\/index.php?rest_route=%2Fwp%2Fv2%2Fcategories&post=121003"},{"taxonomy":"post_tag","embeddable":true,"href":"https:\/\/haberulus.net\/index.php?rest_route=%2Fwp%2Fv2%2Ftags&post=121003"}],"curies":[{"name":"wp","href":"https:\/\/api.w.org\/{rel}","templated":true}]}}