{"id":121006,"date":"2023-08-30T09:05:03","date_gmt":"2023-08-30T09:05:03","guid":{"rendered":"https:\/\/haberulus.net\/?p=121006"},"modified":"2023-08-30T09:05:03","modified_gmt":"2023-08-30T09:05:03","slug":"imamoglundan-30-agustos-kutlamasi","status":"publish","type":"post","link":"https:\/\/haberulus.net\/?p=121006","title":{"rendered":"\u0130mamo\u011flu\u2019ndan \u201930 A\u011fustos\u2019 kutlamas\u0131"},"content":{"rendered":"<p>\u0130stanbul&#8217;da 30 A\u011fustos Zafer Bayram\u0131&#8217;n\u0131n 101&#8217;inci y\u0131l kutlamalar\u0131 Taksim&#8217;deki Cumhuriyet An\u0131t\u0131 \u00f6n\u00fcnde \u00e7elenk koyma t\u00f6reniyle ba\u015flad\u0131.<\/p>\n<p>\u0130stanbul Valisi Davut G\u00fcl, 1. Ordu ve \u0130stanbul Garnizon Komutan\u0131 Orgeneral Ali Sivri ve \u0130BB Ba\u015fkan\u0131 Ekrem \u0130mamo\u011flu an\u0131ta \u00e7elenk b\u0131rakt\u0131.<\/p>\n<p>Ard\u0131ndan sayg\u0131 duru\u015funda bulunularak \u0130stiklal Mar\u015f\u0131 okundu. T\u00f6rene ayr\u0131ca \u0130stanbul Barosu Ba\u015fkan\u0131 Filiz Sara\u00e7, CHP \u0130stanbul Milletvekili Y\u00fcksel Mansur K\u0131l\u0131n\u00e7, CHP \u0130stanbul \u0130l Ba\u015fkan\u0131 Canan Kaftanc\u0131o\u011flu, \u0130Y\u0130 Parti \u0130stanbul \u0130l Ba\u015fkan\u0131 Co\u015fkun Y\u0131ld\u0131r\u0131m ile \u00e7ok say\u0131da siyasi parti temsilcisi de kat\u0131ld\u0131.<\/p>\n<p>T\u00f6renin ard\u0131ndan gazetecilere a\u00e7\u0131klama yapan Ekrem \u0130mamo\u011flu, bayram\u0131 kutlayarak s\u00f6zlerine ba\u015flad\u0131.<\/p>\n<p>\u0130mamo\u011flu, \u015funlar\u0131 s\u00f6yledi:<\/p>\n<p>-Bug\u00fcn de kutlamalar\u0131m\u0131za Taksim An\u0131t\u0131 \u00f6n\u00fcnde, Ata&#8217;m\u0131z\u0131n huzurunda hep birlikte ba\u015flad\u0131k. G\u00fcn i\u00e7inde kutlamalar\u0131m\u0131z Vatan Caddesi&#8217;nde devam edecek.<\/p>\n<p>-Ak\u015fam da in\u015fallah Yenikap\u0131&#8217;da t\u00fcm milletimizle bulu\u015farak kutlamalar\u0131m\u0131z\u0131 devam ettirece\u011fiz. Tabii bu y\u0131l, \u00f6zel bir y\u0131l. Cumhuriyetimizin 100&#8217;\u00fcnc\u00fc y\u0131l\u0131nda 30 A\u011fustos Zafer Bayram\u0131&#8217;m\u0131z\u0131 kutluyoruz.<\/p>\n<p>-30 A\u011fustos Zafer Bayram\u0131 asl\u0131nda milli m\u00fccadelenin, cephedeki m\u00fccadelenin bir zaferle beraber sonucuna do\u011fru evrilen bir s\u00fcre\u00e7te Cumhuriyet\u2019in temellerinin at\u0131ld\u0131\u011f\u0131 d\u00f6nemin ba\u015flang\u0131c\u0131n\u0131 i\u015faret ediyor.<\/p>\n<p>-Tabii millet\u00e7e b\u00fcy\u00fck bir m\u00fccadele verildi ama benim i\u00e7in 21&#8217;inci y\u00fczy\u0131lda 30 A\u011fustos, hangi zaferleri kutlamay\u0131 ya da hangi zaferleri hedeflemeyi size a\u015f\u0131l\u0131yor, hissettiriyor diye sorarsan\u0131z benim i\u00e7in en de\u011ferlisi 21&#8217;inci y\u00fczy\u0131l\u0131n, Cumhuriyetimiz i\u00e7in gerekli olan e\u011fitimde, teknolojide, ya\u015famda en \u00fcst seviyeye \u00e7\u0131kabilecek; \u015fehirlerimizi ve \u00fclkemizi, milletimizi en \u00fcst seviyeye ta\u015f\u0131yabilecek s\u00fcre\u00e7lere hizmet etmeyi hat\u0131rlat\u0131yor.<\/p>\n<p><strong>\u201c\u0130N\u015eALLAH PROBLEMLER\u0130 \u00c7\u00d6ZEB\u0130LEN B\u0130REYLER OLMAYI BA\u015eARIRIZ\u201d<\/strong><\/p>\n<p>-Bu ba\u011flamda 21&#8217;inci y\u00fczy\u0131la yak\u0131\u015fan her konudaki zaferi kazanmak konusunda bilin\u00e7li bir millet olmay\u0131, Cumhuriyete lay\u0131k, Atat\u00fcrk&#8217;e lay\u0131k bireyler olmay\u0131 in\u015fallah hep beraber ba\u015far\u0131r\u0131z.<\/p>\n<p>-\u00dclkemizi de b\u00fcy\u00fck sorunlardan kurtaran ama yoksulluktan ama kentlerimizdeki \u00f6zellikle bir\u00e7ok sorundan, ba\u015fta m\u00fclteci sorunu olmak \u00fczere hep beraber \u00fclkemizin gelece\u011fiyle ilgili beka sorunlar\u0131 diyebilece\u011fimiz deprem gibi problemleri \u00e7\u00f6zebilen bireyler olmay\u0131 ba\u015far\u0131r\u0131z. Her bayram bize sorumluluklar\u0131m\u0131z\u0131 hat\u0131rlatmal\u0131.<\/p>\n<p>-Ben de y\u00f6netici olarak bu sorumluluklar\u0131 hat\u0131rlayan ve hat\u0131rlatan bir insan olmay\u0131 ve ba\u015far\u0131l\u0131 olmay\u0131 elbette diliyorum. 30 A\u011fustos Zafer Bayram\u0131&#8217;m\u0131z kutlu olsun. (ANKA)<\/p>\n","protected":false},"excerpt":{"rendered":"<p>\u0130BB Ba\u015fkan\u0131 Ekrem \u0130mamo\u011flu, 30 A\u011fustos kutlamalar\u0131 kapsam\u0131nda Taksim Cumhuriyet An\u0131t\u0131\u2019nda d\u00fczenlenen t\u00f6renin ard\u0131ndan konu\u015ftu.<\/p>\n","protected":false},"author":1,"featured_media":121007,"comment_status":"closed","ping_status":"open","sticky":false,"template":"","format":"standard","meta":{"footnotes":""},"categories":[26],"tags":[1374,96,484,11005,4965],"class_list":["post-121006","post","type-post","status-publish","format-standard","has-post-thumbnail","hentry","category-gundem","tag-bayrami","tag-istanbul","tag-millet","tag-olmayi","tag-zafer"],"_links":{"self":[{"href":"https:\/\/haberulus.net\/index.php?rest_route=\/wp\/v2\/posts\/121006","targetHints":{"allow":["GET"]}}],"collection":[{"href":"https:\/\/haberulus.net\/index.php?rest_route=\/wp\/v2\/posts"}],"about":[{"href":"https:\/\/haberulus.net\/index.php?rest_route=\/wp\/v2\/types\/post"}],"author":[{"embeddable":true,"href":"https:\/\/haberulus.net\/index.php?rest_route=\/wp\/v2\/users\/1"}],"replies":[{"embeddable":true,"href":"https:\/\/haberulus.net\/index.php?rest_route=%2Fwp%2Fv2%2Fcomments&post=121006"}],"version-history":[{"count":1,"href":"https:\/\/haberulus.net\/index.php?rest_route=\/wp\/v2\/posts\/121006\/revisions"}],"predecessor-version":[{"id":121008,"href":"https:\/\/haberulus.net\/index.php?rest_route=\/wp\/v2\/posts\/121006\/revisions\/121008"}],"wp:featuredmedia":[{"embeddable":true,"href":"https:\/\/haberulus.net\/index.php?rest_route=\/wp\/v2\/media\/121007"}],"wp:attachment":[{"href":"https:\/\/haberulus.net\/index.php?rest_route=%2Fwp%2Fv2%2Fmedia&parent=121006"}],"wp:term":[{"taxonomy":"category","embeddable":true,"href":"https:\/\/haberulus.net\/index.php?rest_route=%2Fwp%2Fv2%2Fcategories&post=121006"},{"taxonomy":"post_tag","embeddable":true,"href":"https:\/\/haberulus.net\/index.php?rest_route=%2Fwp%2Fv2%2Ftags&post=121006"}],"curies":[{"name":"wp","href":"https:\/\/api.w.org\/{rel}","templated":true}]}}