{"id":121021,"date":"2023-08-30T09:05:07","date_gmt":"2023-08-30T09:05:07","guid":{"rendered":"https:\/\/haberulus.net\/?p=121021"},"modified":"2023-08-30T09:05:07","modified_gmt":"2023-08-30T09:05:07","slug":"galatasaray-nefes-aldi","status":"publish","type":"post","link":"https:\/\/haberulus.net\/?p=121021","title":{"rendered":"Galatasaray nefes ald\u0131"},"content":{"rendered":"<p>Galatasaray, UEFA \u015eampiyonlar Ligi Play-Off Turu\u2019nda 3-2\u2019nin r\u00f6van\u015f\u0131nda Norve\u00e7 temsilcisi Molde\u2019yi 2-1\u2019lik skorla ge\u00e7erek ad\u0131n\u0131 gruplara yazd\u0131rd\u0131. D\u00f6rt y\u0131l aradan sonra \u015eampiyonlar Ligi\u2019nde gruplara kalan Galatasaray, bu ba\u015far\u0131s\u0131n\u0131n yan\u0131 s\u0131ra kat\u0131l\u0131m paras\u0131ndan elde etti\u011fi \u00f6nemli gelir ile finansal anlamda elini de rahatlatt\u0131.<\/p>\n<p>Sar\u0131-k\u0131rm\u0131z\u0131l\u0131lar, UEFA \u015eampiyonlar Ligi\u2019nde gruplara kalarak kul\u00fcp ad\u0131na \u00f6nemli bir gelir elde etti. 4 y\u0131l aradan sonra \u015eampiyonlar Ligi\u2019nde gruplara kalmay\u0131 ba\u015faran Galatasaray, bu ba\u015far\u0131s\u0131n\u0131n yan\u0131 s\u0131ra gruplara kat\u0131l\u0131m\u0131ndan toplamda 15.6 milyon Euro\u2019yu kasas\u0131na koydu. \u00d6te yandan sar\u0131-k\u0131rm\u0131z\u0131l\u0131lar\u0131n, reklam ve katsay\u0131 geliri olarak toplamda en az 25 milyon Euro gelir elde etmesi bekleniyor.<\/p>\n<p>Ayr\u0131ca Galatasaray\u2019\u0131n alaca\u011f\u0131 gelir gruplardaki ba\u015far\u0131s\u0131na g\u00f6re de \u015fekillenecek. Galatasaray, gruplarda oynayaca\u011f\u0131 ma\u00e7larda alaca\u011f\u0131 her galibiyette 2.8 milyon Euro, beraberlikte ise 930 bin Euro kazanacak.<\/p>\n<p><b>KURA \u00c7EK\u0130M\u0130 YARIN YAPILACAK<\/b><\/p>\n<p>UEFA \u015eampiyonlar Ligi Play-Off turunu ge\u00e7erek gruplara kalan Galatasaray, Devler Arenas\u0131\u2019na 4\u2019\u00fcnc\u00fc torbadan kat\u0131lacak.<\/p>\n<p>Yar\u0131n TS\u0130 20.00\u2019de Monaco\u2019da d\u00fczenlenecek kura \u00e7ekiminin ard\u0131ndan, \u015eampiyonlar Ligi\u2019ndeki temsilcimiz Galatasaray\u2019\u0131n grubu ve rakipleri belli olacak. Sar\u0131-k\u0131rm\u0131z\u0131l\u0131lar \u015eampiyonlar Ligi\u2019ndeki ilk grup ma\u00e7\u0131n\u0131 19-20 Eyl\u00fcl tarihleri aras\u0131nda oynayacak.<\/p>\n<p><b>GALATASARAY\u2019IN AVRUPA KARNES\u0130<\/b><\/p>\n<p>UEFA \u015eampiyonlar Lig\u2019i Play-Off turu r\u00f6van\u015f ma\u00e7\u0131nda Molde\u2019yi eleyerek gruplara kalan Galatasaray, bu ma\u00e7la birlikte Avrupa Arenas\u0131\u2019nda toplamda 308 m\u00fcsabakaya \u00e7\u0131kt\u0131.<\/p>\n<p>Bu kar\u015f\u0131la\u015fmalarda 111 galibiyet alan sar\u0131-k\u0131rm\u0131z\u0131l\u0131lar, 115 kar\u015f\u0131la\u015fmada rakiplerine ma\u011flup oldu. 82 m\u00fccadeleyi ise beraberlikle tamamland\u0131. Galatasaray bu kar\u015f\u0131la\u015fmalarda toplamda 413 kez rakip fileleri havaland\u0131r\u0131rken, kalesinde ise 453 gol g\u00f6rd\u00fc.<\/p>\n<p>\u00d6te yandan Galatasaray, \u015eampiyonlar Ligi\u2019nde 17\u2019nci kez grup a\u015famalar\u0131na kalma ba\u015far\u0131s\u0131 g\u00f6sterdi. UEFA \u015eampiyonlar Ligi\u2019nde bug\u00fcne kadar 16 kez grup a\u015famas\u0131nda m\u00fccadele eden sar\u0131-k\u0131rm\u0131z\u0131l\u0131 ekip, toplamda 9 kez elemeleri ge\u00e7erken, 7 kez de direkt olarak gruplara kald\u0131.<\/p>\n<p><b>14 YIL SONRA B\u0130R \u0130LK<\/b><\/p>\n<p>Galatasaray, \u015eampiyonlar Ligi\u2019nde gruplara kalmas\u0131n\u0131n ard\u0131ndan bir ilki de ger\u00e7ekle\u015ftirdi. Sar\u0131-k\u0131rm\u0131z\u0131l\u0131 ekibin bu ba\u015far\u0131s\u0131yla 14 y\u0131l aradan sonra bir T\u00fcrk tak\u0131m\u0131 \u015eampiyonlar Ligi\u2019nde Play-Off turunu ge\u00e7erek gruplara kald\u0131.<\/p>\n<p>En son Fenerbah\u00e7e 2008-2009 sezonunda MTK Bupade\u015fte ve Partizan\u2019\u0131 eleyerek gruplara kalm\u0131\u015ft\u0131.<\/p>\n<p><b>OKAN BURUK\u2019UN AVRUPA KARNES\u0130<\/b><\/p>\n<p>Teknik direkt\u00f6r Okan Buruk, 2019-2020 y\u0131l\u0131nda Ba\u015fak\u015fehir Teknik Direkt\u00f6r\u00fc olarak tak\u0131m\u0131yla birlikte UEFA Avrupa Ligi J Grubu\u2019nda yer ald\u0131.<\/p>\n<p>Roma, Borussia M\u00f6nchengladbach ve Wolfsberger AC ile J Grubu\u2019nda kar\u015f\u0131la\u015fan Ba\u015fak\u015fehir, 3 galibiyet, 1 beraberlik ve 2 ma\u011flubiyet alarak 10 puanla grubunu lider tamamlad\u0131. Bir \u00fcst turda kar\u015f\u0131la\u015ft\u0131\u011f\u0131 Portekiz temsilcisi Sporting Lizbon\u2019u da eleyen Buruk\u2019un \u00f6\u011frencileri, son 16 turunda ise Danimarka temsilcisi Kopenhag\u2019a elenerek turnuvaya veda etmi\u015fti. Toplamda 10 kar\u015f\u0131la\u015fmada tak\u0131m\u0131n ba\u015f\u0131nda yer alan 49 ya\u015f\u0131ndaki teknik adam, 5 galibiyet, 1 beraberlik ve 4 ma\u011flubiyet alarak 2019-2020 y\u0131l\u0131nda Avrupa defterini kapam\u0131\u015f, sezonu S\u00fcper Lig \u015fampiyonu olarak tamamlam\u0131\u015ft\u0131.<\/p>\n<p>Tecr\u00fcbeli teknik adam, yine Ba\u015fak\u015fehir y\u00f6netiminde 2019-2020 S\u00fcper Lig sezonunu \u015fampiyon olarak tamamlay\u0131p, 2020-2021 y\u0131l\u0131nda \u015eampiyonlar Ligi Gruplar\u0131\u2019nda direkt olarak oynama hakk\u0131 elde etti. Paris Saint Germain, Manchester United ve RB Leipzig\u2019in yer ald\u0131\u011f\u0131 H Grubu\u2019nda Ba\u015fak\u015fehir\u2019in ba\u015f\u0131nda toplamda 6 ma\u00e7ta g\u00f6rev yapan Buruk, 6 kar\u015f\u0131la\u015fmada sadece 1 galibiyet alarak 3 puanla grubunu sonuncu s\u0131rada tamamlad\u0131 ve Avrupa\u2019ya veda etti.<\/p>\n<p>2022-2023 sezonunda bu kez Galatasaray ile S\u00fcper Lig \u015fampiyonluk ya\u015fay\u0131p, 2023-2024 UEFA \u015eampiyonlar Ligi\u2019nde \u00d6n Elemelere kalan Galatasaray\u2019da Teknik Direkt\u00f6r Okan Buruk, toplamda 6 ma\u00e7ta tak\u0131m\u0131n ba\u015f\u0131nda yer ald\u0131. 5 galibiyet ve 1 beraberlik alarak nama\u011flup \u015fekilde tak\u0131m\u0131n ba\u015f\u0131nda iyi performans sergileyen deneyimli teknik adam, Galatasaray\u2019daki Teknik Direkt\u00f6rl\u00fck kariyerinde de bir ilki ya\u015fayarak \u015eampiyonlar Ligi Gruplar\u0131\u2019nda g\u00f6rev yapacak. (DHA)<\/p>\n","protected":false},"excerpt":{"rendered":"<p>Molde&#8217;yi eleyen Galatasaray, 4 y\u0131l aran\u0131n ard\u0131ndan ad\u0131n\u0131 \u015eampiyonlar Ligi gruplar\u0131na yazd\u0131rd\u0131. Galatasaray, \u015eampiyonlar Ligi&#8217;nden elde edece\u011fi gelirle de rahat bir nefes ald\u0131.<\/p>\n","protected":false},"author":1,"featured_media":121022,"comment_status":"closed","ping_status":"open","sticky":false,"template":"","format":"standard","meta":{"footnotes":""},"categories":[31],"tags":[859,4568,1910,1169,13880],"class_list":["post-121021","post","type-post","status-publish","format-standard","has-post-thumbnail","hentry","category-spor","tag-galatasaray","tag-gruplara","tag-sampiyonlar-ligi","tag-teknik","tag-toplamda"],"_links":{"self":[{"href":"https:\/\/haberulus.net\/index.php?rest_route=\/wp\/v2\/posts\/121021","targetHints":{"allow":["GET"]}}],"collection":[{"href":"https:\/\/haberulus.net\/index.php?rest_route=\/wp\/v2\/posts"}],"about":[{"href":"https:\/\/haberulus.net\/index.php?rest_route=\/wp\/v2\/types\/post"}],"author":[{"embeddable":true,"href":"https:\/\/haberulus.net\/index.php?rest_route=\/wp\/v2\/users\/1"}],"replies":[{"embeddable":true,"href":"https:\/\/haberulus.net\/index.php?rest_route=%2Fwp%2Fv2%2Fcomments&post=121021"}],"version-history":[{"count":1,"href":"https:\/\/haberulus.net\/index.php?rest_route=\/wp\/v2\/posts\/121021\/revisions"}],"predecessor-version":[{"id":121023,"href":"https:\/\/haberulus.net\/index.php?rest_route=\/wp\/v2\/posts\/121021\/revisions\/121023"}],"wp:featuredmedia":[{"embeddable":true,"href":"https:\/\/haberulus.net\/index.php?rest_route=\/wp\/v2\/media\/121022"}],"wp:attachment":[{"href":"https:\/\/haberulus.net\/index.php?rest_route=%2Fwp%2Fv2%2Fmedia&parent=121021"}],"wp:term":[{"taxonomy":"category","embeddable":true,"href":"https:\/\/haberulus.net\/index.php?rest_route=%2Fwp%2Fv2%2Fcategories&post=121021"},{"taxonomy":"post_tag","embeddable":true,"href":"https:\/\/haberulus.net\/index.php?rest_route=%2Fwp%2Fv2%2Ftags&post=121021"}],"curies":[{"name":"wp","href":"https:\/\/api.w.org\/{rel}","templated":true}]}}