{"id":121033,"date":"2023-08-30T09:21:59","date_gmt":"2023-08-30T09:21:59","guid":{"rendered":"https:\/\/haberulus.net\/?p=121033"},"modified":"2023-08-30T09:21:59","modified_gmt":"2023-08-30T09:21:59","slug":"10-yil-once-dikilmislerdi-ilk-hasat-yapildi","status":"publish","type":"post","link":"https:\/\/haberulus.net\/?p=121033","title":{"rendered":"10 y\u0131l \u00f6nce dikilmi\u015flerdi, ilk hasat yap\u0131ld\u0131"},"content":{"rendered":"<p>\u0130zmir Orman B\u00f6lge M\u00fcd\u00fcrl\u00fc\u011f\u00fc taraf\u0131ndan Urla il\u00e7esine ba\u011fl\u0131 Demircili Mahallesi\u2019nde sak\u0131z \u00fcretimini \u00f6zendirmek i\u00e7in 10 y\u0131l \u00f6nce dikilen sak\u0131z a\u011fa\u00e7lar\u0131nda ilk hasat yap\u0131ld\u0131.<\/p>\n<p>\u00c7e\u015fme-Urla-Karaburun b\u00f6lgesinde sak\u0131z a\u011fac\u0131 say\u0131s\u0131n\u0131 art\u0131rmak i\u00e7in ba\u015flat\u0131lan proje kapsam\u0131nda 2013\u2019te Urla\u2019n\u0131n Demirci Mahallesi\u2019nde bulunan 6 d\u00f6n\u00fcml\u00fck alana, Orman B\u00f6lge M\u00fcd\u00fcrl\u00fc\u011f\u00fcnce 306 sak\u0131z fidan\u0131 dikildi.<\/p>\n<p><img decoding=\"async\" src=\"https:\/\/i01.sozcucdn.com\/wp-content\/uploads\/2023\/08\/30\/resimid_236212111_23621211.jpg\" alt=\"\" title=\"\"><\/p>\n<p>Her y\u0131l fidanlar\u0131n bak\u0131m\u0131n\u0131 yapan ekipler, bu y\u0131l ilk kez sak\u0131z a\u011fa\u00e7lar\u0131n\u0131n g\u00f6vdelerini \u00e7izerek ilk hasad\u0131 ger\u00e7ekle\u015ftirdi.<\/p>\n<p>\u0130zmir Orman B\u00f6lge M\u00fcd\u00fcr\u00fc Zafer Derince, a\u011fa\u00e7lardan elde edilen sak\u0131z\u0131n gastronomiden kozmeti\u011fe bir\u00e7ok alanda kullan\u0131ld\u0131\u011f\u0131n\u0131, ekonomik getirisinin y\u00fcksek oldu\u011funu s\u00f6yledi.<\/p>\n<p><img decoding=\"async\" src=\"https:\/\/i01.sozcucdn.com\/wp-content\/uploads\/2023\/08\/30\/resimid_236212101_23621210.jpg\" alt=\"\" title=\"\"><\/p>\n<p>D\u00fcnyada en fazla sak\u0131z \u00fcretiminin Yunanistan\u2019\u0131n Sak\u0131z Adas\u0131\u2019nda yap\u0131ld\u0131\u011f\u0131n\u0131, sak\u0131z a\u011fac\u0131n\u0131n \u00c7e\u015fme, Urla ve Karaburun\u2019u kapsayan yar\u0131madan\u0131n da do\u011fal \u00fcr\u00fcn\u00fc oldu\u011funu belirten Derince, \u015f\u00f6yle devam etti:<\/p>\n<p>\u201cBiz de \u00fclkemizde bunu yeti\u015ftirerek ihracata d\u00f6n\u00fck i\u015flemler yapmay\u0131 planl\u0131yoruz. Buradaki en \u00f6nemli husus halk\u0131n bilin\u00e7lendirilmesi ve sak\u0131za sahip \u00e7\u0131kmas\u0131. \u0130zmir B\u00f6lge M\u00fcd\u00fcrl\u00fc\u011f\u00fc hudutlar\u0131nda 60 bin fidan diktik. Bu 60 bin fidandan 25 bini sak\u0131z verimine d\u00f6n\u00fck olarak havai k\u00f6klendirmeyle \u00fcretti\u011fimiz fidanlar. Yani bunlar b\u00fcy\u00fcd\u00fcklerinde direkt sak\u0131z verebilecek. Kalan k\u0131s\u0131m da Atlantik sak\u0131z\u0131 dedi\u011fimiz sak\u0131zlar. Bunlar\u0131 da a\u015f\u0131lama y\u00f6ntemiyle \u00fcr\u00fcn verecek sak\u0131z a\u011fac\u0131 haline getirece\u011fiz.\u201d<\/p>\n<p><img decoding=\"async\" src=\"https:\/\/i01.sozcucdn.com\/wp-content\/uploads\/2023\/08\/30\/resimid_236212901_23621290.jpg\" alt=\"\" title=\"\"><\/p>\n<p>Sak\u0131z a\u011fa\u00e7lar\u0131nda ilk \u00fcr\u00fcn\u00fcn, fidan olarak dikildikten 4-5 y\u0131l sonra al\u0131nabildi\u011fini, a\u011fa\u00e7lar\u0131n 10-15 ya\u015flar\u0131ndan itibaren 300-350 gram civar\u0131nda \u00fcr\u00fcn verdi\u011fini dile getiren Derince, \u201cSak\u0131z a\u011fac\u0131 konusunda art\u0131k uzmanla\u015ft\u0131k. Vatanda\u015flar\u0131m\u0131z en yak\u0131n Orman te\u015fkilat\u0131na giderek oradan sak\u0131z a\u011fac\u0131 fidan\u0131 nas\u0131l temin edilir, sak\u0131z nas\u0131l \u00fcretilir bunlar\u0131 \u00f6\u011frenebilirler ve bo\u015f bulduklar\u0131 alanlara bu \u2018alt\u0131n damlayan\u2019 a\u011fac\u0131 dikebilirler.\u201d dedi.<\/p>\n<p>Sak\u0131z a\u011fac\u0131 yeti\u015ftiricili\u011fine Tar\u0131m ve Orman Bakanl\u0131\u011f\u0131n\u0131n b\u00fcy\u00fck \u00f6nem verdi\u011fini ve her t\u00fcrl\u00fc deste\u011fi sa\u011flad\u0131\u011f\u0131n\u0131 aktaran Derince, vatanda\u015flar\u0131 sak\u0131z a\u011fac\u0131 dikmeye davet etti. (AA)<\/p>\n","protected":false},"excerpt":{"rendered":"<p>Urla&#8217;da 10 y\u0131l \u00f6nce dikilen sak\u0131z a\u011fa\u00e7lar\u0131nda ilk hasat ger\u00e7ekle\u015ftir.<\/p>\n","protected":false},"author":1,"featured_media":121034,"comment_status":"closed","ping_status":"open","sticky":false,"template":"","format":"standard","meta":{"footnotes":""},"categories":[33],"tags":[158,9754,539,7856],"class_list":["post-121033","post","type-post","status-publish","format-standard","has-post-thumbnail","hentry","category-yasam","tag-bolge","tag-fidan","tag-orman","tag-sakiz"],"_links":{"self":[{"href":"https:\/\/haberulus.net\/index.php?rest_route=\/wp\/v2\/posts\/121033","targetHints":{"allow":["GET"]}}],"collection":[{"href":"https:\/\/haberulus.net\/index.php?rest_route=\/wp\/v2\/posts"}],"about":[{"href":"https:\/\/haberulus.net\/index.php?rest_route=\/wp\/v2\/types\/post"}],"author":[{"embeddable":true,"href":"https:\/\/haberulus.net\/index.php?rest_route=\/wp\/v2\/users\/1"}],"replies":[{"embeddable":true,"href":"https:\/\/haberulus.net\/index.php?rest_route=%2Fwp%2Fv2%2Fcomments&post=121033"}],"version-history":[{"count":1,"href":"https:\/\/haberulus.net\/index.php?rest_route=\/wp\/v2\/posts\/121033\/revisions"}],"predecessor-version":[{"id":121035,"href":"https:\/\/haberulus.net\/index.php?rest_route=\/wp\/v2\/posts\/121033\/revisions\/121035"}],"wp:featuredmedia":[{"embeddable":true,"href":"https:\/\/haberulus.net\/index.php?rest_route=\/wp\/v2\/media\/121034"}],"wp:attachment":[{"href":"https:\/\/haberulus.net\/index.php?rest_route=%2Fwp%2Fv2%2Fmedia&parent=121033"}],"wp:term":[{"taxonomy":"category","embeddable":true,"href":"https:\/\/haberulus.net\/index.php?rest_route=%2Fwp%2Fv2%2Fcategories&post=121033"},{"taxonomy":"post_tag","embeddable":true,"href":"https:\/\/haberulus.net\/index.php?rest_route=%2Fwp%2Fv2%2Ftags&post=121033"}],"curies":[{"name":"wp","href":"https:\/\/api.w.org\/{rel}","templated":true}]}}