{"id":121039,"date":"2023-08-30T09:35:02","date_gmt":"2023-08-30T09:35:02","guid":{"rendered":"https:\/\/haberulus.net\/?p=121039"},"modified":"2023-08-30T09:35:02","modified_gmt":"2023-08-30T09:35:02","slug":"rus-profesorden-bomba-prigojin-iddiasi-hayatta-ve-intikamini-planliyor","status":"publish","type":"post","link":"https:\/\/haberulus.net\/?p=121039","title":{"rendered":"Rus profes\u00f6rden bomba Prigojin iddias\u0131: Hayatta ve intikam\u0131n\u0131 planl\u0131yor"},"content":{"rendered":"<p>Paral\u0131 asker grubu Wagner&#8217;in kurucusu ve lideri Yevgeni Prigojin&#8217;in ge\u00e7en hafta yolculuk etti\u011fi u\u00e7a\u011f\u0131n d\u00fc\u015fmesiyle birlikte 10 ki\u015fiyle \u00f6lmesi tart\u0131\u015fma konusu olmaya devam ediyor. Prigojin&#8217;in \u00f6lmedi\u011fine y\u00f6nelik iddialara bir yenisi daha eklendi. Rusya&#8217;da &#8220;Komplo teorisyeni&#8221; olarak da bilinen siyaset bilimci Valery Solovey, Prigojin&#8217;in u\u00e7akta dubl\u00f6r\u00fcn\u00fc kulland\u0131\u011f\u0131n\u0131 ve hayatta oldu\u011funu \u00f6ne s\u00fcrd\u00fc. Rus uzman, Putin&#8217;in de bu durumun fark\u0131nda oldu\u011funu iddia ederek Prigojin&#8217;in intikam alabilece\u011fini dile getirdi.<\/p>\n<p><b>&#8220;ENKAZDA PR\u0130GOJ\u0130N&#8217;\u0130N DNA&#8217;SI BULUNMADI&#8221; <\/b><\/p>\n<p>Moskova&#8217;n\u0131n \u00f6nemli kurumlar\u0131ndan Uluslararas\u0131 \u0130li\u015fkiler Enstit\u00fcs\u00fc&#8217;n\u00fcn eski profes\u00f6r\u00fc olan ve \u00e7ok say\u0131da casus ve diplomat yeti\u015ftiren Dr. Solovey, &#8220;Rus yetkililer enkaz alan\u0131nda Prigojin&#8217;in DNA&#8217;s\u0131n\u0131 bulmad\u0131. U\u00e7ak i\u00e7eriden patlamad\u0131&#8221; ifadesini kulland\u0131. <\/p>\n<p><b>1.7 M\u0130LYAR DOLARLIK B\u0130TCO\u0130N<\/b><\/p>\n<p>Prigojin&#8217;in 1.7 milyar dolarl\u0131k Bitcoin&#8217;e eri\u015fimi oldu\u011funu hat\u0131rlatan Solovey, Prigojin&#8217;in bunu tekrar sald\u0131rmak i\u00e7in kullanaca\u011f\u0131n\u0131 da \u00f6ne s\u00fcrd\u00fc. <\/p>\n<p><img decoding=\"async\" src=\"https:\/\/i.hbrcdn.com\/haber\/2023\/08\/30\/rus-profesorden-bomba-prigojin-iddiasi-hayatta-16276612_7214_m.jpg\" alt=\"\" title=\"\"><\/p>\n<p><b>DUBL\u00d6R\u00dcN PASAPORTU PAYLA\u015eILDI<\/b><\/p>\n<p>\u00d6te yandan sosyal medyada da Prigojin&#8217;in dubl\u00f6r\u00fcne ait oldu\u011fu belirtilen pasaportlar ve g\u00f6r\u00fcnt\u00fcler payla\u015f\u0131ld\u0131. Prigojin&#8217;in Afrika ve Orta Do\u011fu&#8217;da s\u0131k s\u0131k peruk ve takma sakal kullanarak ya\u015fad\u0131\u011f\u0131 hat\u0131rlat\u0131ld\u0131. Rusya&#8217;da yayg\u0131n olarak kullan\u0131lan sosyal payla\u015f\u0131m platformu Telegram&#8217;da yap\u0131lan bir ankete kat\u0131lanlar\u0131n y\u00fczde 38&#8217;i Prigojin&#8217;in halen hayatta oldu\u011funu d\u00fc\u015f\u00fcn\u00fcyor. <\/p>\n<p><img decoding=\"async\" src=\"https:\/\/i.hbrcdn.com\/haber\/2023\/08\/30\/rus-profesorden-bomba-prigojin-iddiasi-hayatta-16276612_5938_m.jpg\" alt=\"\" title=\"\"><\/p>\n<p><b>NE OLMU\u015eTU?<\/b><\/p>\n<p>Rusya Acil Durumlar Bakanl\u0131\u011f\u0131, ge\u00e7en hafta \u00fclkenin Tver b\u00f6lgesinde \u00f6zel jetin d\u00fc\u015fmesi sonucu 10 ki\u015finin \u00f6ld\u00fc\u011f\u00fcn\u00fc bildirmi\u015fti. Rusya Federal Hava Ta\u015f\u0131mac\u0131l\u0131\u011f\u0131 Ajans\u0131 (Rosaviatsiya), d\u00fc\u015fen u\u00e7akta \u00f6lenlerin aras\u0131nda Wagner&#8217;in kurucusu Yevgeniy Prigojin&#8217;in de bulundu\u011funu a\u00e7\u0131klam\u0131\u015ft\u0131. Wagner&#8217;e yak\u0131nl\u0131\u011f\u0131yla bilinen baz\u0131 Telegram kanallar\u0131nda, u\u00e7a\u011f\u0131n Rus ordusuna ait savunma sistemlerince d\u00fc\u015f\u00fcr\u00fcld\u00fc\u011f\u00fc \u00f6ne s\u00fcr\u00fclm\u00fc\u015ft\u00fc.<\/p>\n<p>Prigojin, beraberindeki paral\u0131 sava\u015f\u00e7\u0131larla 24 Haziran&#8217;da Rus y\u00f6netimine kar\u015f\u0131 silahl\u0131 isyan ba\u015flatm\u0131\u015ft\u0131. \u0130syan, Belarus Cumhurba\u015fkan\u0131 Aleksandr Luka\u015fenko&#8217;nun araya girmesiyle sona ermi\u015fti.<\/p>\n","protected":false},"excerpt":{"rendered":"<p>Rusya&#8217;da &#8220;Komplo teorileriyle&#8221; tan\u0131nan siyaset bilimci Valery Solovey, Wagner lideri Prigojin ile ilgili \u00e7ok konu\u015fulacak bir iddia ortaya att\u0131. Prigojinin \u00f6lmedi\u011fini u\u00e7ak kazas\u0131nda dubl\u00f6r\u00fcn\u00fc kulland\u0131\u011f\u0131n\u0131 belirten Solovey, Prigojin&#8217;in intikam alabilece\u011fini s\u00f6yledi.<\/p>\n","protected":false},"author":1,"featured_media":121040,"comment_status":"closed","ping_status":"open","sticky":false,"template":"","format":"standard","meta":{"footnotes":""},"categories":[28],"tags":[69],"class_list":["post-121039","post","type-post","status-publish","format-standard","has-post-thumbnail","hentry","category-politika","tag-rus"],"_links":{"self":[{"href":"https:\/\/haberulus.net\/index.php?rest_route=\/wp\/v2\/posts\/121039","targetHints":{"allow":["GET"]}}],"collection":[{"href":"https:\/\/haberulus.net\/index.php?rest_route=\/wp\/v2\/posts"}],"about":[{"href":"https:\/\/haberulus.net\/index.php?rest_route=\/wp\/v2\/types\/post"}],"author":[{"embeddable":true,"href":"https:\/\/haberulus.net\/index.php?rest_route=\/wp\/v2\/users\/1"}],"replies":[{"embeddable":true,"href":"https:\/\/haberulus.net\/index.php?rest_route=%2Fwp%2Fv2%2Fcomments&post=121039"}],"version-history":[{"count":1,"href":"https:\/\/haberulus.net\/index.php?rest_route=\/wp\/v2\/posts\/121039\/revisions"}],"predecessor-version":[{"id":121041,"href":"https:\/\/haberulus.net\/index.php?rest_route=\/wp\/v2\/posts\/121039\/revisions\/121041"}],"wp:featuredmedia":[{"embeddable":true,"href":"https:\/\/haberulus.net\/index.php?rest_route=\/wp\/v2\/media\/121040"}],"wp:attachment":[{"href":"https:\/\/haberulus.net\/index.php?rest_route=%2Fwp%2Fv2%2Fmedia&parent=121039"}],"wp:term":[{"taxonomy":"category","embeddable":true,"href":"https:\/\/haberulus.net\/index.php?rest_route=%2Fwp%2Fv2%2Fcategories&post=121039"},{"taxonomy":"post_tag","embeddable":true,"href":"https:\/\/haberulus.net\/index.php?rest_route=%2Fwp%2Fv2%2Ftags&post=121039"}],"curies":[{"name":"wp","href":"https:\/\/api.w.org\/{rel}","templated":true}]}}