{"id":121042,"date":"2023-08-30T09:35:03","date_gmt":"2023-08-30T09:35:03","guid":{"rendered":"https:\/\/haberulus.net\/?p=121042"},"modified":"2023-08-30T09:35:03","modified_gmt":"2023-08-30T09:35:03","slug":"hamsi-ve-luferde-bolluk-beklentisi","status":"publish","type":"post","link":"https:\/\/haberulus.net\/?p=121042","title":{"rendered":"Hamsi ve l\u00fcferde bolluk beklentisi"},"content":{"rendered":"<p>Su \u00dcr\u00fcnleri Kooperatifleri Merkez Birli\u011fi Y\u00f6netim Kurulu Ba\u015fkan\u0131 Ramazan \u00d6zkaya, bal\u0131k\u00e7\u0131lar\u0131n yeni av sezonu i\u00e7in haz\u0131rl\u0131klar\u0131n\u0131 tamamlad\u0131klar\u0131n\u0131 belirterek, \u201cBu sene palamut fazla yok ancak hamsimiz ve l\u00fcferimiz \u00e7ok iyi olacak\u201d dedi.<\/p>\n<p>\u00d6zkaya, AA muhabirine, 1 Eyl\u00fcl itibar\u0131yla denizlerde ba\u015flayacak av sezonuna ili\u015fkin de\u011ferlendirmede bulundu.<\/p>\n<p>Bal\u0131k\u00e7\u0131lar\u0131n bayram\u0131n\u0131n 1 Eyl\u00fcl oldu\u011funu dile getiren \u00d6zkaya, \u201cB\u00fct\u00fcn bal\u0131k\u00e7\u0131lar yeni av sezonu i\u00e7in haz\u0131rl\u0131klar\u0131n\u0131 tamamlad\u0131. Bal\u0131k\u00e7\u0131lar\u0131m\u0131z vatanda\u015fa ucuz bal\u0131k yedirmeye ba\u015flayacaklar.\u201d ifadesini kulland\u0131.<\/p>\n<p>\u00d6zkaya, denizlerde \u00f6zellikle baz\u0131 bal\u0131klar\u0131n bolla\u015ft\u0131\u011f\u0131 bilgisini vererek, \u201cBu sene palamut fazla yok ancak hamsimiz ve l\u00fcferimiz \u00e7ok iyi olacak. Marmara\u2019daki hamsilerde boy sorunu olabilir. Boy sorunu bitti\u011finde vatanda\u015f\u0131m\u0131z bol bol hamsi yiyecek.\u201d diye konu\u015ftu.<\/p>\n<p><b>KOTA VE B\u00d6LGESEL BALIK\u00c7ILIK \u00d6NER\u0130S\u0130<\/b><\/p>\n<p>Denizlerde stoklara dikkat edilmesi gerekti\u011fine i\u015faret eden \u00d6zkaya, denizlerin gelecek nesillere b\u0131rak\u0131laca\u011f\u0131 unutulmadan avc\u0131l\u0131k yap\u0131lmas\u0131 gerekti\u011fini bildirdi. \u00d6zkaya, bal\u0131k\u00e7\u0131lar\u0131n yenilenebilir bir kaynak kulland\u0131\u011f\u0131n\u0131 belirterek \u015funlar\u0131 kaydetti:<\/p>\n<p>\u201cBal\u0131k\u00e7\u0131lar\u0131m\u0131z\u0131n denizlerden bal\u0131k \u00e7ekerken dikkatli olmas\u0131 laz\u0131m. Stoklara zarar vermeden bal\u0131k\u00e7\u0131l\u0131k yap\u0131lmas\u0131 i\u00e7in kota ve b\u00f6lgesel bal\u0131k\u00e7\u0131l\u0131\u011f\u0131n hayata ge\u00e7irilmesini istiyoruz. Bal\u0131k\u00e7\u0131lar\u0131m\u0131z bu sayede belirlenen bal\u0131\u011f\u0131 yakalad\u0131ktan sonra \u00e7ocu\u011fuyla vakit ge\u00e7irebilecek. B\u00f6ylece stoklar \u00fczerinde bask\u0131 azalacak. Bunu yapabilirsek \u015fu an azalma e\u011filiminde olan stoklar\u0131m\u0131z \u00f6nce yatay seviyeye gelir, sonra y\u00fckselmeye ba\u015flar.\u201d<\/p>\n<p>Vatanda\u015flar\u0131n da bal\u0131k al\u0131rken boylar\u0131na dikkat etmesi gerekti\u011fini vurgulayan \u00d6zkaya, bu konuda gelecek uyar\u0131 ve \u015fikayetlerin \u00e7ok \u00f6nemli oldu\u011funu dile getirdi.<\/p>\n<p><b>DEPREMZEDE BALIK\u00c7ILAR SEZONA HAZIRLANMAYA \u00c7ALI\u015eIYOR<\/b><\/p>\n<p>6 \u015eubat\u2019ta meydana gelen Kahramanmara\u015f merkezli depremlerden etkilenen bal\u0131k\u00e7\u0131lar\u0131n yaralar\u0131n\u0131 sarmaya ve yeni sezona haz\u0131rlanmaya \u00e7al\u0131\u015ft\u0131\u011f\u0131na i\u015faret eden \u00d6zkaya, b\u00f6lgedeki bal\u0131k\u00e7\u0131lara ayr\u0131ca destek verildi\u011fini an\u0131msatt\u0131.<\/p>\n<p>\u00d6zkaya, T\u00fcrkiye\u2019de y\u0131lda 370 bin ton bal\u0131k avland\u0131\u011f\u0131n\u0131, sekt\u00f6rde do\u011frudan 60 bin ki\u015finin \u00e7al\u0131\u015ft\u0131\u011f\u0131n\u0131 ve ekonomiye b\u00fcy\u00fck katk\u0131lar sa\u011fland\u0131\u011f\u0131n\u0131 da s\u00f6zlerine ekledi. (AA)<\/p>\n","protected":false},"excerpt":{"rendered":"<p>1 Eyl\u00fcl itibar\u0131yla denizlerde av sezonu ba\u015flayacak. Bu y\u0131l palamudun az, hamsi ve l\u00fcferin ise bol olmas\u0131 bekleniyor.<\/p>\n","protected":false},"author":1,"featured_media":121043,"comment_status":"closed","ping_status":"open","sticky":false,"template":"","format":"standard","meta":{"footnotes":""},"categories":[25],"tags":[2214,1663,13874],"class_list":["post-121042","post","type-post","status-publish","format-standard","has-post-thumbnail","hentry","category-ekonomi","tag-balik","tag-balikcilar","tag-ozkaya"],"_links":{"self":[{"href":"https:\/\/haberulus.net\/index.php?rest_route=\/wp\/v2\/posts\/121042","targetHints":{"allow":["GET"]}}],"collection":[{"href":"https:\/\/haberulus.net\/index.php?rest_route=\/wp\/v2\/posts"}],"about":[{"href":"https:\/\/haberulus.net\/index.php?rest_route=\/wp\/v2\/types\/post"}],"author":[{"embeddable":true,"href":"https:\/\/haberulus.net\/index.php?rest_route=\/wp\/v2\/users\/1"}],"replies":[{"embeddable":true,"href":"https:\/\/haberulus.net\/index.php?rest_route=%2Fwp%2Fv2%2Fcomments&post=121042"}],"version-history":[{"count":1,"href":"https:\/\/haberulus.net\/index.php?rest_route=\/wp\/v2\/posts\/121042\/revisions"}],"predecessor-version":[{"id":121044,"href":"https:\/\/haberulus.net\/index.php?rest_route=\/wp\/v2\/posts\/121042\/revisions\/121044"}],"wp:featuredmedia":[{"embeddable":true,"href":"https:\/\/haberulus.net\/index.php?rest_route=\/wp\/v2\/media\/121043"}],"wp:attachment":[{"href":"https:\/\/haberulus.net\/index.php?rest_route=%2Fwp%2Fv2%2Fmedia&parent=121042"}],"wp:term":[{"taxonomy":"category","embeddable":true,"href":"https:\/\/haberulus.net\/index.php?rest_route=%2Fwp%2Fv2%2Fcategories&post=121042"},{"taxonomy":"post_tag","embeddable":true,"href":"https:\/\/haberulus.net\/index.php?rest_route=%2Fwp%2Fv2%2Ftags&post=121042"}],"curies":[{"name":"wp","href":"https:\/\/api.w.org\/{rel}","templated":true}]}}