{"id":121084,"date":"2023-08-30T10:05:07","date_gmt":"2023-08-30T10:05:07","guid":{"rendered":"https:\/\/haberulus.net\/?p=121084"},"modified":"2023-08-30T10:05:07","modified_gmt":"2023-08-30T10:05:07","slug":"68-ve-64-yasindaki-dagcilar-genclere-tas-cikartiyor","status":"publish","type":"post","link":"https:\/\/haberulus.net\/?p=121084","title":{"rendered":"68 ve 64 ya\u015f\u0131ndaki da\u011fc\u0131lar gen\u00e7lere ta\u015f \u00e7\u0131kart\u0131yor"},"content":{"rendered":"<p>Mu\u011fla\u2019da ya\u015fayan 68 ya\u015f\u0131ndaki Melih A\u011f\u0131ro\u011flu ile Antalya\u2019da ikamet eden 64 ya\u015f\u0131ndaki Kemal Erece ve Zerrin Ezgin, ilerleyen ya\u015flar\u0131na ra\u011fmen kuvvet ve kondisyon gerektiren da\u011fc\u0131l\u0131k sporundan vazge\u00e7miyor.<\/p>\n<p>Yurdun bir\u00e7ok noktas\u0131nda t\u0131rman\u0131\u015flar ger\u00e7ekle\u015ftiren da\u011fc\u0131lar, son olarak birlikte 5137 rak\u0131m\u0131yla yurdun en y\u00fcksek noktas\u0131 olan A\u011fr\u0131 Da\u011f\u0131\u2019nda 4 g\u00fcnde zirve yapt\u0131.<\/p>\n<p>Azimleriyle takdir toplayan da\u011fc\u0131lar, sporla sa\u011fl\u0131kl\u0131 ve din\u00e7 kalmay\u0131 ama\u00e7l\u0131yor.<\/p>\n<p><img decoding=\"async\" src=\"https:\/\/i01.sozcucdn.com\/wp-content\/uploads\/2023\/08\/30\/d1.jpeg\" alt=\"\" title=\"\"><\/p>\n<p><strong>\u201cS\u0130GARA KULLANMADI\u011eIM \u0130\u00c7\u0130N FAZLA ZORLANMADIM\u201d \u00a0<\/strong><\/p>\n<p>Melih A\u011f\u0131ro\u011flu, emekli olduktan sonra Mu\u011fla\u2019n\u0131n Milas il\u00e7esine yerle\u015ferek spora ba\u015flad\u0131\u011f\u0131n\u0131 s\u00f6yledi.<\/p>\n<p>10 y\u0131ld\u0131r sporla u\u011fra\u015ft\u0131\u011f\u0131n\u0131 ifade eden A\u011f\u0131ro\u011flu, \u015f\u00f6yle konu\u015ftu:<\/p>\n<p>\u201cA\u011fr\u0131 Da\u011f\u0131\u2019na 2 defa t\u0131rman\u0131\u015f yapt\u0131m. Merak etti\u011fim bir da\u011fd\u0131. Ba\u015fka da\u011flar\u0131 da g\u00f6rd\u00fcm ama buran\u0131n bende \u00f6zel bir yeri vard\u0131. Buraya geldi\u011fime memnun oldum. Ya\u015f\u0131m da ilerlemi\u015f ama ilk iki kamp alan\u0131na kadar kolayl\u0131kla geldim. 4200 kamp\u0131ndan zirveye do\u011fru biraz daha zorluydu. Hayat\u0131m boyunca sigara kullanmad\u0131\u011f\u0131m i\u00e7in \u00e7ok fazla da zorlanmad\u0131m. Zirveye ula\u015f\u0131nca \u00e7ok g\u00fczel duygular hissettim. Farkl\u0131 \u00fclkelerden \u00e7ok say\u0131da turistin buray\u0131 yo\u011fun \u015fekilde ziyaret etti\u011fini g\u00f6rd\u00fcm. 68 ya\u015f\u0131nday\u0131m ve \u00f6zellikle emekli insanlar\u0131n sporla u\u011fra\u015fmalar\u0131n\u0131 tavsiye ediyorum.\u201d<\/p>\n<p><img decoding=\"async\" src=\"https:\/\/i01.sozcucdn.com\/wp-content\/uploads\/2023\/08\/30\/d2.jpeg\" alt=\"\" title=\"\"><\/p>\n<p><strong>\u201cYA\u015e \u00d6NEML\u0130 DE\u011e\u0130L\u201d<\/strong><\/p>\n<p>Kemal Erece ise 18 y\u0131ld\u0131r do\u011fa sporlar\u0131yla ilgilendi\u011fini anlatt\u0131.<\/p>\n<p>Sporun ya\u015fam bi\u00e7imi haline geldi\u011fini belirten Erece, \u015funlar\u0131 s\u00f6yledi:<\/p>\n<p>\u201c18 y\u0131ld\u0131r ya\u015fam tarz\u0131m\u0131z da\u011flar ve do\u011fayla \u00f6zde\u015fle\u015fti. A\u011fr\u0131 Da\u011f\u0131\u2019na ilk defa 2008 y\u0131l\u0131nda \u00e7\u0131kt\u0131m. Kamp alan\u0131 daha yukar\u0131dayd\u0131. 2 sene \u00f6nce de geldi\u011fimde f\u0131rt\u0131na nedeniyle 4900 rak\u0131mda geri d\u00f6nd\u00fck ama 20 g\u00fcn sonra tekrar zirve yapt\u0131k. A\u011fr\u0131 Da\u011f\u0131\u2019na 4. zirvemi yapt\u0131m. Ya\u015f\u0131m 64, yolun yar\u0131s\u0131n\u0131 4 ge\u00e7tim. Ya\u015f \u00f6nemli de\u011fil, \u00f6nemli olan insan\u0131n kendisine iyi bakmas\u0131d\u0131r. Zor, insan\u0131n kendisindedir. Tek rakibin kendinsin, kendinle m\u00fccadele edersin. E\u011fer azimliysen yava\u015f yava\u015f \u00e7\u0131kars\u0131n. Hedefin belli zaten, kimse madalya vermiyor.\u201d<\/p>\n<p><img decoding=\"async\" src=\"https:\/\/i01.sozcucdn.com\/wp-content\/uploads\/2023\/08\/30\/d4.jpeg\" alt=\"\" title=\"\"><br \/><strong>\u201cZ\u0130RVEDE NEREDEYSE A\u011eLAYACAKTIM\u201d<\/strong><\/p>\n<p>Spor sayesinde \u00e7ok din\u00e7 oldu\u011funu vurgulayan Erece, \u201cZirvede neredeyse a\u011flayacakt\u0131m. Herkesin yapamad\u0131\u011f\u0131n\u0131 yapabilmek ve sa\u011fl\u0131kl\u0131 olabilmek \u00e7ok g\u00fczel bir \u015fey. Ge\u00e7enlerde arkada\u015flar \u2018ya zirvede \u015fak\u0131r \u015fak\u0131r para m\u0131 da\u011f\u0131t\u0131yorlar\u2019 dedi. Ben de \u2018\u015fak\u0131r \u015fak\u0131r kazand\u0131\u011f\u0131m\u0131z paralar\u0131 oraya yemeye gidiyoruz\u2019 dedim. Yani doktora verece\u011fimiz paray\u0131 buralara veriyoruz. Sa\u011fl\u0131kl\u0131 bir \u015fekilde hayat\u0131m\u0131z\u0131 devam ettiriyoruz.\u201d dedi.<\/p>\n<p>Zerrin Ezgin de 12 y\u0131ld\u0131r \u00e7e\u015fitli spor faaliyetleri ve da\u011fc\u0131l\u0131k yapt\u0131\u011f\u0131ndan bahsetti.<\/p>\n<p>A\u011fr\u0131 Da\u011f\u0131\u2019n\u0131n zirvesine \u00e7\u0131kman\u0131n \u00e7ok keyifli oldu\u011funu dile getiren Ezgin, \u201cHaz duyuyorsun. Bir \u015feyi ba\u015farman\u0131n sevincini ya\u015f\u0131yorsun. \u0130lkokuldan beri b\u00fct\u00fcn co\u011frafya kitaplar\u0131nda okudu\u011fum T\u00fcrkiye\u2019nin dam\u0131 denilen yerin zirvesine \u00e7\u0131km\u0131\u015f\u0131z, hayal gibi. \u0130lk \u00e7\u0131kt\u0131\u011f\u0131mda h\u00fcng\u00fcr h\u00fcng\u00fcr a\u011flam\u0131\u015ft\u0131m. Bizi g\u00f6rd\u00fcklerinde baz\u0131s\u0131 \u015fa\u015f\u0131r\u0131yor, takdir edenler oluyor. Baz\u0131lar\u0131 da \u2018Ne i\u015finiz var, ne yap\u0131yorsunuz orada.\u2019 diyor. Spor benim i\u00e7in hayat ve ya\u015fam felsefesidir\u201d diye konu\u015ftu. (AA)<\/p>\n","protected":false},"excerpt":{"rendered":"<p>Spor sayesinde din\u00e7 kalan 68 ve 64 ya\u015flar\u0131ndaki \u00fc\u00e7 da\u011fc\u0131, yapt\u0131klar\u0131 zorlu zirve t\u0131rman\u0131\u015flar\u0131yla dikkati \u00e7ekiyor.<\/p>\n","protected":false},"author":1,"featured_media":121085,"comment_status":"closed","ping_status":"open","sticky":false,"template":"","format":"standard","meta":{"footnotes":""},"categories":[33],"tags":[4109,551,556,2377],"class_list":["post-121084","post","type-post","status-publish","format-standard","has-post-thumbnail","hentry","category-yasam","tag-agri","tag-spor","tag-yas","tag-zirve"],"_links":{"self":[{"href":"https:\/\/haberulus.net\/index.php?rest_route=\/wp\/v2\/posts\/121084","targetHints":{"allow":["GET"]}}],"collection":[{"href":"https:\/\/haberulus.net\/index.php?rest_route=\/wp\/v2\/posts"}],"about":[{"href":"https:\/\/haberulus.net\/index.php?rest_route=\/wp\/v2\/types\/post"}],"author":[{"embeddable":true,"href":"https:\/\/haberulus.net\/index.php?rest_route=\/wp\/v2\/users\/1"}],"replies":[{"embeddable":true,"href":"https:\/\/haberulus.net\/index.php?rest_route=%2Fwp%2Fv2%2Fcomments&post=121084"}],"version-history":[{"count":1,"href":"https:\/\/haberulus.net\/index.php?rest_route=\/wp\/v2\/posts\/121084\/revisions"}],"predecessor-version":[{"id":121086,"href":"https:\/\/haberulus.net\/index.php?rest_route=\/wp\/v2\/posts\/121084\/revisions\/121086"}],"wp:featuredmedia":[{"embeddable":true,"href":"https:\/\/haberulus.net\/index.php?rest_route=\/wp\/v2\/media\/121085"}],"wp:attachment":[{"href":"https:\/\/haberulus.net\/index.php?rest_route=%2Fwp%2Fv2%2Fmedia&parent=121084"}],"wp:term":[{"taxonomy":"category","embeddable":true,"href":"https:\/\/haberulus.net\/index.php?rest_route=%2Fwp%2Fv2%2Fcategories&post=121084"},{"taxonomy":"post_tag","embeddable":true,"href":"https:\/\/haberulus.net\/index.php?rest_route=%2Fwp%2Fv2%2Ftags&post=121084"}],"curies":[{"name":"wp","href":"https:\/\/api.w.org\/{rel}","templated":true}]}}