{"id":121102,"date":"2023-08-30T10:21:05","date_gmt":"2023-08-30T10:21:05","guid":{"rendered":"https:\/\/haberulus.net\/?p=121102"},"modified":"2023-08-30T10:21:05","modified_gmt":"2023-08-30T10:21:05","slug":"suriyede-yerel-asiretler-pkkya-karsi-ayaklandi","status":"publish","type":"post","link":"https:\/\/haberulus.net\/?p=121102","title":{"rendered":"Suriye\u2019de yerel a\u015firetler PKK\u2019ya kar\u015f\u0131 ayakland\u0131"},"content":{"rendered":"<p>Ter\u00f6r \u00f6rg\u00fct\u00fc PKK-YPG&#8217;nin i\u015fgali alt\u0131ndaki Suriye&#8217;nin Haseki vilayetine ba\u011fl\u0131 Kam\u0131\u015fl\u0131, Deyrizor&#8217;a ba\u011fl\u0131 petrol yataklar\u0131n\u0131n bulundu\u011fu El \u00d6mer, Koniko ve El Hol b\u00f6lgelerinde 15-17 A\u011fustos tarihlerinde ABD askerleriyle s\u00f6zde Suriye Demokratik G\u00fc\u00e7leri\u2019ne (SDG) ba\u011fl\u0131 ter\u00f6ristler a\u011f\u0131r silahlarla ortak tatbikat ger\u00e7ekle\u015ftirdi.<\/p>\n<p>Bu tatbikat T\u00fcrkiye&#8217;nin tepkisine neden olurken, bir tepki de ayn\u0131 b\u00f6lgedeki yerel halktan geldi. Deyrizor b\u00f6lgesindeki yerel a\u015firetler PKK-YPG&#8217;ye kar\u015f\u0131 ayakland\u0131. Bu b\u00f6lgede SDG b\u00fcnyesinde g\u00f6rev alan gen\u00e7lerin Deyrizor d\u0131\u015f\u0131ndaki farkl\u0131 b\u00f6lgelere I\u015e\u0130D&#8217;le m\u00fccadele ad\u0131 alt\u0131nda g\u00f6nderilmesine kar\u015f\u0131 \u00e7\u0131kan yerel halk ile SDG&#8217;li ter\u00f6ristler aras\u0131nda \u015fiddetli \u00e7at\u0131\u015fmalar ya\u015fand\u0131.<\/p>\n<p><strong>YEREL A\u015e\u0130RETLER HAREKETE GE\u00c7T\u0130<\/strong><\/p>\n<p>Ter\u00f6r \u00f6rg\u00fct\u00fcn\u00fcn s\u00f6zde karargah\u0131na sald\u0131ran silahl\u0131 gruplarla \u00e7\u0131kan \u00e7at\u0131\u015fmada 12&#8217;si b\u00f6lgedeki yerel a\u015firetlerden, 6&#8217;s\u0131 da SDG&#8217;li olmak \u00fczere 19 ki\u015fi \u00f6ld\u00fc. \u00c7at\u0131\u015fmalar\u0131n fitilini ate\u015fleyen olay ise ge\u00e7ti\u011fimiz g\u00fcnlerde SDG&#8217;ye ba\u011fl\u0131 Deyrizor Askeri Meclis komutan\u0131 Ahmaad Ebu Hewla&#8217;n\u0131n tutuklanmas\u0131 oldu.<\/p>\n<p>ABD ile ortak tatbikattan sonra \u201cG\u00fcvenli\u011fi g\u00fc\u00e7lendirme\u201d ad\u0131 alt\u0131nda Deyrizor&#8217;dan 2.500 silahl\u0131 g\u00fcc\u00fcn farkl\u0131 b\u00f6lgelere kayd\u0131r\u0131lmas\u0131na kar\u015f\u0131 \u00e7\u0131kan Ebu Hewla, sadece Deyrizor b\u00f6lgesini korumakla g\u00f6revli olduklar\u0131n\u0131, ABD-SDG&#8217;nin taleplerine cevap vermeyeceklerine dair ter\u00f6r \u00f6rg\u00fct\u00fcn\u00fcn eleba\u015flar\u0131ndan Ferhad Abdi \u015eahin&#8217;e kar\u015f\u0131 bayrak a\u00e7t\u0131. Bunun \u00fczerine Ebu Hewla pasifize edilerek t\u00fcm yetkileri al\u0131nd\u0131ktan sonra tutukland\u0131.<\/p>\n<p><strong>SDG&#8217;YE A\u0130T T\u00dcM NOKTALARA SALDIRDILAR<\/strong><\/p>\n<p>Bunu \u00f6\u011frenen yerel a\u015firetler de PKK&#8217;n\u0131n s\u00fcrekli zorunlu askerlik, seferberlik ad\u0131 alt\u0131nda silah alt\u0131na ald\u0131\u011f\u0131 gen\u00e7leri Deyrizor d\u0131\u015f\u0131na g\u00f6ndermeye \u00e7al\u0131\u015fmas\u0131na kar\u015f\u0131 olduklar\u0131n\u0131, bu konuda Ebu Hewla&#8217;y\u0131 desteklediklerini ve derhal serbest b\u0131rak\u0131lmas\u0131n\u0131 istediler.<\/p>\n<p>\u0130ki g\u00fcnl\u00fck s\u00fcrenin dolmas\u0131na ra\u011fmen Ebu Hewla b\u0131rak\u0131lmay\u0131nca toplanan silahl\u0131 gruplar SDG&#8217;nin Deyrizor&#8217;un do\u011fusundaki El Basira ana \u00fcs merkezi ile i\u00e7 g\u00fcvenlik noktalar\u0131na sald\u0131rd\u0131. \u0130ki g\u00fcnden beri devam eden \u00e7at\u0131\u015fmalarda ilk belirlemelere g\u00f6re 19 ki\u015fi hayat\u0131n\u0131 kaybetti. Olaylar\u0131n giderek t\u0131rmanmas\u0131 \u00fczerine \u015eeddadi ve I\u015e\u0130D&#8217;li ter\u00f6ristler ile ailelerinin rehin tutuldu\u011fu El Hol b\u00f6lgesinde soka\u011fa \u00e7\u0131kma yasa\u011f\u0131 ilan edildi.<\/p>\n<p>Yerel a\u015firetlerin \u00e7ok say\u0131da SDG&#8217;li ter\u00f6risti de sa\u011f yakalay\u0131p silahlar\u0131na el koyduklar\u0131 bildirildi. A\u015firet \u00fcyeleri Ebu Hewla serbest b\u0131rak\u0131lana kadar SDG&#8217;yi do\u011frudan d\u00fc\u015fman kabul edip hedef alacaklar\u0131n\u0131 duyurdu.<\/p>\n<p><strong>T\u00dcM\u00dc ARAPLARDAN OLU\u015eUYOR<\/strong><\/p>\n<p>ABD&#8217;nin g\u00fcd\u00fcm\u00fcnde hareket eden SDG ise, ter\u00f6r \u00f6rg\u00fct\u00fc I\u015e\u0130D&#8217;in yeni liderini belirledikten sonra bir\u00e7ok b\u00f6lgede sald\u0131r\u0131 haz\u0131rl\u0131\u011f\u0131 yapt\u0131\u011f\u0131na dair al\u0131nan bilgiler \u00fczerine silahl\u0131 g\u00fc\u00e7lerini farkl\u0131 b\u00f6lgelere kayd\u0131rd\u0131klar\u0131n\u0131 duyurdu.<\/p>\n<p>SDG&#8217;nin tutuklad\u0131\u011f\u0131 Ebu Hewla liderli\u011findeki Deyrizor Askeri Meclisi SDG b\u00fcnyesinde faaliyet y\u00fcr\u00fct\u00fcrken, t\u00fcm sava\u015f\u00e7\u0131 kadrolar\u0131 Araplardan olu\u015fuyor. Ebu Hewla&#8217;dan 2.500 sava\u015f\u00e7\u0131 isteyen SDG\u2019nin buna ret cevab\u0131 ald\u0131\u011f\u0131 i\u00e7in Hewla&#8217;y\u0131 tutuklad\u0131\u011f\u0131 bildirildi.<\/p>\n","protected":false},"excerpt":{"rendered":"<p>Suriye\u2019nin kuzeyindeki PKK-YPG\u2019li ter\u00f6ristlerin olu\u015fturdu\u011fu s\u00f6zde Suriye Demokratik G\u00fc\u00e7lerine kar\u015f\u0131 ayn\u0131 b\u00f6lgedeki yerel a\u015firetler ayakland\u0131. \u00c7\u0131kan \u00e7at\u0131\u015fmalarda 19 ki\u015finin \u00f6ld\u00fc\u011f\u00fc \u00f6\u011frenildi.<\/p>\n","protected":false},"author":1,"featured_media":121103,"comment_status":"closed","ping_status":"open","sticky":false,"template":"","format":"standard","meta":{"footnotes":""},"categories":[24],"tags":[11,9311,6280,1555,262],"class_list":["post-121102","post","type-post","status-publish","format-standard","has-post-thumbnail","hentry","category-dunya","tag-abd","tag-deyrizor","tag-sdg","tag-silah","tag-teror"],"_links":{"self":[{"href":"https:\/\/haberulus.net\/index.php?rest_route=\/wp\/v2\/posts\/121102","targetHints":{"allow":["GET"]}}],"collection":[{"href":"https:\/\/haberulus.net\/index.php?rest_route=\/wp\/v2\/posts"}],"about":[{"href":"https:\/\/haberulus.net\/index.php?rest_route=\/wp\/v2\/types\/post"}],"author":[{"embeddable":true,"href":"https:\/\/haberulus.net\/index.php?rest_route=\/wp\/v2\/users\/1"}],"replies":[{"embeddable":true,"href":"https:\/\/haberulus.net\/index.php?rest_route=%2Fwp%2Fv2%2Fcomments&post=121102"}],"version-history":[{"count":1,"href":"https:\/\/haberulus.net\/index.php?rest_route=\/wp\/v2\/posts\/121102\/revisions"}],"predecessor-version":[{"id":121104,"href":"https:\/\/haberulus.net\/index.php?rest_route=\/wp\/v2\/posts\/121102\/revisions\/121104"}],"wp:featuredmedia":[{"embeddable":true,"href":"https:\/\/haberulus.net\/index.php?rest_route=\/wp\/v2\/media\/121103"}],"wp:attachment":[{"href":"https:\/\/haberulus.net\/index.php?rest_route=%2Fwp%2Fv2%2Fmedia&parent=121102"}],"wp:term":[{"taxonomy":"category","embeddable":true,"href":"https:\/\/haberulus.net\/index.php?rest_route=%2Fwp%2Fv2%2Fcategories&post=121102"},{"taxonomy":"post_tag","embeddable":true,"href":"https:\/\/haberulus.net\/index.php?rest_route=%2Fwp%2Fv2%2Ftags&post=121102"}],"curies":[{"name":"wp","href":"https:\/\/api.w.org\/{rel}","templated":true}]}}