{"id":121138,"date":"2023-08-30T11:19:02","date_gmt":"2023-08-30T11:19:02","guid":{"rendered":"https:\/\/haberulus.net\/?p=121138"},"modified":"2023-08-30T11:19:02","modified_gmt":"2023-08-30T11:19:02","slug":"istifa-etmemekte-direten-kilicdaroglundan-cok-konusulacak-cikis-partiyi-dagitacak-kadar-sert-bir-baski-altindayiz","status":"publish","type":"post","link":"https:\/\/haberulus.net\/?p=121138","title":{"rendered":"\u0130stifa etmemekte direten K\u0131l\u0131\u00e7daro\u011flu&#8217;ndan \u00e7ok konu\u015fulacak \u00e7\u0131k\u0131\u015f: Partiyi da\u011f\u0131tacak kadar sert bir bask\u0131 alt\u0131nday\u0131z"},"content":{"rendered":"<p>2023 se\u00e7imlerinde ald\u0131klar\u0131 yenilginin ard\u0131ndan CHP&#8217;nin ve Millet \u0130ttifak\u0131&#8217;n\u0131n lideri olarak ele\u015ftiri oklar\u0131n\u0131n hedefi haline gelen Kemal K\u0131l\u0131\u00e7daro\u011flu, ya\u015fanan tart\u0131\u015fmalara ili\u015fkin \u00e7arp\u0131c\u0131 mesajlar verdi. <\/p>\n<p><b>&#8220;PART\u0130Y\u0130 DA\u011eITACAK KADAR SERT B\u0130R BASKI OLU\u015eTU&#8221;<\/b><\/p>\n<p> <strong>Se\u00e7im<\/strong> sonras\u0131 partisine ve kendisine y\u00f6nelik tepkilerle ilgili de\u011ferlendirmelerde bulunan K\u0131l\u0131\u00e7daro\u011flu, &#8220;\u00dczerimizde  <strong>se\u00e7im<\/strong> sonras\u0131 a\u011f\u0131r bir bask\u0131 olu\u015ftu. Partiyi da\u011f\u0131tacak kadar sert bir bask\u0131. Bu hala s\u00fcr\u00fcyor&#8221; dedi. <\/p>\n<p><b>&#8220;SE\u00c7\u0130MDEN SONRA \u00d6ZELE\u015eT\u0130R\u0130 YAPAB\u0130L\u0130RD\u0130K&#8221;<\/b><\/p>\n<p>Oral \u00c7al\u0131\u015flar&#8217;a konu\u015fan K\u0131l\u0131\u00e7daro\u011flu, se\u00e7imden sonra bir \u00f6zele\u015ftiri yapmalar\u0131 gerekti\u011fini belirterek &#8220;Se\u00e7imden birka\u00e7 g\u00fcn sonra kamuoyu \u00f6n\u00fcne ekibimle birlikte \u00e7\u0131k\u0131p hesap vermeyi, bir \u00f6zele\u015ftiri yapmay\u0131 ger\u00e7ekle\u015ftirebilirdik. Asl\u0131nda parti kademelerinde bunu yapt\u0131k. Ama a\u00e7\u0131ktan herkesi bilgilendirici bir de\u011ferlendirme yapmam\u0131\u015f olmam\u0131z bir eksiklik. Millet \u0130ttifak\u0131&#8217;n\u0131n bile\u015fenleri ile b\u00f6yle bir deneme yap\u0131labilirdi ama onlar ad\u0131na konu\u015fmak do\u011fru olmaz&#8221; \u015feklinde konu\u015ftu. <\/p>\n<p><b>&#8220;PART\u0130 BU \u015eEK\u0130LDE DE YEN\u0130LEN\u0130YOR&#8221;<\/b><\/p>\n<p>Kurultay s\u00fcrecinde y\u00f6netim a\u00e7\u0131s\u0131ndan sorun \u00e7\u0131kmayaca\u011f\u0131 g\u00f6r\u00fc\u015f\u00fcn\u00fc dile getiren K\u0131l\u0131\u00e7daro\u011flu, &#8220;CHP&#8217;de \u015fu anda il ve il\u00e7e \u00f6rg\u00fctlerinin ba\u015f\u0131ndaki arkada\u015flar\u0131m\u0131z\u0131n \u00e7o\u011fu eski gen\u00e7lik kollar\u0131nda \u00e7al\u0131\u015fanlar. Parti bu \u015fekilde de yenileniyor&#8221; ifadelerini kulland\u0131.<\/p>\n<p><b>&#8220;L\u0130STELERE Y\u00d6NEL\u0130K ELE\u015eT\u0130R\u0130LER HAKSIZDIR&#8221;<\/b><\/p>\n<p>CHP&#8217;nin di\u011fer partilerle olu\u015fturduklar\u0131 ortak milletvekili listesine gelen ele\u015ftirileri de de\u011finen K\u0131l\u0131\u00e7daro\u011flu, &#8220;Di\u011fer partilerle olu\u015fturdu\u011fumuz milletvekili aday listelerine y\u00f6nelik ele\u015ftiriler haks\u0131zd\u0131r. Y\u00fczde 25 oyumuz var, y\u00fczde 50&#8217;ye ula\u015fmak i\u00e7in m\u00fcttefiklere muhtac\u0131z. Bu listeleri bahane ederek partimiz i\u00e7inde sert ve \u00f6fkeli tepkiler \u00f6rg\u00fctlendi. &#8216;Parti sa\u011fa kay\u0131yor&#8217; haks\u0131z de\u011ferlendirmeleri yap\u0131ld\u0131. Baz\u0131 ulusalc\u0131 se\u00e7menler bu propagandan\u0131n da etkisiyle a\u015f\u0131r\u0131 milliyet\u00e7i se\u00e7enekleri tercih etti. Bu partilerle yap\u0131lan ittifak\u0131n belgeleri olan ortak Protokol ve Anayasa de\u011fi\u015fiklik tasla\u011f\u0131 okundu\u011funda geli\u015fmi\u015f bir demokrasi program\u0131 haz\u0131rland\u0131\u011f\u0131 g\u00f6r\u00fclebilir&#8221; dedi. <\/p>\n<p><b>&#8220;MUHAFAZAKAR K\u0130TLE&#8221; VURGUSU <\/b><\/p>\n<p>K\u0131l\u0131\u00e7daro\u011flu, se\u00e7im sonu\u00e7lar\u0131n\u0131 ise \u015f\u00f6yle de\u011ferlendirdi: &#8220;\u0130ktidardan kopu\u015f e\u011filiminde olan muhafazak\u00e2r kitle, sonucu tayin etti. Bu aday listelerine g\u00f6sterilen a\u015f\u0131r\u0131 tepkilerden, s\u00f6z konusu kitle olumsuz y\u00f6nde etkilendi. Karars\u0131z muhafazak\u00e2rlar, &#8216;Ulusalc\u0131lar iktidara gelirse yeniden eski g\u00fcnlere d\u00f6nebiliriz korkusu&#8217; ile oylar\u0131n\u0131 d\u00f6n\u00fcp tekrar Erdo\u011fan&#8217;a verdiler.&#8221;<\/p>\n","protected":false},"excerpt":{"rendered":"<p>Son d\u00f6nemlerde \u0130BB Ba\u015fkan\u0131 Ekrem \u0130mamo\u011flu \u00f6nc\u00fcl\u00fc\u011f\u00fcnde ba\u015flat\u0131lan de\u011fi\u015fim tart\u0131\u015fmalar\u0131na direnmeye \u00e7al\u0131\u015fan CHP lideri Kemal K\u0131l\u0131\u00e7daro\u011flu, dikkat \u00e7eken bir \u00e7\u0131k\u0131\u015fa imza att\u0131. K\u0131l\u0131\u00e7daro\u011flu se\u00e7im sonras\u0131 partisine ve kendisine y\u00f6nelik tepkilere ili\u015fkin &#8220;\u00dczerimizde se\u00e7im sonras\u0131 a\u011f\u0131r bir bask\u0131 olu\u015ftu. Partiyi da\u011f\u0131tacak kadar sert bir bask\u0131. Bu hala s\u00fcr\u00fcyor&#8221; ifadelerini kulland\u0131.<\/p>\n","protected":false},"author":1,"featured_media":121139,"comment_status":"closed","ping_status":"open","sticky":false,"template":"","format":"standard","meta":{"footnotes":""},"categories":[28],"tags":[1496,442,320],"class_list":["post-121138","post","type-post","status-publish","format-standard","has-post-thumbnail","hentry","category-politika","tag-kilicdaroglu","tag-parti","tag-secim"],"_links":{"self":[{"href":"https:\/\/haberulus.net\/index.php?rest_route=\/wp\/v2\/posts\/121138","targetHints":{"allow":["GET"]}}],"collection":[{"href":"https:\/\/haberulus.net\/index.php?rest_route=\/wp\/v2\/posts"}],"about":[{"href":"https:\/\/haberulus.net\/index.php?rest_route=\/wp\/v2\/types\/post"}],"author":[{"embeddable":true,"href":"https:\/\/haberulus.net\/index.php?rest_route=\/wp\/v2\/users\/1"}],"replies":[{"embeddable":true,"href":"https:\/\/haberulus.net\/index.php?rest_route=%2Fwp%2Fv2%2Fcomments&post=121138"}],"version-history":[{"count":1,"href":"https:\/\/haberulus.net\/index.php?rest_route=\/wp\/v2\/posts\/121138\/revisions"}],"predecessor-version":[{"id":121140,"href":"https:\/\/haberulus.net\/index.php?rest_route=\/wp\/v2\/posts\/121138\/revisions\/121140"}],"wp:featuredmedia":[{"embeddable":true,"href":"https:\/\/haberulus.net\/index.php?rest_route=\/wp\/v2\/media\/121139"}],"wp:attachment":[{"href":"https:\/\/haberulus.net\/index.php?rest_route=%2Fwp%2Fv2%2Fmedia&parent=121138"}],"wp:term":[{"taxonomy":"category","embeddable":true,"href":"https:\/\/haberulus.net\/index.php?rest_route=%2Fwp%2Fv2%2Fcategories&post=121138"},{"taxonomy":"post_tag","embeddable":true,"href":"https:\/\/haberulus.net\/index.php?rest_route=%2Fwp%2Fv2%2Ftags&post=121138"}],"curies":[{"name":"wp","href":"https:\/\/api.w.org\/{rel}","templated":true}]}}