{"id":121159,"date":"2023-08-30T11:35:05","date_gmt":"2023-08-30T11:35:05","guid":{"rendered":"https:\/\/haberulus.net\/?p=121159"},"modified":"2023-08-30T11:35:05","modified_gmt":"2023-08-30T11:35:05","slug":"sanayicilerden-simseke-ziyaret","status":"publish","type":"post","link":"https:\/\/haberulus.net\/?p=121159","title":{"rendered":"Sanayicilerden \u015eim\u015fek\u2019e ziyaret"},"content":{"rendered":"<div>\n<div>\n<p>Ankara Sanayi Odas\u0131 (ASO) Ba\u015fkan\u0131 Seyit Ard\u0131\u00e7, ziyaret etti\u011fi Hazine ve Maliye Bakan\u0131 Mehmet \u015eim\u015fek\u2019e sanayicilerin beklentilerine ili\u015fkin rapor sundu.<\/p>\n<p>Odadan yap\u0131lan a\u00e7\u0131klamaya g\u00f6re, Ard\u0131\u00e7, ASO Meclis Ba\u015fkan\u0131 Celal Kolo\u011flu ve y\u00f6netim kurulu \u00fcyeleri, Bakan \u015eim\u015fek\u2019i ziyaret etti.<\/p>\n<p>Ziyarette, reel sekt\u00f6r\u00fcn finansmana eri\u015fimi, \u00fcretim kapasitesi ve istihdam\u0131 art\u0131rmak, ihracat potansiyelini g\u00fc\u00e7lendirmek i\u00e7in devreye al\u0131nan politika ara\u00e7lar\u0131 de\u011ferlendirildi.<\/p>\n<p>ASO\u2019nun faaliyetleri ve Ankara\u2019daki organize sanayi b\u00f6lgelerine ili\u015fkin \u015eim\u015fek\u2019e bilgi veren Ard\u0131\u00e7, ekonomik g\u00f6r\u00fcn\u00fcm ve sanayicilerin beklentileriyle ilgili de\u011ferlendirmelerde bulunarak, sanayicilerin sorunlar\u0131yla ilgili haz\u0131rlanan raporu da \u015eim\u015fek\u2019e takdim etti. (AA)<\/p>\n<\/div>\n<\/div>\n","protected":false},"excerpt":{"rendered":"<p>ASO Ba\u015fkan\u0131 Seyit Ard\u0131\u00e7, Hazine ve Maliye Bakan\u0131 \u015eim\u015fek&#8217;e ziyarette bulundu ve taleplerini iletti.<\/p>\n","protected":false},"author":1,"featured_media":121160,"comment_status":"closed","ping_status":"open","sticky":false,"template":"","format":"standard","meta":{"footnotes":""},"categories":[25],"tags":[974],"class_list":["post-121159","post","type-post","status-publish","format-standard","has-post-thumbnail","hentry","category-ekonomi","tag-sanayi"],"_links":{"self":[{"href":"https:\/\/haberulus.net\/index.php?rest_route=\/wp\/v2\/posts\/121159","targetHints":{"allow":["GET"]}}],"collection":[{"href":"https:\/\/haberulus.net\/index.php?rest_route=\/wp\/v2\/posts"}],"about":[{"href":"https:\/\/haberulus.net\/index.php?rest_route=\/wp\/v2\/types\/post"}],"author":[{"embeddable":true,"href":"https:\/\/haberulus.net\/index.php?rest_route=\/wp\/v2\/users\/1"}],"replies":[{"embeddable":true,"href":"https:\/\/haberulus.net\/index.php?rest_route=%2Fwp%2Fv2%2Fcomments&post=121159"}],"version-history":[{"count":1,"href":"https:\/\/haberulus.net\/index.php?rest_route=\/wp\/v2\/posts\/121159\/revisions"}],"predecessor-version":[{"id":121161,"href":"https:\/\/haberulus.net\/index.php?rest_route=\/wp\/v2\/posts\/121159\/revisions\/121161"}],"wp:featuredmedia":[{"embeddable":true,"href":"https:\/\/haberulus.net\/index.php?rest_route=\/wp\/v2\/media\/121160"}],"wp:attachment":[{"href":"https:\/\/haberulus.net\/index.php?rest_route=%2Fwp%2Fv2%2Fmedia&parent=121159"}],"wp:term":[{"taxonomy":"category","embeddable":true,"href":"https:\/\/haberulus.net\/index.php?rest_route=%2Fwp%2Fv2%2Fcategories&post=121159"},{"taxonomy":"post_tag","embeddable":true,"href":"https:\/\/haberulus.net\/index.php?rest_route=%2Fwp%2Fv2%2Ftags&post=121159"}],"curies":[{"name":"wp","href":"https:\/\/api.w.org\/{rel}","templated":true}]}}