{"id":121162,"date":"2023-08-30T11:35:06","date_gmt":"2023-08-30T11:35:06","guid":{"rendered":"https:\/\/haberulus.net\/?p=121162"},"modified":"2023-08-30T11:35:06","modified_gmt":"2023-08-30T11:35:06","slug":"eski-basbakan-imran-hanin-tutuklulugu-14-gun-uzatildi","status":"publish","type":"post","link":"https:\/\/haberulus.net\/?p=121162","title":{"rendered":"Eski Ba\u015fbakan \u0130mran Han\u2019\u0131n tutuklulu\u011fu 14 g\u00fcn uzat\u0131ld\u0131"},"content":{"rendered":"<p>S\u00f6z konunu davan\u0131n duru\u015fmas\u0131 g\u00fcvenlik nedenleriyle Han\u2019\u0131n halihaz\u0131rda tutuldu\u011fu \u00fclkenin kuzeydo\u011fusundaki Attock b\u00f6lgesindeki bir hapishanede yap\u0131ld\u0131.<\/p>\n<p>\u0130mran Han\u2019\u0131n yarg\u0131land\u0131\u011f\u0131 yolsuzluk davas\u0131 kapsam\u0131nda verilen 3 y\u0131l hapis cezas\u0131n\u0131n d\u00fcn ertelenerek kefaletle serbest b\u0131rak\u0131lmas\u0131na h\u00fckmedilmesinin ard\u0131ndan g\u00f6r\u00fclen duru\u015fmada, hakim Abul Hasnat, savc\u0131l\u0131\u011f\u0131n talebi \u00fczerine devlet s\u0131rlar\u0131n\u0131 if\u015fa etmekle su\u00e7lamalar\u0131na ili\u015fkin Han\u2019\u0131n tutukluluk s\u00fcresini 13 Eyl\u00fcl\u2019e kadar uzatt\u0131.<\/p>\n<p>Hapishane \u00e7\u0131k\u0131\u015f\u0131nda gazetecilere konu\u015fan avukat\u0131 Salman Safdar, Han\u2019\u0131n tutuklulu\u011funun uzat\u0131lmas\u0131na mant\u0131ks\u0131z ve anayasaya ayk\u0131r\u0131 oldu\u011fu gerek\u00e7esiyle itiraz ettiklerini ve kefaletle serbest b\u0131rak\u0131lmas\u0131 i\u00e7in mahkemeye dilek\u00e7e verdiklerini aktard\u0131. S\u00f6z konusu dilek\u00e7eye dair duru\u015fman\u0131n ise 2 Eyl\u00fcl\u2019de g\u00f6r\u00fclece\u011fi belirtiliyor.<\/p>\n<p>Federal Soru\u015fturma Ajans\u0131 (FIA), eski Ba\u015fbakan Han ve yard\u0131mc\u0131lar\u0131na Devlet S\u0131rlar\u0131 Yasas\u0131n\u0131 ihlal etmekten dava a\u00e7m\u0131\u015ft\u0131.<\/p>\n<p><b>ABD, TARAFSIZ TUTUMUNDAN RAHATSIZDI<\/b><\/p>\n<p>ABD\u2019de yay\u0131n yapan haber sitesi The Intercept, Pakistan\u2019\u0131n eski ABD B\u00fcy\u00fckel\u00e7isi Esad Mecid Han ile iki ABD D\u0131\u015fi\u015fleri Bakanl\u0131\u011f\u0131 yetkilisi aras\u0131nda 7 Mart 2022\u2019de ger\u00e7ekle\u015ftirildi\u011fi ileri s\u00fcr\u00fclen gizli g\u00f6r\u00fc\u015fmeye ait belgeye ula\u015ft\u0131\u011f\u0131n\u0131 iddia etmi\u015fti.<\/p>\n<p>Pakistan h\u00fck\u00fbmetine ait oldu\u011fu ve g\u00f6r\u00fc\u015fmenin i\u00e7eri\u011finin yer ald\u0131\u011f\u0131 \u00f6ne s\u00fcr\u00fclen belgeye dayand\u0131r\u0131lan habere g\u00f6re ABD taraf\u0131, eski Pakistan Ba\u015fbakan\u0131 Han\u2019\u0131n Rusya-Ukrayna Sava\u015f\u0131\u2019ndaki tarafs\u0131z tutumundan dolay\u0131 duydu\u011fu rahats\u0131zl\u0131\u011f\u0131 eski B\u00fcy\u00fckel\u00e7i Mecid Han\u2019a iletmi\u015fti.<\/p>\n<p>G\u00f6r\u00fc\u015fmede yer alan G\u00fcney ve Orta Asya \u0130\u015fleri B\u00fcrosu\u2019ndan sorumlu D\u0131\u015fi\u015fleri M\u00fcste\u015far Yard\u0131mc\u0131s\u0131 Donald Lu, Han hakk\u0131ndaki g\u00fcvensizlik oylamas\u0131n\u0131n kabul edilmesi halinde Washington ile \u0130slamabad aras\u0131nda daha s\u0131cak ili\u015fkiler kurulmas\u0131 vaadinde bulunarak \u201cBence Ba\u015fbakana kar\u015f\u0131 g\u00fcvensizlik oylamas\u0131 ba\u015far\u0131l\u0131 olursa Washington\u2019da her \u015fey affedilecek \u00e7\u00fcnk\u00fc Rusya ziyareti, Ba\u015fbakan\u0131n karar\u0131 olarak g\u00f6r\u00fcl\u00fcyor. D\u00fcr\u00fcst olmak gerekirse (g\u00f6revde kalmas\u0131 halinde) Ba\u015fbakan\u0131n ABD ve Avrupa\u2019dan izolasyonunun g\u00fc\u00e7l\u00fc olaca\u011f\u0131n\u0131 d\u00fc\u015f\u00fcn\u00fcyorum\u201d g\u00f6r\u00fc\u015f\u00fcn\u00fc payla\u015fm\u0131\u015ft\u0131.<\/p>\n<p>G\u00f6r\u00fc\u015fmenin yap\u0131ld\u0131\u011f\u0131 s\u00f6ylenen 7 Mart 2022\u2019den bir g\u00fcn sonra Pakistan&#8217;daki muhalefet partileri, eski Ba\u015fbakan \u0130mran Han\u2019a kar\u015f\u0131 \u201cg\u00fcvensizlik oyu\u201d \u00f6nergesini Ulusal Meclis Ba\u015fkan\u0131 Sekreterli\u011fine sunmu\u015ftu.<\/p>\n<p>S\u00f6z konusu g\u00f6r\u00fc\u015fmeden bir ay sonra, 10 Nisan 2022\u2019de Pakistan Parlamentosunda yap\u0131lan g\u00fcven oylamas\u0131nda 174 \u201chay\u0131r\u201d oyu alan \u0130mran Han h\u00fckumeti d\u00fc\u015fm\u00fc\u015ft\u00fc. (AA)<\/p>\n","protected":false},"excerpt":{"rendered":"<p>Pakistan&#8217;da mahkeme, eski Ba\u015fbakan \u0130mran Han&#8217;\u0131n yolsuzluk davas\u0131 kapsam\u0131nda kefaletle serbest b\u0131rak\u0131lmas\u0131 karar\u0131n\u0131n ard\u0131ndan devlet s\u0131rlar\u0131n\u0131 if\u015fa etmekle su\u00e7land\u0131\u011f\u0131 dava nedeniyle tutukluluk s\u00fcresini 14 g\u00fcn uzatt\u0131.<\/p>\n","protected":false},"author":1,"featured_media":121163,"comment_status":"closed","ping_status":"open","sticky":false,"template":"","format":"standard","meta":{"footnotes":""},"categories":[24],"tags":[11,1142,1520,1862,1266],"class_list":["post-121162","post","type-post","status-publish","format-standard","has-post-thumbnail","hentry","category-dunya","tag-abd","tag-basbakan","tag-guven","tag-han","tag-pakistan"],"_links":{"self":[{"href":"https:\/\/haberulus.net\/index.php?rest_route=\/wp\/v2\/posts\/121162","targetHints":{"allow":["GET"]}}],"collection":[{"href":"https:\/\/haberulus.net\/index.php?rest_route=\/wp\/v2\/posts"}],"about":[{"href":"https:\/\/haberulus.net\/index.php?rest_route=\/wp\/v2\/types\/post"}],"author":[{"embeddable":true,"href":"https:\/\/haberulus.net\/index.php?rest_route=\/wp\/v2\/users\/1"}],"replies":[{"embeddable":true,"href":"https:\/\/haberulus.net\/index.php?rest_route=%2Fwp%2Fv2%2Fcomments&post=121162"}],"version-history":[{"count":1,"href":"https:\/\/haberulus.net\/index.php?rest_route=\/wp\/v2\/posts\/121162\/revisions"}],"predecessor-version":[{"id":121164,"href":"https:\/\/haberulus.net\/index.php?rest_route=\/wp\/v2\/posts\/121162\/revisions\/121164"}],"wp:featuredmedia":[{"embeddable":true,"href":"https:\/\/haberulus.net\/index.php?rest_route=\/wp\/v2\/media\/121163"}],"wp:attachment":[{"href":"https:\/\/haberulus.net\/index.php?rest_route=%2Fwp%2Fv2%2Fmedia&parent=121162"}],"wp:term":[{"taxonomy":"category","embeddable":true,"href":"https:\/\/haberulus.net\/index.php?rest_route=%2Fwp%2Fv2%2Fcategories&post=121162"},{"taxonomy":"post_tag","embeddable":true,"href":"https:\/\/haberulus.net\/index.php?rest_route=%2Fwp%2Fv2%2Ftags&post=121162"}],"curies":[{"name":"wp","href":"https:\/\/api.w.org\/{rel}","templated":true}]}}