{"id":121198,"date":"2023-08-30T12:51:04","date_gmt":"2023-08-30T12:51:04","guid":{"rendered":"https:\/\/haberulus.net\/?p=121198"},"modified":"2023-08-30T12:51:04","modified_gmt":"2023-08-30T12:51:04","slug":"cocuklarin-kavgasina-buyukler-karisinca-olanlar-oldu","status":"publish","type":"post","link":"https:\/\/haberulus.net\/?p=121198","title":{"rendered":"\u00c7ocuklar\u0131n kavgas\u0131na b\u00fcy\u00fckler kar\u0131\u015f\u0131nca olanlar oldu"},"content":{"rendered":"<p>Olay, pazartesi g\u00fcn\u00fc 20.30 s\u0131ralar\u0131nda Kirazl\u0131 Mahallesi\u2019nde ya\u015fand\u0131. \u0130ddiaya g\u00f6re, parkta oynayan 2 \u00e7ocuk aras\u0131nda kavga \u00e7\u0131kt\u0131.<\/p>\n<p>O s\u0131rada oradan ge\u00e7en \u00e7ocuklardan birinin a\u011fabeyi olay\u0131 g\u00f6r\u00fcp \u00e7ocuklar\u0131n yan\u0131na gitti ve bir \u00e7ocu\u011fu darp etmeye ba\u015flad\u0131.<\/p>\n<p>Ard\u0131ndan darp edilen \u00e7ocu\u011fun yak\u0131nlar\u0131n\u0131n da gelmesiyle b\u00fcy\u00fcyen kavga ailelerden birinin evinin \u00f6n\u00fcne ta\u015f\u0131nd\u0131.<\/p>\n<p><img decoding=\"async\" src=\"https:\/\/i01.sozcucdn.com\/wp-content\/uploads\/2023\/08\/30\/bagcilarda-cocuklarin-kavgasina-aileler-karisinca-ortalik-savas-alanina-dondu_5827_dhaphoto1-e1693398493535.jpg\" alt=\"\" title=\"\"><\/p>\n<p>2 aile aras\u0131nda \u00e7\u0131kan kavgada, b\u0131\u00e7aklar ve haval\u0131 tabanca da kullan\u0131ld\u0131. B\u0131\u00e7akl\u0131 1 ki\u015fi, \u00e7evre sakinleri taraf\u0131ndan engellendi.<\/p>\n<p>Arbede \u00e7evredekilerin araya girmesiyle son buldu. \u0130hbar \u00fczerine olay yerine polis ve sa\u011fl\u0131k ekipleri sevk edildi.<\/p>\n<p>Haval\u0131 tabancayla yaralanan 1 ki\u015fi, ambulans ile hastaneye g\u00f6t\u00fcr\u00fcld\u00fc. Polis ekipleri ise olayla ilgili inceleme ba\u015flatt\u0131. Kavga anlar\u0131 g\u00fcvenlik kameras\u0131 ile saniye saniye kaydedildi. (DHA)<\/p>\n","protected":false},"excerpt":{"rendered":"<p>Ba\u011fc\u0131lar&#8217;da parkta oynayan 2 \u00e7ocu\u011fun kavgas\u0131na ailelerde kar\u0131\u015f\u0131nca ortal\u0131k sava\u015f alan\u0131na d\u00f6nd\u00fc. B\u0131\u00e7aklar\u0131n ve haval\u0131 tabancan\u0131n kullan\u0131ld\u0131\u011f\u0131 kavgada 1 ki\u015fi, yaraland\u0131. O anlar g\u00fcvenlik kameras\u0131na yans\u0131d\u0131.<\/p>\n","protected":false},"author":1,"featured_media":121199,"comment_status":"closed","ping_status":"open","sticky":false,"template":"","format":"standard","meta":{"footnotes":""},"categories":[26],"tags":[],"class_list":["post-121198","post","type-post","status-publish","format-standard","has-post-thumbnail","hentry","category-gundem"],"_links":{"self":[{"href":"https:\/\/haberulus.net\/index.php?rest_route=\/wp\/v2\/posts\/121198","targetHints":{"allow":["GET"]}}],"collection":[{"href":"https:\/\/haberulus.net\/index.php?rest_route=\/wp\/v2\/posts"}],"about":[{"href":"https:\/\/haberulus.net\/index.php?rest_route=\/wp\/v2\/types\/post"}],"author":[{"embeddable":true,"href":"https:\/\/haberulus.net\/index.php?rest_route=\/wp\/v2\/users\/1"}],"replies":[{"embeddable":true,"href":"https:\/\/haberulus.net\/index.php?rest_route=%2Fwp%2Fv2%2Fcomments&post=121198"}],"version-history":[{"count":1,"href":"https:\/\/haberulus.net\/index.php?rest_route=\/wp\/v2\/posts\/121198\/revisions"}],"predecessor-version":[{"id":121200,"href":"https:\/\/haberulus.net\/index.php?rest_route=\/wp\/v2\/posts\/121198\/revisions\/121200"}],"wp:featuredmedia":[{"embeddable":true,"href":"https:\/\/haberulus.net\/index.php?rest_route=\/wp\/v2\/media\/121199"}],"wp:attachment":[{"href":"https:\/\/haberulus.net\/index.php?rest_route=%2Fwp%2Fv2%2Fmedia&parent=121198"}],"wp:term":[{"taxonomy":"category","embeddable":true,"href":"https:\/\/haberulus.net\/index.php?rest_route=%2Fwp%2Fv2%2Fcategories&post=121198"},{"taxonomy":"post_tag","embeddable":true,"href":"https:\/\/haberulus.net\/index.php?rest_route=%2Fwp%2Fv2%2Ftags&post=121198"}],"curies":[{"name":"wp","href":"https:\/\/api.w.org\/{rel}","templated":true}]}}