{"id":121210,"date":"2023-08-30T13:21:02","date_gmt":"2023-08-30T13:21:02","guid":{"rendered":"https:\/\/haberulus.net\/?p=121210"},"modified":"2023-08-30T13:21:02","modified_gmt":"2023-08-30T13:21:02","slug":"imamoglundan-aksenerin-sozlerine-tek-cumlelik-yanit","status":"publish","type":"post","link":"https:\/\/haberulus.net\/?p=121210","title":{"rendered":"\u0130mamo\u011flu\u2019ndan Ak\u015fener\u2019in s\u00f6zlerine tek c\u00fcmlelik yan\u0131t"},"content":{"rendered":"<p>\u0130stanbul B\u00fcy\u00fck\u015fehir Belediye (\u0130BB) Ba\u015fkan\u0131 Ekrem \u0130mamo\u011flu, Hali\u00e7 Tramvay\u0131 a\u00e7\u0131l\u0131\u015f\u0131nda dikkat \u00e7eken a\u00e7\u0131klamalarda bulundu\u2026<\/p>\n<p>A\u00e7\u0131l\u0131\u015f t\u00f6reninde konu\u015fmalar\u0131n\u0131n ard\u0131ndan \u0130BB Ba\u015fkan\u0131 Ekrem \u0130mamo\u011flu, gazetecilerin sorular\u0131n\u0131 yan\u0131tlad\u0131.<\/p>\n<p><strong>AK\u015eENER\u2019E YANIT VERD\u0130<\/strong><\/p>\n<p>Ekrem \u0130mamo\u011flu, \u0130Y\u0130 Parti Genel Ba\u015fkan\u0131 Meral Ak\u015fener\u2019in <em>\u201cBen \u0130mamo\u011flu ve Yava\u015f\u2019\u0131n, T\u00fcrk Milleti&#8217;nin \u00e7a\u011fr\u0131s\u0131na yan\u0131t verece\u011fini sand\u0131m. Onlara ate\u015ften g\u00f6mle\u011fi giydirmeyi beceremedim\u201d<\/em> s\u00f6zlerine \u015fu yan\u0131t\u0131 verdi: <strong>\u201cHer \u015fey \u00e7ok g\u00fczel olacak\u201d<\/strong><\/p>\n<p>Ekrem \u0130mamo\u011flu,\u00a0 Ak\u015fener ile g\u00f6r\u00fc\u015fme yap\u0131p yapmad\u0131\u011f\u0131 sorusuna ise <strong>\u201cBiz her zaman g\u00f6r\u00fc\u015f\u00fcyoruz\u201d<\/strong> diyerek yan\u0131t verdi.<\/p>\n<p><strong>\u201cADAYIM DEMEK HADS\u0130ZL\u0130K OLUR\u201d<\/strong><\/p>\n<p>\u0130mamo\u011flu bir ba\u015fka gazetecinin <em>\u201cAday\u0131m diyor musunuz?\u201d<\/em> sorusuna ise \u015fu yan\u0131t\u0131 verdi:<strong> \u201cBen yola \u00e7\u0131kt\u0131\u011f\u0131m\u0131 s\u00f6yledim. Aday\u0131m demek hadsizlik olur. \u00c7\u00fcnk\u00fc aday olman\u0131n ko\u015fullar\u0131 var. Sizi aday g\u00f6steren yap\u0131lar var, partiniz var. Ben il\u00e7e ba\u015fkanl\u0131\u011f\u0131ndan gelme biriyim. Ben yola \u00e7\u0131kt\u0131\u011f\u0131m\u0131 ifade edebilirim\u201d<\/strong><\/p>\n","protected":false},"excerpt":{"rendered":"<p>\u0130BB Ba\u015fkan\u0131 Ekrem \u0130mamo\u011flu Ekrem \u0130mamo\u011flu, \u0130Y\u0130 Parti lideri Meral Ak\u015fener&#8217;in &#8220;Ben \u0130mamo\u011flu ve Yava\u015f\u2019\u0131n, T\u00fcrk Milleti\u2019nin \u00e7a\u011fr\u0131s\u0131na yan\u0131t verece\u011fini sand\u0131m. Onlara ate\u015ften g\u00f6mle\u011fi giydirmeyi beceremedim&#8221; s\u00f6zlerine yan\u0131t verdi.<\/p>\n","protected":false},"author":1,"featured_media":121211,"comment_status":"closed","ping_status":"open","sticky":false,"template":"","format":"standard","meta":{"footnotes":""},"categories":[26],"tags":[271,97,2189],"class_list":["post-121210","post","type-post","status-publish","format-standard","has-post-thumbnail","hentry","category-gundem","tag-aday","tag-imamoglu","tag-yanit"],"_links":{"self":[{"href":"https:\/\/haberulus.net\/index.php?rest_route=\/wp\/v2\/posts\/121210","targetHints":{"allow":["GET"]}}],"collection":[{"href":"https:\/\/haberulus.net\/index.php?rest_route=\/wp\/v2\/posts"}],"about":[{"href":"https:\/\/haberulus.net\/index.php?rest_route=\/wp\/v2\/types\/post"}],"author":[{"embeddable":true,"href":"https:\/\/haberulus.net\/index.php?rest_route=\/wp\/v2\/users\/1"}],"replies":[{"embeddable":true,"href":"https:\/\/haberulus.net\/index.php?rest_route=%2Fwp%2Fv2%2Fcomments&post=121210"}],"version-history":[{"count":1,"href":"https:\/\/haberulus.net\/index.php?rest_route=\/wp\/v2\/posts\/121210\/revisions"}],"predecessor-version":[{"id":121212,"href":"https:\/\/haberulus.net\/index.php?rest_route=\/wp\/v2\/posts\/121210\/revisions\/121212"}],"wp:featuredmedia":[{"embeddable":true,"href":"https:\/\/haberulus.net\/index.php?rest_route=\/wp\/v2\/media\/121211"}],"wp:attachment":[{"href":"https:\/\/haberulus.net\/index.php?rest_route=%2Fwp%2Fv2%2Fmedia&parent=121210"}],"wp:term":[{"taxonomy":"category","embeddable":true,"href":"https:\/\/haberulus.net\/index.php?rest_route=%2Fwp%2Fv2%2Fcategories&post=121210"},{"taxonomy":"post_tag","embeddable":true,"href":"https:\/\/haberulus.net\/index.php?rest_route=%2Fwp%2Fv2%2Ftags&post=121210"}],"curies":[{"name":"wp","href":"https:\/\/api.w.org\/{rel}","templated":true}]}}