{"id":121213,"date":"2023-08-30T13:21:03","date_gmt":"2023-08-30T13:21:03","guid":{"rendered":"https:\/\/haberulus.net\/?p=121213"},"modified":"2023-08-30T13:21:03","modified_gmt":"2023-08-30T13:21:03","slug":"vergisiz-telefon-sartlari-belli-oldu-mu-acikogretim-icin-gecerli-mi","status":"publish","type":"post","link":"https:\/\/haberulus.net\/?p=121213","title":{"rendered":"Vergisiz telefon \u015fartlar\u0131 belli oldu mu, a\u00e7\u0131k\u00f6\u011fretim i\u00e7in ge\u00e7erli mi?"},"content":{"rendered":"<p>Vergisiz telefon ve bilgisayar sat\u0131\u015f\u0131yla ilgili olarak, sadece T\u00fcrkiye\u2019de \u00fcretilen veya montajlanan modellerin kapsamda olaca\u011f\u0131 belirtildi. Bu durum, yerli \u00fcretimi te\u015fvik etmek amac\u0131yla at\u0131lm\u0131\u015f \u00f6nemli bir ad\u0131m olarak de\u011ferlendiriliyor. \u00dcniversite \u00f6\u011frencileri ise bu f\u0131rsat sayesinde daha uygun fiyatlarla teknoloji \u00fcr\u00fcnlerine sahip olabileceklerini d\u00fc\u015f\u00fcn\u00fcyor.<\/p>\n<p><b>\u00d6\u011eRENC\u0130LERE VERG\u0130S\u0130Z TELEFON VE B\u0130LG\u0130SAYARDA SON DURUM NE?<\/b><\/p>\n<p>Kabine toplant\u0131s\u0131 sonras\u0131nda Cumhurba\u015fkan\u0131 Erdo\u011fan&#8217;\u0131n \u00f6\u011frencilere vergisiz telefon i\u00e7in a\u00e7\u0131klamalarda bulundu.<\/p>\n<p>Gen\u00e7lere yat\u0131r\u0131m yapmaya devam edeceklerini s\u00f6yleyen Erdo\u011fan,\u00a0se\u00e7im\u00a0beyannamelerinde gen\u00e7lere verilen s\u00f6zleri ad\u0131m ad\u0131m hayata ge\u00e7ireceklerini ifade etti.<\/p>\n<p><img decoding=\"async\" src=\"https:\/\/i01.sozcucdn.com\/wp-content\/uploads\/2023\/08\/30\/vergisiz-telefon-depo-1.jpg\" alt=\"\" title=\"\"><\/p>\n<p><b>\u00d6\u011eRENC\u0130LERE VERG\u0130S\u0130Z TELEFON VE B\u0130LG\u0130SAYARDA \u015eARTLARI<\/b><\/p>\n<p>Vergisiz telefon ve bilgisayar \u015fartlar\u0131 hen\u00fcz resmi olarak a\u00e7\u0131klanmad\u0131 ancak kurumlar\u0131nda ve a\u00e7\u0131k\u00f6\u011fretim de dahil olmak \u00fczere t\u00fcm \u00fcniversite \u00f6\u011frencilerini kapsamas\u0131 bekleniyor.<\/p>\n<p>Bunun yan\u0131 s\u0131ra \u00f6\u011frenciler ayl\u0131 10 GB \u00fccretsiz internet verilecek ancak vergisiz telefon t\u00fcm modelleri kapsamayacak. Sadece T\u00fcrkiye&#8217;de \u00fcretilen telefonlar\u0131 kapsayacak ve \u00fccretinde bir \u00fcst s\u0131n\u0131r belirlenecek.<\/p>\n<p>Vergisiz telefonda T\u00fcrkiye\u2019de \u00fcretim \u015fart\u0131 aranmas\u0131ndan dolay\u0131 A serisindeki b\u00fct\u00fcn telefonlar\u0131, Vestel, Xiaomi, OPPO, Realme, TCL, Reeder, Casper modelleri kapsamas\u0131 bekleniyor. Vergisiz telefon ve bilgisayar imkan\u0131 ile T\u00fcrkiye&#8217;de \u00fcretilen telefonlar\u0131n fiyat\u0131nda ortalama y\u00fczde 50 d\u00fc\u015f\u00fc\u015f olaca\u011f\u0131 tahmin ediliyor.<\/p>\n","protected":false},"excerpt":{"rendered":"<p>AKP&#8217;nin se\u00e7im vaatleri aras\u0131nda yer alan vergisiz telefon ve bilgisayar sat\u0131\u015f\u0131, \u00fcniversite \u00f6\u011frencileri taraf\u0131ndan b\u00fcy\u00fck bir ilgiyle bekleniyor. Hen\u00fcz netle\u015fmese de, vergisiz telefon \u015fartlar\u0131 i\u00e7in belirli bilgiler ortaya at\u0131ld\u0131. Vergisiz telefondan imkan\u0131ndan a\u00e7\u0131k\u00f6\u011fretim ve y\u00fcksek okulda okuyanlar dahil t\u00fcm \u00f6\u011frenciler yararlanacak, T\u00fcrkiye\u2019de \u00fcretilen telefonlar\u0131 kapsayacak.<\/p>\n","protected":false},"author":1,"featured_media":121214,"comment_status":"closed","ping_status":"open","sticky":false,"template":"","format":"standard","meta":{"footnotes":""},"categories":[25],"tags":[1755,222],"class_list":["post-121213","post","type-post","status-publish","format-standard","has-post-thumbnail","hentry","category-ekonomi","tag-ogrenciler","tag-telefon"],"_links":{"self":[{"href":"https:\/\/haberulus.net\/index.php?rest_route=\/wp\/v2\/posts\/121213","targetHints":{"allow":["GET"]}}],"collection":[{"href":"https:\/\/haberulus.net\/index.php?rest_route=\/wp\/v2\/posts"}],"about":[{"href":"https:\/\/haberulus.net\/index.php?rest_route=\/wp\/v2\/types\/post"}],"author":[{"embeddable":true,"href":"https:\/\/haberulus.net\/index.php?rest_route=\/wp\/v2\/users\/1"}],"replies":[{"embeddable":true,"href":"https:\/\/haberulus.net\/index.php?rest_route=%2Fwp%2Fv2%2Fcomments&post=121213"}],"version-history":[{"count":1,"href":"https:\/\/haberulus.net\/index.php?rest_route=\/wp\/v2\/posts\/121213\/revisions"}],"predecessor-version":[{"id":121215,"href":"https:\/\/haberulus.net\/index.php?rest_route=\/wp\/v2\/posts\/121213\/revisions\/121215"}],"wp:featuredmedia":[{"embeddable":true,"href":"https:\/\/haberulus.net\/index.php?rest_route=\/wp\/v2\/media\/121214"}],"wp:attachment":[{"href":"https:\/\/haberulus.net\/index.php?rest_route=%2Fwp%2Fv2%2Fmedia&parent=121213"}],"wp:term":[{"taxonomy":"category","embeddable":true,"href":"https:\/\/haberulus.net\/index.php?rest_route=%2Fwp%2Fv2%2Fcategories&post=121213"},{"taxonomy":"post_tag","embeddable":true,"href":"https:\/\/haberulus.net\/index.php?rest_route=%2Fwp%2Fv2%2Ftags&post=121213"}],"curies":[{"name":"wp","href":"https:\/\/api.w.org\/{rel}","templated":true}]}}