{"id":121243,"date":"2023-08-30T13:35:07","date_gmt":"2023-08-30T13:35:07","guid":{"rendered":"https:\/\/haberulus.net\/?p=121243"},"modified":"2023-08-30T13:35:07","modified_gmt":"2023-08-30T13:35:07","slug":"festivalde-120-ton-domates-havada-ucustu","status":"publish","type":"post","link":"https:\/\/haberulus.net\/?p=121243","title":{"rendered":"Festivalde 120 ton domates havada u\u00e7u\u015ftu"},"content":{"rendered":"<p>Bunol\u2019un merkezinde d\u00fczenlenen ve giri\u015f \u00fccreti 15 avro olan festival kapsam\u0131nda 120 ton (ge\u00e7en y\u0131la g\u00f6re 10 ton daha az) domates 6 kamyonla kasaba merkezine getirildi.<\/p>\n<p>G\u00fcvenlik kontrol\u00fcnden ge\u00e7erek domates sava\u015f\u0131n\u0131n yap\u0131ld\u0131\u011f\u0131 sokaklara girenlerin yanlar\u0131nda kesici veya sert cisimler bulundurmalar\u0131na izin verilmedi. Kasaba i\u00e7inde belirli noktalarda d\u00f6k\u00fclen domatesleri birbirlerine atarak e\u011flenen kat\u0131l\u0131mc\u0131lar\u0131n domates sava\u015f\u0131 yakla\u015f\u0131k 2 saat s\u00fcrd\u00fc.<\/p>\n<p>Domates sava\u015f\u0131 sonunda sokaklar ve kasabadan ge\u00e7en nehir k\u0131rm\u0131z\u0131ya b\u00fcr\u00fcnse de temizlik g\u00f6revlileri tazyikli sularla k\u0131sa s\u00fcrede sokaklar\u0131 eski haline getirdi.<\/p>\n<p>Festival yetkilileri, festivalde kullan\u0131lan armut domateslerin yumu\u015fak olmas\u0131 i\u00e7in bir ay boyunca so\u011fuk hava deposunda bekletildikten sonra \u00e7\u0131kart\u0131l\u0131p kamyonlara y\u00fcklendi\u011fini, ezildi\u011finde yo\u011fun bir k\u0131rm\u0131z\u0131 renk b\u0131rakt\u0131\u011f\u0131n\u0131 s\u00f6yledi.<\/p>\n<p><img decoding=\"async\" src=\"https:\/\/i01.sozcucdn.com\/wp-content\/uploads\/2023\/08\/30\/2023-08-30t110649z_973315165_rc2by2agmmrv_rtrmadp_3_spain-culture-tomato-fight.jpg\" alt=\"\" title=\"\"><\/p>\n<p>Bu arada farkl\u0131 \u00fclkelerden turistlerin ilgi g\u00f6sterdi\u011fi festivalin son y\u0131llarda ticari boyutunun \u00f6ne \u00e7\u0131kar\u0131lmas\u0131 ve organizat\u00f6rlerin akredite olmak isteyen baz\u0131 foto muhabirlerinden 900 avroya kadar para talep etmeleri tepki \u00e7ekti.<\/p>\n<p>Bunol kasabas\u0131nda her y\u0131l a\u011fustosun son \u00e7ar\u015famba g\u00fcn\u00fc yap\u0131lan \u201cLa Tomatina\u201d festivalinin nas\u0131l ba\u015flad\u0131\u011f\u0131 konusunda net bilgi bulunmuyor.<\/p>\n<p>En yayg\u0131n rivayete g\u00f6re, 1945 y\u0131l\u0131nda Bunol&#8217;da kom\u015fular aras\u0131nda \u00e7\u0131kan bir anla\u015fmazl\u0131kta taraflar\u0131n birbirlerine tezgahtaki sebze ve meyveleri atmas\u0131 La Tomatina&#8217;n\u0131n ba\u015flang\u0131c\u0131 olarak kabul g\u00f6r\u00fcyor.<\/p>\n<p>\u00d6zellikle son y\u0131llarda kat\u0131l\u0131m\u0131n yar\u0131s\u0131na yak\u0131n\u0131 yabanc\u0131 olan La Tomatina, Turizm Bakanl\u0131\u011f\u0131 taraf\u0131ndan 2002 y\u0131l\u0131nda \u0130spanya\u2019n\u0131n \u201culuslararas\u0131 turistik de\u011feri\u201d ilan edilmi\u015fti. (AA)<\/p>\n","protected":false},"excerpt":{"rendered":"<p>\u0130spanya\u2019n\u0131n do\u011fusundaki Valensiya kentine ba\u011fl\u0131 olan Bunol kasabas\u0131nda 1945 y\u0131l\u0131ndan bu yana her a\u011fustos ay\u0131n\u0131n son \u00e7ar\u015fambas\u0131 d\u00fczenlenen &#8220;La Tomatina&#8221; festivalinde yakla\u015f\u0131k 15 bin ki\u015fi, da\u011f\u0131t\u0131lan 120 ton domatesi birbirine att\u0131.<\/p>\n","protected":false},"author":1,"featured_media":121244,"comment_status":"closed","ping_status":"open","sticky":false,"template":"","format":"standard","meta":{"footnotes":""},"categories":[33],"tags":[2561,231],"class_list":["post-121243","post","type-post","status-publish","format-standard","has-post-thumbnail","hentry","category-yasam","tag-domates","tag-festival"],"_links":{"self":[{"href":"https:\/\/haberulus.net\/index.php?rest_route=\/wp\/v2\/posts\/121243","targetHints":{"allow":["GET"]}}],"collection":[{"href":"https:\/\/haberulus.net\/index.php?rest_route=\/wp\/v2\/posts"}],"about":[{"href":"https:\/\/haberulus.net\/index.php?rest_route=\/wp\/v2\/types\/post"}],"author":[{"embeddable":true,"href":"https:\/\/haberulus.net\/index.php?rest_route=\/wp\/v2\/users\/1"}],"replies":[{"embeddable":true,"href":"https:\/\/haberulus.net\/index.php?rest_route=%2Fwp%2Fv2%2Fcomments&post=121243"}],"version-history":[{"count":1,"href":"https:\/\/haberulus.net\/index.php?rest_route=\/wp\/v2\/posts\/121243\/revisions"}],"predecessor-version":[{"id":121245,"href":"https:\/\/haberulus.net\/index.php?rest_route=\/wp\/v2\/posts\/121243\/revisions\/121245"}],"wp:featuredmedia":[{"embeddable":true,"href":"https:\/\/haberulus.net\/index.php?rest_route=\/wp\/v2\/media\/121244"}],"wp:attachment":[{"href":"https:\/\/haberulus.net\/index.php?rest_route=%2Fwp%2Fv2%2Fmedia&parent=121243"}],"wp:term":[{"taxonomy":"category","embeddable":true,"href":"https:\/\/haberulus.net\/index.php?rest_route=%2Fwp%2Fv2%2Fcategories&post=121243"},{"taxonomy":"post_tag","embeddable":true,"href":"https:\/\/haberulus.net\/index.php?rest_route=%2Fwp%2Fv2%2Ftags&post=121243"}],"curies":[{"name":"wp","href":"https:\/\/api.w.org\/{rel}","templated":true}]}}