{"id":121270,"date":"2023-08-30T14:05:05","date_gmt":"2023-08-30T14:05:05","guid":{"rendered":"https:\/\/haberulus.net\/?p=121270"},"modified":"2023-08-30T14:05:05","modified_gmt":"2023-08-30T14:05:05","slug":"joseph-oosting-fenerbahce-ile-basa-cikacagimizi-dusunuyorum","status":"publish","type":"post","link":"https:\/\/haberulus.net\/?p=121270","title":{"rendered":"Joseph Oosting: Fenerbah\u00e7e ile ba\u015fa \u00e7\u0131kaca\u011f\u0131m\u0131z\u0131 d\u00fc\u015f\u00fcn\u00fcyorum"},"content":{"rendered":"<p>UEFA Avrupa Konferans Ligi play-off turunda 5-1 kaybetti\u011fi ilk ma\u00e7\u0131n r\u00f6van\u015f\u0131nda yar\u0131n Fenerbah\u00e7e\u2019yi konuk edecek Twente\u2019de teknik direkt\u00f6r Joseph Oosting, \u201cTak\u0131m\u0131m\u0131za inanc\u0131m\u0131z tam, 11 ki\u015fi oynayaca\u011f\u0131z ve Fenerbah\u00e7e ile ba\u015fa \u00e7\u0131kaca\u011f\u0131m\u0131z\u0131 d\u00fc\u015f\u00fcn\u00fcyorum.\u201d dedi.<\/p>\n<p>Hollanda ekibinin \u00e7al\u0131\u015ft\u0131r\u0131c\u0131s\u0131 Oosting, futbolcusu Daan Rots ile ma\u00e7\u0131n oynanaca\u011f\u0131 De Grolsch Veste Stad\u0131\u2019nda bas\u0131n toplant\u0131s\u0131 d\u00fczenledi.<\/p>\n<p>Oosting, Fenerbah\u00e7e\u2019nin iyi bir kadrosu oldu\u011funu ve ilk ma\u00e7taki farkl\u0131 skora ra\u011fmen yar\u0131n iyi bir m\u00fccadele vermek istediklerini s\u00f6yledi.<\/p>\n<p>\u0130lk ma\u00e7\u0131 5-1 kaybetmenin kendileri i\u00e7in onur meselesi oldu\u011funu belirten Oosting, \u201cGe\u00e7en ma\u00e7\u0131n ilk yar\u0131s\u0131na nas\u0131l ba\u015flad\u0131ysak, o \u015fekilde ba\u015flamak istiyoruz. Bu hafta antrenmanlarda \u00e7ok iyi oldu\u011fumuzu g\u00f6rd\u00fcm. 5-1 \u00e7ok ac\u0131 verici bir durumdu ama yine iyi bir \u015fekilde devam etmek istiyoruz.\u201d \u015feklinde konu\u015ftu.<\/p>\n<p>Kar\u015f\u0131la\u015fmaya iyi haz\u0131rland\u0131klar\u0131n\u0131 ve geride kalan y\u0131llarda yapt\u0131klar\u0131 gibi bu ma\u00e7ta da iyi bir geri d\u00f6n\u00fc\u015f yapabileceklerini aktaran Oosting, \u201cTak\u0131m\u0131m\u0131za inanc\u0131m\u0131z tam, 11 ki\u015fi oynayaca\u011f\u0131z ve Fenerbah\u00e7e ile ba\u015fa \u00e7\u0131kaca\u011f\u0131m\u0131z\u0131 d\u00fc\u015f\u00fcn\u00fcyorum.\u201d ifadelerini kulland\u0131. (AA)<\/p>\n","protected":false},"excerpt":{"rendered":"<p>Twente Teknik Direkt\u00f6r\u00fc Joseph Oosting, Fenerbah\u00e7e ile oynayacaklar\u0131 UEFA Avrupa Konferans Ligi r\u00f6van\u015f ma\u00e7\u0131 \u00f6ncesi konu\u015ftu.<\/p>\n","protected":false},"author":1,"featured_media":121271,"comment_status":"closed","ping_status":"open","sticky":false,"template":"","format":"standard","meta":{"footnotes":""},"categories":[31],"tags":[13892],"class_list":["post-121270","post","type-post","status-publish","format-standard","has-post-thumbnail","hentry","category-spor","tag-oosting"],"_links":{"self":[{"href":"https:\/\/haberulus.net\/index.php?rest_route=\/wp\/v2\/posts\/121270","targetHints":{"allow":["GET"]}}],"collection":[{"href":"https:\/\/haberulus.net\/index.php?rest_route=\/wp\/v2\/posts"}],"about":[{"href":"https:\/\/haberulus.net\/index.php?rest_route=\/wp\/v2\/types\/post"}],"author":[{"embeddable":true,"href":"https:\/\/haberulus.net\/index.php?rest_route=\/wp\/v2\/users\/1"}],"replies":[{"embeddable":true,"href":"https:\/\/haberulus.net\/index.php?rest_route=%2Fwp%2Fv2%2Fcomments&post=121270"}],"version-history":[{"count":1,"href":"https:\/\/haberulus.net\/index.php?rest_route=\/wp\/v2\/posts\/121270\/revisions"}],"predecessor-version":[{"id":121272,"href":"https:\/\/haberulus.net\/index.php?rest_route=\/wp\/v2\/posts\/121270\/revisions\/121272"}],"wp:featuredmedia":[{"embeddable":true,"href":"https:\/\/haberulus.net\/index.php?rest_route=\/wp\/v2\/media\/121271"}],"wp:attachment":[{"href":"https:\/\/haberulus.net\/index.php?rest_route=%2Fwp%2Fv2%2Fmedia&parent=121270"}],"wp:term":[{"taxonomy":"category","embeddable":true,"href":"https:\/\/haberulus.net\/index.php?rest_route=%2Fwp%2Fv2%2Fcategories&post=121270"},{"taxonomy":"post_tag","embeddable":true,"href":"https:\/\/haberulus.net\/index.php?rest_route=%2Fwp%2Fv2%2Ftags&post=121270"}],"curies":[{"name":"wp","href":"https:\/\/api.w.org\/{rel}","templated":true}]}}