{"id":121276,"date":"2023-08-30T14:21:03","date_gmt":"2023-08-30T14:21:03","guid":{"rendered":"https:\/\/haberulus.net\/?p=121276"},"modified":"2023-08-30T14:21:03","modified_gmt":"2023-08-30T14:21:03","slug":"abd-ekonomisi-ikinci-ceyrekte-beklentilerin-altinda-buyudu","status":"publish","type":"post","link":"https:\/\/haberulus.net\/?p=121276","title":{"rendered":"ABD ekonomisi ikinci \u00e7eyrekte beklentilerin alt\u0131nda b\u00fcy\u00fcd\u00fc"},"content":{"rendered":"<p>ABD Ticaret Bakanl\u0131\u011f\u0131, nisan-haziran d\u00f6nemine ait Gayri Safi Yurti\u00e7i Has\u0131la (GSYH) verisine ili\u015fkin ikinci tahminleri a\u00e7\u0131klad\u0131.<\/p>\n<p>Buna g\u00f6re, ABD\u2019de GSYH, bu y\u0131l\u0131n ikinci \u00e7eyre\u011finde y\u0131ll\u0131kland\u0131r\u0131lm\u0131\u015f olarak y\u00fczde 2,1 artt\u0131.<\/p>\n<p>S\u00f6z konusu d\u00f6nemde b\u00fcy\u00fcme verisinde a\u015fa\u011f\u0131 y\u00f6nl\u00fc revizyona gidilirken, piyasa beklentisi ekonominin ikinci \u00e7eyrekte y\u00fczde 2,4 b\u00fcy\u00fcd\u00fc\u011f\u00fc y\u00f6n\u00fcndeydi.<\/p>\n<p>\u00dclkenin GSYH verisine ili\u015fkin temmuz ay\u0131nda yay\u0131mlanan \u00f6nc\u00fc verilerde, ekonominin y\u0131l\u0131n ikinci \u00e7eyre\u011finde y\u00fczde 2,4 b\u00fcy\u00fcd\u00fc\u011f\u00fc kaydedilmi\u015fti.<\/p>\n<p><b>\u0130LK \u00c7EYREKTE B\u00dcY\u00dcM\u00dc\u015eT\u00dc<\/b><\/p>\n<p>\u00dclke ekonomisi, 2023\u2019\u00fcn ilk \u00e7eyre\u011finde y\u00fczde 2 b\u00fcy\u00fcme performans\u0131 g\u00f6stermi\u015fti. A<\/p>\n<p>BD ekonomisinin y\u0131l\u0131n ikinci \u00e7eyre\u011findeki b\u00fcy\u00fcmesinde, t\u00fcketici harcamalar\u0131, konut d\u0131\u015f\u0131 sabit yat\u0131r\u0131mlar, eyalet ve yerel h\u00fck\u00fcmet harcamalar\u0131 ve federal h\u00fck\u00fcmet harcamalar\u0131ndaki y\u00fckseli\u015f ile ithalattaki d\u00fc\u015f\u00fc\u015f etkili oldu.<\/p>\n<p>\u0130hracat, konut sabit yat\u0131r\u0131mlar\u0131 ve \u00f6zel stok yat\u0131r\u0131mlar\u0131nda ise azal\u0131\u015f kaydedildi.<\/p>\n<p>\u0130kinci \u00e7eyre\u011fe ait GSYH\u2019deki revizyonda, \u00f6zel stok yat\u0131r\u0131m\u0131 ve konut d\u0131\u015f\u0131 sabit yat\u0131r\u0131mlardaki a\u015fa\u011f\u0131 y\u00f6nl\u00fc revizyon belirleyici oldu.<\/p>\n<p>Y\u0131l\u0131n ikinci \u00e7eyre\u011finde ki\u015fisel t\u00fcketim harcamalar\u0131 fiyat endeksindeki art\u0131\u015f y\u00fczde 2,5 olarak kaydedildi. Beklentilerin alt\u0131nda artan verinin bu d\u00f6nemde 2,6 y\u00fckselmesi bekleniyordu. Ki\u015fisel t\u00fcketim harcamalar\u0131 fiyat endeksi, y\u0131l\u0131n ilk \u00e7eyre\u011finde y\u00fczde 4,1 artm\u0131\u015ft\u0131.<\/p>\n<p>G\u0131da ve enerji harcamalar\u0131n\u0131n hesaplama d\u0131\u015f\u0131 tutuldu\u011fu \u00e7ekirdek ki\u015fisel t\u00fcketim harcamalar\u0131 fiyat endeksindeki art\u0131\u015f da y\u00fczde 3,8\u2019den y\u00fczde 3,7\u2019ye revize edildi. Piyasa beklentileri, \u00e7ekirdek ki\u015fisel t\u00fcketim harcamalar\u0131 fiyat endeksinin bu d\u00f6nemde y\u00fczde 3,8 artmas\u0131 y\u00f6n\u00fcndeydi. \u00c7ekirdek ki\u015fisel t\u00fcketim harcamalar\u0131 fiyat endeksi, y\u0131l\u0131n ilk \u00e7eyre\u011finde y\u00fczde 4,9 art\u0131\u015f kaydetmi\u015fti. (AA)<\/p>\n","protected":false},"excerpt":{"rendered":"<p>ABD ekonomisi, bu y\u0131l\u0131n ikinci \u00e7eyre\u011finde y\u00fczde 2,1 ile beklentilerin alt\u0131nda b\u00fcy\u00fcd\u00fc.<\/p>\n","protected":false},"author":1,"featured_media":121277,"comment_status":"closed","ping_status":"open","sticky":false,"template":"","format":"standard","meta":{"footnotes":""},"categories":[25],"tags":[6525,273,1114],"class_list":["post-121276","post","type-post","status-publish","format-standard","has-post-thumbnail","hentry","category-ekonomi","tag-ceyreginde","tag-ikinci","tag-yuzde-2"],"_links":{"self":[{"href":"https:\/\/haberulus.net\/index.php?rest_route=\/wp\/v2\/posts\/121276","targetHints":{"allow":["GET"]}}],"collection":[{"href":"https:\/\/haberulus.net\/index.php?rest_route=\/wp\/v2\/posts"}],"about":[{"href":"https:\/\/haberulus.net\/index.php?rest_route=\/wp\/v2\/types\/post"}],"author":[{"embeddable":true,"href":"https:\/\/haberulus.net\/index.php?rest_route=\/wp\/v2\/users\/1"}],"replies":[{"embeddable":true,"href":"https:\/\/haberulus.net\/index.php?rest_route=%2Fwp%2Fv2%2Fcomments&post=121276"}],"version-history":[{"count":1,"href":"https:\/\/haberulus.net\/index.php?rest_route=\/wp\/v2\/posts\/121276\/revisions"}],"predecessor-version":[{"id":121278,"href":"https:\/\/haberulus.net\/index.php?rest_route=\/wp\/v2\/posts\/121276\/revisions\/121278"}],"wp:featuredmedia":[{"embeddable":true,"href":"https:\/\/haberulus.net\/index.php?rest_route=\/wp\/v2\/media\/121277"}],"wp:attachment":[{"href":"https:\/\/haberulus.net\/index.php?rest_route=%2Fwp%2Fv2%2Fmedia&parent=121276"}],"wp:term":[{"taxonomy":"category","embeddable":true,"href":"https:\/\/haberulus.net\/index.php?rest_route=%2Fwp%2Fv2%2Fcategories&post=121276"},{"taxonomy":"post_tag","embeddable":true,"href":"https:\/\/haberulus.net\/index.php?rest_route=%2Fwp%2Fv2%2Ftags&post=121276"}],"curies":[{"name":"wp","href":"https:\/\/api.w.org\/{rel}","templated":true}]}}