{"id":121279,"date":"2023-08-30T14:21:04","date_gmt":"2023-08-30T14:21:04","guid":{"rendered":"https:\/\/haberulus.net\/?p=121279"},"modified":"2023-08-30T14:21:04","modified_gmt":"2023-08-30T14:21:04","slug":"abdde-ozel-sektor-istihdami-agustosta-beklentilerin-altinda-kaldi","status":"publish","type":"post","link":"https:\/\/haberulus.net\/?p=121279","title":{"rendered":"ABD\u2019de \u00f6zel sekt\u00f6r istihdam\u0131 a\u011fustosta beklentilerin alt\u0131nda kald\u0131"},"content":{"rendered":"<p>ABD\u2019de ADP Ara\u015ft\u0131rma Enstit\u00fcs\u00fc\u2019n\u00fcn Stanford Digital Economy Lab i\u015f birli\u011fiyle haz\u0131rlad\u0131\u011f\u0131 a\u011fustos ay\u0131na ili\u015fkin ulusal istihdam raporu yay\u0131mland\u0131. Buna g\u00f6re, ABD\u2019de \u00f6zel sekt\u00f6r istihdam\u0131 a\u011fustosta 177 bin ki\u015fi artt\u0131. Piyasa beklentilerinin alt\u0131nda ger\u00e7ekle\u015fen \u00f6zel sekt\u00f6r istihdam\u0131n\u0131n, bu d\u00f6nemde 195 bin artmas\u0131 \u00f6ng\u00f6r\u00fcl\u00fcyordu.<\/p>\n<p>Temmuz ay\u0131na ili\u015fkin \u00f6zel sekt\u00f6r istihdam\u0131 verisi ise 324 binden 371 bine revize edildi. \u0130stihdam say\u0131s\u0131 k\u00fc\u00e7\u00fck \u00f6l\u00e7ekli i\u015fletmelerde 18 bin ki\u015fi, orta \u00f6l\u00e7ekli i\u015fletmelerde 79 bin ki\u015fi ve b\u00fcy\u00fck \u00f6l\u00e7ekli i\u015fletmelerde 83 bin ki\u015fi artt\u0131.<\/p>\n<p>S\u00f6z konusu d\u00f6nemde istihdam art\u0131\u015f\u0131n\u0131n 154 bini hizmet, 23 bini ise \u00fcretim sekt\u00f6r\u00fcnde ger\u00e7ekle\u015fti.<\/p>\n<p><b>\u00dcCRET ARTI\u015eLARINDA YAVA\u015eLAMA S\u00dcR\u00dcYOR<\/b><\/p>\n<p>ABD\u2019de 25 milyondan fazla \u00e7al\u0131\u015fan\u0131n bordro bilgileri kullan\u0131larak hesaplanan ADP \u00f6zel istihdam verisine g\u00f6re, a\u011fustosta y\u0131ll\u0131k \u00fccret y\u00fczde 5,9 artt\u0131. Ekim 2021\u2019den bu yana en yava\u015f h\u0131z\u0131nda kaydedilen \u00fccret art\u0131\u015f\u0131, temmuzda y\u00fczde 6,2 olarak kaydedilmi\u015fti.<\/p>\n<p>ADP Ara\u015ft\u0131rma Enstit\u00fcs\u00fc Ba\u015fekonomisti Nela Richardson, rapora ili\u015fkin de\u011ferlendirmesinde, a\u011fustos ay\u0131na ili\u015fkin verilerin pandemi \u00f6ncesindeki istihdam yaratma h\u0131z\u0131yla uyumlu oldu\u011funu belirtti.<\/p>\n<p>Richardson, \u201cToparlanmaya ba\u011fl\u0131 iki y\u0131ll\u0131k ola\u011fan\u00fcst\u00fc kazan\u0131mlar\u0131n ard\u0131ndan, salg\u0131n\u0131n ekonomik etkileri azald\u0131k\u00e7a \u00fccret ve istihdamda daha s\u00fcrd\u00fcr\u00fclebilir bir b\u00fcy\u00fcmeye do\u011fru ilerliyoruz\u201d ifadelerini kulland\u0131. (AA)<\/p>\n","protected":false},"excerpt":{"rendered":"<p>ABD&#8217;de \u00f6zel sekt\u00f6r istihdam\u0131, a\u011fustosta 177 bin ki\u015fiyle piyasa beklentilerinin alt\u0131nda art\u0131\u015f kaydetti.<\/p>\n","protected":false},"author":1,"featured_media":121280,"comment_status":"closed","ping_status":"open","sticky":false,"template":"","format":"standard","meta":{"footnotes":""},"categories":[25],"tags":[2259],"class_list":["post-121279","post","type-post","status-publish","format-standard","has-post-thumbnail","hentry","category-ekonomi","tag-istihdam"],"_links":{"self":[{"href":"https:\/\/haberulus.net\/index.php?rest_route=\/wp\/v2\/posts\/121279","targetHints":{"allow":["GET"]}}],"collection":[{"href":"https:\/\/haberulus.net\/index.php?rest_route=\/wp\/v2\/posts"}],"about":[{"href":"https:\/\/haberulus.net\/index.php?rest_route=\/wp\/v2\/types\/post"}],"author":[{"embeddable":true,"href":"https:\/\/haberulus.net\/index.php?rest_route=\/wp\/v2\/users\/1"}],"replies":[{"embeddable":true,"href":"https:\/\/haberulus.net\/index.php?rest_route=%2Fwp%2Fv2%2Fcomments&post=121279"}],"version-history":[{"count":1,"href":"https:\/\/haberulus.net\/index.php?rest_route=\/wp\/v2\/posts\/121279\/revisions"}],"predecessor-version":[{"id":121281,"href":"https:\/\/haberulus.net\/index.php?rest_route=\/wp\/v2\/posts\/121279\/revisions\/121281"}],"wp:featuredmedia":[{"embeddable":true,"href":"https:\/\/haberulus.net\/index.php?rest_route=\/wp\/v2\/media\/121280"}],"wp:attachment":[{"href":"https:\/\/haberulus.net\/index.php?rest_route=%2Fwp%2Fv2%2Fmedia&parent=121279"}],"wp:term":[{"taxonomy":"category","embeddable":true,"href":"https:\/\/haberulus.net\/index.php?rest_route=%2Fwp%2Fv2%2Fcategories&post=121279"},{"taxonomy":"post_tag","embeddable":true,"href":"https:\/\/haberulus.net\/index.php?rest_route=%2Fwp%2Fv2%2Ftags&post=121279"}],"curies":[{"name":"wp","href":"https:\/\/api.w.org\/{rel}","templated":true}]}}